{"id":1052,"date":"2024-11-20T23:01:41","date_gmt":"2024-11-20T22:01:41","guid":{"rendered":"https:\/\/gazeta-lipjani.info\/?p=1052"},"modified":"2024-11-20T23:01:42","modified_gmt":"2024-11-20T22:01:42","slug":"moti-i-merkures-nga-reshjet-e-shiu-ne-bore-dhe-ere-te-forte","status":"publish","type":"post","link":"https:\/\/gazeta-lipjani.info\/index.php\/2024\/11\/20\/moti-i-merkures-nga-reshjet-e-shiu-ne-bore-dhe-ere-te-forte\/","title":{"rendered":"Moti i M\u00ebrkur\u00ebs: Nga Reshjet e Shiu n\u00eb Bor\u00eb dhe Er\u00eb t\u00eb Fort\u00eb"},"content":{"rendered":"\n<p>Moti p\u00ebr t\u00eb m\u00ebrkur\u00ebn do t\u00eb sjell\u00eb ndryshime t\u00eb dukshme atmosferike. Gjat\u00eb or\u00ebve t\u00eb para t\u00eb dit\u00ebs, parashikohen reshje lokale shiu, t\u00eb cilat n\u00eb disa zona mund t\u00eb shoq\u00ebrohen me rrebeshe t\u00eb forta. Dita do t\u00eb vazhdoj\u00eb me diell dhe vran\u00ebsira, por vran\u00ebsirat m\u00eb t\u00eb shumta do t\u00eb mbesin mbi Rrafshin e Dukagjinit, ku mund t\u00eb ket\u00eb edhe reshje t\u00eb izoluara shiu, kryesisht n\u00eb pjes\u00ebn jugper\u00ebndimore dhe per\u00ebndimore t\u00eb vendit.<\/p>\n\n\n\n<p>N\u00eb or\u00ebt e pasdites, reshjet pritet t\u00eb intensifikohen dhe t\u00eb p\u00ebrhapen m\u00eb shum\u00eb, sidomos n\u00eb mbr\u00ebmje, kur reshjet mund t\u00eb p\u00ebrfshijn\u00eb t\u00eb gjith\u00eb territorin e Kosov\u00ebs. Ato do t\u00eb jen\u00eb t\u00eb shoq\u00ebruara me rrebeshe t\u00eb shiut, t\u00eb cilat mund t\u00eb shoq\u00ebrohen edhe me vet\u00ebtima dhe bubullima. Pas mbr\u00ebmjes, me kalimin e nj\u00eb fronti t\u00eb ftoht\u00eb, reshjet e shiut do t\u00eb shnd\u00ebrrohen n\u00eb bor\u00eb. Zonat e para q\u00eb do t\u00eb ndihen nga reshjet e bor\u00ebs do t\u00eb jen\u00eb ato t\u00eb veriut dhe verilindjes. Pas mesnate, reshjet do t\u00eb p\u00ebrfshijn\u00eb nj\u00eb pjes\u00eb m\u00eb t\u00eb madhe t\u00eb vendit, dhe pritet t\u00eb nd\u00ebrpriten n\u00eb m\u00ebngjesin e s\u00eb enjtes. Bora mund t\u00eb krijoj\u00eb shtresa t\u00eb dendura, sidomos n\u00eb verilindje.<\/p>\n\n\n\n<p>Era do t\u00eb jet\u00eb e fuqishme gjat\u00eb mbr\u00ebmjes, duke f\u00ebrguar nga jugu dhe jugper\u00ebndimi me shpejt\u00ebsi deri n\u00eb 80 km\/h. Er\u00ebrat m\u00eb t\u00eb forta parashikohen n\u00eb zonat jugper\u00ebndimore dhe ato malore, nd\u00ebrsa kalimi i frontit t\u00eb ftoht\u00eb mund t\u00eb sjell\u00eb er\u00eb t\u00eb fort\u00eb edhe n\u00eb pjes\u00eb t\u00eb tjera t\u00eb Kosov\u00ebs.<\/p>\n\n\n\n<p>Temperaturat do t\u00eb variojn\u00eb nga 2 deri n\u00eb 7\u00b0C gjat\u00eb nat\u00ebs, nd\u00ebrsa dit\u00ebn, ato pritet t\u00eb arrijn\u00eb n\u00eb 12 deri 16\u00b0C. T\u00eb gjith\u00eb ata q\u00eb planifikojn\u00eb t\u00eb dalin jasht\u00eb gjat\u00eb pasdites dhe mbr\u00ebmjes duhet t\u00eb jen\u00eb t\u00eb p\u00ebrgatitur p\u00ebr mot t\u00eb paq\u00ebndruesh\u00ebm dhe reshje q\u00eb mund t\u00eb p\u00ebrfshijn\u00eb shiu dhe bor\u00eb.<\/p>\n","protected":false},"excerpt":{"rendered":"<p>Moti p\u00ebr t\u00eb m\u00ebrkur\u00ebn do t\u00eb sjell\u00eb ndryshime t\u00eb dukshme atmosferike. Gjat\u00eb or\u00ebve t\u00eb para t\u00eb dit\u00ebs, parashikohen reshje lokale shiu, t\u00eb cilat n\u00eb disa zona mund t\u00eb shoq\u00ebrohen me rrebeshe t\u00eb forta. Dita do t\u00eb vazhdoj\u00eb me diell dhe vran\u00ebsira, por vran\u00ebsirat m\u00eb t\u00eb shumta do t\u00eb mbesin mbi Rrafshin e Dukagjinit, ku mund [&hellip;]<\/p>\n","protected":false},"author":2,"featured_media":1053,"comment_status":"open","ping_status":"open","sticky":false,"template":"","format":"standard","meta":{"footnotes":""},"categories":[12],"tags":[],"class_list":{"0":"post-1052","1":"post","2":"type-post","3":"status-publish","4":"format-standard","5":"has-post-thumbnail","7":"category-kosova"},"aioseo_notices":[],"_links":{"self":[{"href":"https:\/\/gazeta-lipjani.info\/index.php\/wp-json\/wp\/v2\/posts\/1052","targetHints":{"allow":["GET"]}}],"collection":[{"href":"https:\/\/gazeta-lipjani.info\/index.php\/wp-json\/wp\/v2\/posts"}],"about":[{"href":"https:\/\/gazeta-lipjani.info\/index.php\/wp-json\/wp\/v2\/types\/post"}],"author":[{"embeddable":true,"href":"https:\/\/gazeta-lipjani.info\/index.php\/wp-json\/wp\/v2\/users\/2"}],"replies":[{"embeddable":true,"href":"https:\/\/gazeta-lipjani.info\/index.php\/wp-json\/wp\/v2\/comments?post=1052"}],"version-history":[{"count":1,"href":"https:\/\/gazeta-lipjani.info\/index.php\/wp-json\/wp\/v2\/posts\/1052\/revisions"}],"predecessor-version":[{"id":1054,"href":"https:\/\/gazeta-lipjani.info\/index.php\/wp-json\/wp\/v2\/posts\/1052\/revisions\/1054"}],"wp:featuredmedia":[{"embeddable":true,"href":"https:\/\/gazeta-lipjani.info\/index.php\/wp-json\/wp\/v2\/media\/1053"}],"wp:attachment":[{"href":"https:\/\/gazeta-lipjani.info\/index.php\/wp-json\/wp\/v2\/media?parent=1052"}],"wp:term":[{"taxonomy":"category","embeddable":true,"href":"https:\/\/gazeta-lipjani.info\/index.php\/wp-json\/wp\/v2\/categories?post=1052"},{"taxonomy":"post_tag","embeddable":true,"href":"https:\/\/gazeta-lipjani.info\/index.php\/wp-json\/wp\/v2\/tags?post=1052"}],"curies":[{"name":"wp","href":"https:\/\/api.w.org\/{rel}","templated":true}]}}