{"id":1085,"date":"2024-12-20T18:41:56","date_gmt":"2024-12-20T17:41:56","guid":{"rendered":"https:\/\/gazeta-lipjani.info\/?p=1085"},"modified":"2024-12-20T18:47:57","modified_gmt":"2024-12-20T17:47:57","slug":"perleshje-ne-lipjan-kater-te-mitur-te-lenduar-dy-prej-tyre-te-goditur-me-thi","status":"publish","type":"post","link":"https:\/\/gazeta-lipjani.info\/index.php\/2024\/12\/20\/perleshje-ne-lipjan-kater-te-mitur-te-lenduar-dy-prej-tyre-te-goditur-me-thi\/","title":{"rendered":"P\u00ebrleshje n\u00eb Lipjan: Kat\u00ebr t\u00eb mitur t\u00eb l\u00ebnduar, dy prej tyre t\u00eb goditur me thik\u00eb"},"content":{"rendered":"\n<p><\/p>\n\n\n\n<p><strong>Nj\u00eb p\u00ebrleshje e r\u00ebnd\u00eb ka ndodhur sot rreth or\u00ebs 18:00 n\u00eb af\u00ebrsi t\u00eb Sht\u00ebpis\u00eb s\u00eb Kultur\u00ebs n\u00eb Lipjan, ku kat\u00ebr persona t\u00eb mitur kan\u00eb marr\u00eb l\u00ebndime trupore. Dy prej tyre dyshohet se jan\u00eb goditur me nj\u00eb mjet t\u00eb mpreht\u00eb, sipas informacioneve t\u00eb siguruara nga policia.<\/strong><\/p>\n\n\n\n<p><strong>Z\u00ebdh\u00ebn\u00ebsja e policis\u00eb p\u00ebr rajonin e Prishtin\u00ebs, Flora Ahmeti, ka konfirmuar p\u00ebr Klankosova.tv se t\u00eb l\u00ebnduarit jan\u00eb d\u00ebrguar p\u00ebr trajtim mjek\u00ebsor.<\/strong><\/p>\n\n\n\n<p><strong>\u201cPolicia ka nisur nj\u00eb hetim lidhur me rrethanat e k\u00ebtij rasti,\u201d tha Ahmeti, duke shtuar se detaje t\u00eb tjera do t\u00eb b\u00ebhen t\u00eb ditura pas p\u00ebrfundimit t\u00eb hetimeve.<\/strong><\/p>\n\n\n\n<p><strong>Ende nuk jan\u00eb b\u00ebr\u00eb t\u00eb qarta motivet q\u00eb \u00e7uan n\u00eb p\u00ebrleshje, por incidenti ka ngritur shqet\u00ebsime p\u00ebr sigurin\u00eb e t\u00eb miturve n\u00eb k\u00ebt\u00eb zon\u00eb. Policia po vazhdon t\u00eb punoj\u00eb p\u00ebr zbardhjen e ngjarjes dhe identifikimin e plot\u00eb t\u00eb t\u00eb p\u00ebrfshir\u00ebve.<\/strong><\/p>\n\n\n\n<p><strong>Rasti ka tronditur komunitetin lokal, nd\u00ebrsa autoritetet u b\u00ebjn\u00eb thirrje prind\u00ebrve dhe qytetar\u00ebve p\u00ebr kujdes t\u00eb shtuar dhe bashk\u00ebpunim n\u00eb parandalimin e ngjarjeve t\u00eb ngjashme.<\/strong><\/p>\n","protected":false},"excerpt":{"rendered":"<p>Nj\u00eb p\u00ebrleshje e r\u00ebnd\u00eb ka ndodhur sot rreth or\u00ebs 18:00 n\u00eb af\u00ebrsi t\u00eb Sht\u00ebpis\u00eb s\u00eb Kultur\u00ebs n\u00eb Lipjan, ku kat\u00ebr persona t\u00eb mitur kan\u00eb marr\u00eb l\u00ebndime trupore. Dy prej tyre dyshohet se jan\u00eb goditur me nj\u00eb mjet t\u00eb mpreht\u00eb, sipas informacioneve t\u00eb siguruara nga policia. Z\u00ebdh\u00ebn\u00ebsja e policis\u00eb p\u00ebr rajonin e Prishtin\u00ebs, Flora Ahmeti, ka [&hellip;]<\/p>\n","protected":false},"author":2,"featured_media":1088,"comment_status":"open","ping_status":"open","sticky":false,"template":"","format":"standard","meta":{"footnotes":""},"categories":[30],"tags":[],"class_list":{"0":"post-1085","1":"post","2":"type-post","3":"status-publish","4":"format-standard","5":"has-post-thumbnail","7":"category-lipjani"},"aioseo_notices":[],"_links":{"self":[{"href":"https:\/\/gazeta-lipjani.info\/index.php\/wp-json\/wp\/v2\/posts\/1085","targetHints":{"allow":["GET"]}}],"collection":[{"href":"https:\/\/gazeta-lipjani.info\/index.php\/wp-json\/wp\/v2\/posts"}],"about":[{"href":"https:\/\/gazeta-lipjani.info\/index.php\/wp-json\/wp\/v2\/types\/post"}],"author":[{"embeddable":true,"href":"https:\/\/gazeta-lipjani.info\/index.php\/wp-json\/wp\/v2\/users\/2"}],"replies":[{"embeddable":true,"href":"https:\/\/gazeta-lipjani.info\/index.php\/wp-json\/wp\/v2\/comments?post=1085"}],"version-history":[{"count":1,"href":"https:\/\/gazeta-lipjani.info\/index.php\/wp-json\/wp\/v2\/posts\/1085\/revisions"}],"predecessor-version":[{"id":1087,"href":"https:\/\/gazeta-lipjani.info\/index.php\/wp-json\/wp\/v2\/posts\/1085\/revisions\/1087"}],"wp:featuredmedia":[{"embeddable":true,"href":"https:\/\/gazeta-lipjani.info\/index.php\/wp-json\/wp\/v2\/media\/1088"}],"wp:attachment":[{"href":"https:\/\/gazeta-lipjani.info\/index.php\/wp-json\/wp\/v2\/media?parent=1085"}],"wp:term":[{"taxonomy":"category","embeddable":true,"href":"https:\/\/gazeta-lipjani.info\/index.php\/wp-json\/wp\/v2\/categories?post=1085"},{"taxonomy":"post_tag","embeddable":true,"href":"https:\/\/gazeta-lipjani.info\/index.php\/wp-json\/wp\/v2\/tags?post=1085"}],"curies":[{"name":"wp","href":"https:\/\/api.w.org\/{rel}","templated":true}]}}