{"id":1096,"date":"2024-12-26T21:29:55","date_gmt":"2024-12-26T20:29:55","guid":{"rendered":"https:\/\/gazeta-lipjani.info\/?p=1096"},"modified":"2024-12-26T21:29:56","modified_gmt":"2024-12-26T20:29:56","slug":"inaugurimi-i-nenkalimit-dhe-parkingut-nentokesor-ne-lipjan","status":"publish","type":"post","link":"https:\/\/gazeta-lipjani.info\/index.php\/2024\/12\/26\/inaugurimi-i-nenkalimit-dhe-parkingut-nentokesor-ne-lipjan\/","title":{"rendered":"Inaugurimi i N\u00ebnkalimit dhe Parkingut N\u00ebntok\u00ebsor n\u00eb Lipjan"},"content":{"rendered":"\n<p><strong>Inaugurimi i N\u00ebnkalimit dhe Parkingut N\u00ebntok\u00ebsor n\u00eb Lipjan<\/strong><\/p>\n\n\n\n<p><strong>Lipjan, 26 Dhjetor 2024<\/strong> &#8211; Komuna e Lipjanit ka sh\u00ebnuar sot nj\u00eb moment historik me inaugurimin e n\u00ebnkalimit dhe parkingut n\u00ebntok\u00ebsor, nj\u00eb investim madhor q\u00eb synon t\u00eb leht\u00ebsoj\u00eb qarkullimin e trafikut dhe t\u00eb ofroj\u00eb hap\u00ebsira t\u00eb reja p\u00ebr parkim. Projekti, plot\u00ebsisht i financuar nga buxheti i Komun\u00ebs s\u00eb Lipjanit, p\u00ebrfshin nj\u00eb n\u00ebnkalim dhe nj\u00eb parking n\u00ebntok\u00ebsor me kapacitet prej 215 vendparkimesh.<\/p>\n\n\n\n<p>Ky projekt madhor, i cili ka kushtuar rreth 6,100,000 euro, p\u00ebrfshin nd\u00ebrtimin e n\u00ebnkalimit, parkingut, si dhe nd\u00ebrtimin e nj\u00eb sheshi dhe parku qendror mbi parkingun. Projekti pritet t\u00eb p\u00ebrfundoj\u00eb s\u00eb shpejti me instalimin e kamerave t\u00eb siguris\u00eb, sistemit t\u00eb ventilimit, ashensor\u00ebve dhe portave hyr\u00ebse-dal\u00ebse.<\/p>\n\n\n\n<p>Kryetari i Komun\u00ebs s\u00eb Lipjanit, z. Imri Ahmeti, n\u00eb fjalimin e tij t\u00eb inauguruar, theksoi r\u00ebnd\u00ebsin\u00eb e k\u00ebtij projekti p\u00ebr komunitetin, duke shprehur krenarin\u00eb e tij p\u00ebr arritjen e k\u00ebsaj faze pavar\u00ebsisht pengesave t\u00eb shumta, p\u00ebrfshir\u00eb munges\u00ebn e ndihm\u00ebs nga Qeveria dhe sfidat administrative.<\/p>\n\n\n\n<p>&#8220;Ky projekt nuk ka qen\u00eb i leht\u00eb. Pengesat, p\u00ebrfshir\u00eb mosdh\u00ebnien e p\u00eblqimeve nga ministria p\u00ebrkat\u00ebse, kan\u00eb ndikuar n\u00eb zvog\u00eblimin e p\u00ebrmasave t\u00eb projektit, edhe pse prona \u00ebsht\u00eb e Komun\u00ebs dhe e qytetar\u00ebve t\u00eb Lipjanit,&#8221; tha Ahmeti. &#8220;Por, pavar\u00ebsisht sfidave, ne nuk jemi ndalur dhe nuk do t\u00eb ndalemi. Me p\u00ebrkushtim dhe pun\u00eb, do t\u00eb vazhdojm\u00eb ta shnd\u00ebrrojm\u00eb Lipjanin n\u00eb nj\u00eb qytet modern, atraktiv dhe t\u00eb p\u00ebrshtatsh\u00ebm p\u00ebr t\u00eb gjith\u00eb qytetar\u00ebt.&#8221;<\/p>\n\n\n\n<p>Ky projekt pritet t\u00eb sjell\u00eb p\u00ebrfitime t\u00eb m\u00ebdha p\u00ebr qytetar\u00ebt e Lipjanit, duke ofruar nj\u00eb hap\u00ebsir\u00eb t\u00eb re p\u00ebr parkim dhe nj\u00eb zon\u00eb atraktive p\u00ebr komunitetin.<\/p>\n\n\n\n<figure class=\"wp-block-gallery has-nested-images columns-default is-cropped wp-block-gallery-1 is-layout-flex wp-block-gallery-is-layout-flex\">\n<figure class=\"wp-block-image size-large\"><img loading=\"lazy\" decoding=\"async\" width=\"1024\" height=\"732\" data-id=\"1097\" src=\"https:\/\/gazeta-lipjani.info\/wp-content\/uploads\/2024\/12\/Imri-Ahmeti-1024x732.jpg\" alt=\"\" class=\"wp-image-1097\" srcset=\"https:\/\/gazeta-lipjani.info\/wp-content\/uploads\/2024\/12\/Imri-Ahmeti-1024x732.jpg 1024w, https:\/\/gazeta-lipjani.info\/wp-content\/uploads\/2024\/12\/Imri-Ahmeti-300x214.jpg 300w, https:\/\/gazeta-lipjani.info\/wp-content\/uploads\/2024\/12\/Imri-Ahmeti-768x549.jpg 768w, https:\/\/gazeta-lipjani.info\/wp-content\/uploads\/2024\/12\/Imri-Ahmeti-150x107.jpg 150w, https:\/\/gazeta-lipjani.info\/wp-content\/uploads\/2024\/12\/Imri-Ahmeti-696x497.jpg 696w, https:\/\/gazeta-lipjani.info\/wp-content\/uploads\/2024\/12\/Imri-Ahmeti-1068x763.jpg 1068w, https:\/\/gazeta-lipjani.info\/wp-content\/uploads\/2024\/12\/Imri-Ahmeti.jpg 1391w\" sizes=\"auto, (max-width: 1024px) 100vw, 1024px\" \/><\/figure>\n\n\n\n<figure class=\"wp-block-image size-large\"><img loading=\"lazy\" decoding=\"async\" width=\"1024\" height=\"569\" data-id=\"1098\" src=\"https:\/\/gazeta-lipjani.info\/wp-content\/uploads\/2024\/12\/Nenkalimi-1024x569.jpg\" alt=\"\" class=\"wp-image-1098\" srcset=\"https:\/\/gazeta-lipjani.info\/wp-content\/uploads\/2024\/12\/Nenkalimi-1024x569.jpg 1024w, https:\/\/gazeta-lipjani.info\/wp-content\/uploads\/2024\/12\/Nenkalimi-300x167.jpg 300w, https:\/\/gazeta-lipjani.info\/wp-content\/uploads\/2024\/12\/Nenkalimi-768x427.jpg 768w, https:\/\/gazeta-lipjani.info\/wp-content\/uploads\/2024\/12\/Nenkalimi-1536x854.jpg 1536w, https:\/\/gazeta-lipjani.info\/wp-content\/uploads\/2024\/12\/Nenkalimi-150x83.jpg 150w, https:\/\/gazeta-lipjani.info\/wp-content\/uploads\/2024\/12\/Nenkalimi-696x387.jpg 696w, https:\/\/gazeta-lipjani.info\/wp-content\/uploads\/2024\/12\/Nenkalimi-1068x593.jpg 1068w, https:\/\/gazeta-lipjani.info\/wp-content\/uploads\/2024\/12\/Nenkalimi-1920x1067.jpg 1920w, https:\/\/gazeta-lipjani.info\/wp-content\/uploads\/2024\/12\/Nenkalimi.jpg 2048w\" sizes=\"auto, (max-width: 1024px) 100vw, 1024px\" \/><\/figure>\n\n\n\n<figure class=\"wp-block-image size-large\"><img loading=\"lazy\" decoding=\"async\" width=\"1024\" height=\"768\" data-id=\"1099\" src=\"https:\/\/gazeta-lipjani.info\/wp-content\/uploads\/2024\/12\/Imri-Ahmeti-2-1024x768.jpg\" alt=\"\" class=\"wp-image-1099\" srcset=\"https:\/\/gazeta-lipjani.info\/wp-content\/uploads\/2024\/12\/Imri-Ahmeti-2-1024x768.jpg 1024w, https:\/\/gazeta-lipjani.info\/wp-content\/uploads\/2024\/12\/Imri-Ahmeti-2-300x225.jpg 300w, https:\/\/gazeta-lipjani.info\/wp-content\/uploads\/2024\/12\/Imri-Ahmeti-2-768x576.jpg 768w, https:\/\/gazeta-lipjani.info\/wp-content\/uploads\/2024\/12\/Imri-Ahmeti-2-1536x1152.jpg 1536w, https:\/\/gazeta-lipjani.info\/wp-content\/uploads\/2024\/12\/Imri-Ahmeti-2-150x113.jpg 150w, https:\/\/gazeta-lipjani.info\/wp-content\/uploads\/2024\/12\/Imri-Ahmeti-2-696x522.jpg 696w, https:\/\/gazeta-lipjani.info\/wp-content\/uploads\/2024\/12\/Imri-Ahmeti-2-1068x801.jpg 1068w, https:\/\/gazeta-lipjani.info\/wp-content\/uploads\/2024\/12\/Imri-Ahmeti-2-1920x1440.jpg 1920w, https:\/\/gazeta-lipjani.info\/wp-content\/uploads\/2024\/12\/Imri-Ahmeti-2.jpg 2048w\" sizes=\"auto, (max-width: 1024px) 100vw, 1024px\" \/><\/figure>\n<\/figure>\n","protected":false},"excerpt":{"rendered":"<p>Inaugurimi i N\u00ebnkalimit dhe Parkingut N\u00ebntok\u00ebsor n\u00eb Lipjan Lipjan, 26 Dhjetor 2024 &#8211; Komuna e Lipjanit ka sh\u00ebnuar sot nj\u00eb moment historik me inaugurimin e n\u00ebnkalimit dhe parkingut n\u00ebntok\u00ebsor, nj\u00eb investim madhor q\u00eb synon t\u00eb leht\u00ebsoj\u00eb qarkullimin e trafikut dhe t\u00eb ofroj\u00eb hap\u00ebsira t\u00eb reja p\u00ebr parkim. Projekti, plot\u00ebsisht i financuar nga buxheti i Komun\u00ebs [&hellip;]<\/p>\n","protected":false},"author":2,"featured_media":1097,"comment_status":"open","ping_status":"open","sticky":false,"template":"","format":"standard","meta":{"footnotes":""},"categories":[30],"tags":[],"class_list":{"0":"post-1096","1":"post","2":"type-post","3":"status-publish","4":"format-standard","5":"has-post-thumbnail","7":"category-lipjani"},"aioseo_notices":[],"_links":{"self":[{"href":"https:\/\/gazeta-lipjani.info\/index.php\/wp-json\/wp\/v2\/posts\/1096","targetHints":{"allow":["GET"]}}],"collection":[{"href":"https:\/\/gazeta-lipjani.info\/index.php\/wp-json\/wp\/v2\/posts"}],"about":[{"href":"https:\/\/gazeta-lipjani.info\/index.php\/wp-json\/wp\/v2\/types\/post"}],"author":[{"embeddable":true,"href":"https:\/\/gazeta-lipjani.info\/index.php\/wp-json\/wp\/v2\/users\/2"}],"replies":[{"embeddable":true,"href":"https:\/\/gazeta-lipjani.info\/index.php\/wp-json\/wp\/v2\/comments?post=1096"}],"version-history":[{"count":1,"href":"https:\/\/gazeta-lipjani.info\/index.php\/wp-json\/wp\/v2\/posts\/1096\/revisions"}],"predecessor-version":[{"id":1100,"href":"https:\/\/gazeta-lipjani.info\/index.php\/wp-json\/wp\/v2\/posts\/1096\/revisions\/1100"}],"wp:featuredmedia":[{"embeddable":true,"href":"https:\/\/gazeta-lipjani.info\/index.php\/wp-json\/wp\/v2\/media\/1097"}],"wp:attachment":[{"href":"https:\/\/gazeta-lipjani.info\/index.php\/wp-json\/wp\/v2\/media?parent=1096"}],"wp:term":[{"taxonomy":"category","embeddable":true,"href":"https:\/\/gazeta-lipjani.info\/index.php\/wp-json\/wp\/v2\/categories?post=1096"},{"taxonomy":"post_tag","embeddable":true,"href":"https:\/\/gazeta-lipjani.info\/index.php\/wp-json\/wp\/v2\/tags?post=1096"}],"curies":[{"name":"wp","href":"https:\/\/api.w.org\/{rel}","templated":true}]}}