{"id":1113,"date":"2025-01-06T21:01:07","date_gmt":"2025-01-06T20:01:07","guid":{"rendered":"https:\/\/gazeta-lipjani.info\/?p=1113"},"modified":"2025-01-06T21:01:08","modified_gmt":"2025-01-06T20:01:08","slug":"termet-3-3-balle-godet-veriun-e-shqiperise-ndjehet-edhe-ne-kosove","status":"publish","type":"post","link":"https:\/\/gazeta-lipjani.info\/index.php\/2025\/01\/06\/termet-3-3-balle-godet-veriun-e-shqiperise-ndjehet-edhe-ne-kosove\/","title":{"rendered":"T\u00ebrmet 3.3 ball\u00eb godet veriun e Shqip\u00ebris\u00eb, ndjehet edhe n\u00eb Kosov\u00eb"},"content":{"rendered":"\n<p><strong>Mbr\u00ebmjen e sotme, m\u00eb 6 janar 2025, nj\u00eb t\u00ebrmet me magnitud\u00eb 3.3 t\u00eb shkall\u00ebs Rihter ka tronditur veriun e Shqip\u00ebris\u00eb, duke u ndjer\u00eb edhe n\u00eb disa zona t\u00eb Kosov\u00ebs. Sipas Qendr\u00ebs Sizmologjike Evropiane-Mesdhetare (EMSC), t\u00ebrmeti \u00ebsht\u00eb regjistruar n\u00eb or\u00ebn 20:22 me epiqend\u00ebr 9 kilometra n\u00eb veri t\u00eb qytetit t\u00eb Kuk\u00ebsit, n\u00eb nj\u00eb thell\u00ebsi prej 10 kilometrash.<\/strong><\/p>\n\n\n\n<p><strong>L\u00ebkundjet jan\u00eb ndjer\u00eb edhe 24 kilometra larg, n\u00eb jugper\u00ebndim t\u00eb Prizrenit, duke shkaktuar shqet\u00ebsim mes banor\u00ebve t\u00eb k\u00ebtyre zonave. Raportimet nga qytetar\u00ebt n\u00eb Kuk\u00ebs, Prizren dhe zonat p\u00ebrreth tregojn\u00eb se t\u00ebrmeti ka qen\u00eb i leht\u00eb dhe nuk jan\u00eb sh\u00ebnuar d\u00ebme materiale apo l\u00ebndime.<\/strong><\/p>\n\n\n\n<p><strong>Autoritetet k\u00ebshillojn\u00eb qytetar\u00ebt t\u00eb ruajn\u00eb qet\u00ebsin\u00eb dhe t\u00eb informohen vet\u00ebm nga burime zyrtare p\u00ebr \u00e7do zhvillim t\u00eb m\u00ebtejsh\u00ebm.<\/strong><\/p>\n\n\n\n<p><strong>T\u00ebrmetet me magnitud\u00eb t\u00eb ul\u00ebt, si ky i mbr\u00ebmsh\u00ebm, jan\u00eb t\u00eb zakonsh\u00ebm p\u00ebr rajonin e Ballkanit, i cili ndodhet n\u00eb nj\u00eb zon\u00eb sizmike aktive. Ekspert\u00ebt n\u00ebnvizojn\u00eb se nuk ka vend p\u00ebr panik, por sugjerojn\u00eb q\u00eb qytetar\u00ebt t\u00eb jen\u00eb t\u00eb p\u00ebrgatitur p\u00ebr situata t\u00eb ngjashme n\u00eb t\u00eb ardhmen<\/strong><\/p>\n","protected":false},"excerpt":{"rendered":"<p>Mbr\u00ebmjen e sotme, m\u00eb 6 janar 2025, nj\u00eb t\u00ebrmet me magnitud\u00eb 3.3 t\u00eb shkall\u00ebs Rihter ka tronditur veriun e Shqip\u00ebris\u00eb, duke u ndjer\u00eb edhe n\u00eb disa zona t\u00eb Kosov\u00ebs. Sipas Qendr\u00ebs Sizmologjike Evropiane-Mesdhetare (EMSC), t\u00ebrmeti \u00ebsht\u00eb regjistruar n\u00eb or\u00ebn 20:22 me epiqend\u00ebr 9 kilometra n\u00eb veri t\u00eb qytetit t\u00eb Kuk\u00ebsit, n\u00eb nj\u00eb thell\u00ebsi prej 10 [&hellip;]<\/p>\n","protected":false},"author":2,"featured_media":1114,"comment_status":"open","ping_status":"open","sticky":false,"template":"","format":"standard","meta":{"footnotes":""},"categories":[12,29],"tags":[],"class_list":{"0":"post-1113","1":"post","2":"type-post","3":"status-publish","4":"format-standard","5":"has-post-thumbnail","7":"category-kosova","8":"category-rajoni"},"aioseo_notices":[],"_links":{"self":[{"href":"https:\/\/gazeta-lipjani.info\/index.php\/wp-json\/wp\/v2\/posts\/1113","targetHints":{"allow":["GET"]}}],"collection":[{"href":"https:\/\/gazeta-lipjani.info\/index.php\/wp-json\/wp\/v2\/posts"}],"about":[{"href":"https:\/\/gazeta-lipjani.info\/index.php\/wp-json\/wp\/v2\/types\/post"}],"author":[{"embeddable":true,"href":"https:\/\/gazeta-lipjani.info\/index.php\/wp-json\/wp\/v2\/users\/2"}],"replies":[{"embeddable":true,"href":"https:\/\/gazeta-lipjani.info\/index.php\/wp-json\/wp\/v2\/comments?post=1113"}],"version-history":[{"count":1,"href":"https:\/\/gazeta-lipjani.info\/index.php\/wp-json\/wp\/v2\/posts\/1113\/revisions"}],"predecessor-version":[{"id":1115,"href":"https:\/\/gazeta-lipjani.info\/index.php\/wp-json\/wp\/v2\/posts\/1113\/revisions\/1115"}],"wp:featuredmedia":[{"embeddable":true,"href":"https:\/\/gazeta-lipjani.info\/index.php\/wp-json\/wp\/v2\/media\/1114"}],"wp:attachment":[{"href":"https:\/\/gazeta-lipjani.info\/index.php\/wp-json\/wp\/v2\/media?parent=1113"}],"wp:term":[{"taxonomy":"category","embeddable":true,"href":"https:\/\/gazeta-lipjani.info\/index.php\/wp-json\/wp\/v2\/categories?post=1113"},{"taxonomy":"post_tag","embeddable":true,"href":"https:\/\/gazeta-lipjani.info\/index.php\/wp-json\/wp\/v2\/tags?post=1113"}],"curies":[{"name":"wp","href":"https:\/\/api.w.org\/{rel}","templated":true}]}}