{"id":1116,"date":"2025-01-07T13:02:32","date_gmt":"2025-01-07T12:02:32","guid":{"rendered":"https:\/\/gazeta-lipjani.info\/?p=1116"},"modified":"2025-01-07T13:02:32","modified_gmt":"2025-01-07T12:02:32","slug":"bekim-kozhani-nje-lider-me-vizion-per-zhvillimin-ekonomik-dhe-mireqenien-e-qytetareve","status":"publish","type":"post","link":"https:\/\/gazeta-lipjani.info\/index.php\/2025\/01\/07\/bekim-kozhani-nje-lider-me-vizion-per-zhvillimin-ekonomik-dhe-mireqenien-e-qytetareve\/","title":{"rendered":"Bekim Kozhani \u2013 Nj\u00eb lider me vizion p\u00ebr zhvillimin ekonomik dhe mir\u00ebqenien e qytetar\u00ebve"},"content":{"rendered":"\n<p><strong>Bekim Kozhani, nj\u00eb em\u00ebr i njohur n\u00eb politik\u00ebn lokale dhe sektorin privat, \u00ebsht\u00eb nj\u00eb shembull i angazhimit dhe p\u00ebrkushtimit ndaj zhvillimit t\u00eb komunitetit t\u00eb tij. I lindur m\u00eb 2 shkurt 1970 n\u00eb fshatin Ribar i Madh, komuna e Lipjanit, Bekimi ka kaluar jet\u00ebn e tij duke nd\u00ebrtuar ura p\u00ebr nj\u00eb t\u00eb ardhme m\u00eb t\u00eb mir\u00eb p\u00ebr bashk\u00ebqytetar\u00ebt e tij.<\/strong><\/p>\n\n\n\n<p><strong>Pas p\u00ebrfundimit t\u00eb shkollimit fillor dhe t\u00eb mes\u00ebm n\u00eb vendlindje, rrethanat e v\u00ebshtira t\u00eb viteve \u201990 e detyruan at\u00eb t\u00eb emigronte jasht\u00eb Kosov\u00ebs. Gjat\u00eb k\u00ebsaj periudhe, Bekimi jetoi dhe punoi p\u00ebr nj\u00eb koh\u00eb t\u00eb gjat\u00eb n\u00eb emigrim, duke u p\u00ebrballur me sfida t\u00eb shumta, por duke ruajtur lidhjen e fort\u00eb me atdheun e tij.<\/strong><\/p>\n\n\n\n<p><strong>Pas p\u00ebrfundimit t\u00eb luft\u00ebs, Bekimi u kthye n\u00eb Kosov\u00eb me nj\u00eb synim t\u00eb qart\u00eb: t\u00eb jap\u00eb kontributin e tij n\u00eb rind\u00ebrtimin dhe zhvillimin e vendit. Ai nisi t\u00eb angazhohet n\u00eb sektorin privat, duke themeluar nj\u00eb biznes t\u00eb suksessh\u00ebm q\u00eb jo vet\u00ebm ofroi vende pune p\u00ebr shum\u00eb njer\u00ebz, por gjithashtu luajti nj\u00eb rol t\u00eb r\u00ebnd\u00ebsish\u00ebm n\u00eb zhvillimin ekonomik t\u00eb rajonit.<\/strong><\/p>\n\n\n\n<p><strong>Angazhimi i tij n\u00eb politik\u00eb erdhi si nj\u00eb vijim i natyrsh\u00ebm i p\u00ebrkushtimit t\u00eb tij p\u00ebr t\u00eb p\u00ebrmir\u00ebsuar jet\u00ebn e qytetar\u00ebve. Aktualisht, Bekim Kozhani \u00ebsht\u00eb kryetar i deg\u00ebs s\u00eb Aleanc\u00ebs Kosova e Re (AKR) n\u00eb Lipjan. P\u00ebrmes k\u00ebtij roli, ai ka kontribuar n\u00eb adresimin e \u00e7\u00ebshtjeve ky\u00e7e p\u00ebr komunitetin, duke p\u00ebrfshir\u00eb zhvillimin ekonomik, mir\u00ebqenien sociale dhe krijimin e mund\u00ebsive t\u00eb reja p\u00ebr t\u00eb rinjt\u00eb.<\/strong><\/p>\n\n\n\n<p><strong>N\u00eb zgjedhjet e 9 shkurtit, Bekim Kozhani garon si kandidat n\u00eb List\u00ebn Familja, duke mbajtur numrin 44. Vizioni i tij \u00ebsht\u00eb i qart\u00eb: nj\u00eb Lipjan q\u00eb p\u00ebrparon, nj\u00eb komun\u00eb q\u00eb ofron mund\u00ebsi p\u00ebr t\u00eb gjith\u00eb dhe nj\u00eb shoq\u00ebri ku \u00e7do qytetar ndihet i p\u00ebrfshir\u00eb dhe i vler\u00ebsuar.<\/strong><\/p>\n\n\n\n<p><strong>\u201cUn\u00eb besoj fuqish\u00ebm se zhvillimi ekonomik dhe mir\u00ebqenia e qytetar\u00ebve jan\u00eb \u00e7el\u00ebsi i nj\u00eb t\u00eb ardhmeje t\u00eb q\u00ebndrueshme p\u00ebr Lipjanin dhe p\u00ebr Kosov\u00ebn. P\u00ebr k\u00ebt\u00eb arsye, angazhimi im \u00ebsht\u00eb t\u00eb punoj me p\u00ebrkushtim p\u00ebr t\u00eb realizuar projekte konkrete q\u00eb ndikojn\u00eb pozitivisht n\u00eb jet\u00ebn e njer\u00ebzve tan\u00eb,\u201d shprehet Bekim Kozhani.<\/strong><\/p>\n\n\n\n<p><strong>P\u00ebrmes eksperienc\u00ebs s\u00eb tij t\u00eb gjer\u00eb n\u00eb biznes dhe politik\u00eb, ai sjell nj\u00eb qasje praktike dhe vizionare p\u00ebr t\u00eb adresuar sfidat e sotme dhe p\u00ebr t\u00eb nd\u00ebrtuar nj\u00eb t\u00eb ardhme m\u00eb t\u00eb mir\u00eb.<\/strong><\/p>\n\n\n\n<p><strong>Bekim Kozhani \u2013 numri 44 n\u00eb List\u00ebn Familja \u2013 \u00ebsht\u00eb nj\u00eb z\u00eb i fuqish\u00ebm i ndryshimit dhe nj\u00eb lider i p\u00ebrkushtuar p\u00ebr zhvillimin dhe progresin e Lipjanit. Vizioni dhe puna e tij jan\u00eb nj\u00eb ftes\u00eb p\u00ebr t\u00eb gjith\u00eb qytetar\u00ebt q\u00eb t\u00eb b\u00ebhen pjes\u00eb e k\u00ebtij rrug\u00ebtimi drejt nj\u00eb t\u00eb ardhmeje m\u00eb t\u00eb mir\u00eb.<\/strong><\/p>\n","protected":false},"excerpt":{"rendered":"<p>Bekim Kozhani, nj\u00eb em\u00ebr i njohur n\u00eb politik\u00ebn lokale dhe sektorin privat, \u00ebsht\u00eb nj\u00eb shembull i angazhimit dhe p\u00ebrkushtimit ndaj zhvillimit t\u00eb komunitetit t\u00eb tij. I lindur m\u00eb 2 shkurt 1970 n\u00eb fshatin Ribar i Madh, komuna e Lipjanit, Bekimi ka kaluar jet\u00ebn e tij duke nd\u00ebrtuar ura p\u00ebr nj\u00eb t\u00eb ardhme m\u00eb t\u00eb mir\u00eb [&hellip;]<\/p>\n","protected":false},"author":2,"featured_media":1117,"comment_status":"open","ping_status":"open","sticky":false,"template":"","format":"standard","meta":{"footnotes":""},"categories":[30],"tags":[],"class_list":{"0":"post-1116","1":"post","2":"type-post","3":"status-publish","4":"format-standard","5":"has-post-thumbnail","7":"category-lipjani"},"aioseo_notices":[],"_links":{"self":[{"href":"https:\/\/gazeta-lipjani.info\/index.php\/wp-json\/wp\/v2\/posts\/1116","targetHints":{"allow":["GET"]}}],"collection":[{"href":"https:\/\/gazeta-lipjani.info\/index.php\/wp-json\/wp\/v2\/posts"}],"about":[{"href":"https:\/\/gazeta-lipjani.info\/index.php\/wp-json\/wp\/v2\/types\/post"}],"author":[{"embeddable":true,"href":"https:\/\/gazeta-lipjani.info\/index.php\/wp-json\/wp\/v2\/users\/2"}],"replies":[{"embeddable":true,"href":"https:\/\/gazeta-lipjani.info\/index.php\/wp-json\/wp\/v2\/comments?post=1116"}],"version-history":[{"count":1,"href":"https:\/\/gazeta-lipjani.info\/index.php\/wp-json\/wp\/v2\/posts\/1116\/revisions"}],"predecessor-version":[{"id":1118,"href":"https:\/\/gazeta-lipjani.info\/index.php\/wp-json\/wp\/v2\/posts\/1116\/revisions\/1118"}],"wp:featuredmedia":[{"embeddable":true,"href":"https:\/\/gazeta-lipjani.info\/index.php\/wp-json\/wp\/v2\/media\/1117"}],"wp:attachment":[{"href":"https:\/\/gazeta-lipjani.info\/index.php\/wp-json\/wp\/v2\/media?parent=1116"}],"wp:term":[{"taxonomy":"category","embeddable":true,"href":"https:\/\/gazeta-lipjani.info\/index.php\/wp-json\/wp\/v2\/categories?post=1116"},{"taxonomy":"post_tag","embeddable":true,"href":"https:\/\/gazeta-lipjani.info\/index.php\/wp-json\/wp\/v2\/tags?post=1116"}],"curies":[{"name":"wp","href":"https:\/\/api.w.org\/{rel}","templated":true}]}}