{"id":1119,"date":"2025-01-07T13:23:00","date_gmt":"2025-01-07T12:23:00","guid":{"rendered":"https:\/\/gazeta-lipjani.info\/?p=1119"},"modified":"2025-01-07T13:28:23","modified_gmt":"2025-01-07T12:28:23","slug":"kryetari-i-komunes-se-lipjanit-imri-ahmeti-realizon-76-te-premtimeve-zgjedhore","status":"publish","type":"post","link":"https:\/\/gazeta-lipjani.info\/index.php\/2025\/01\/07\/kryetari-i-komunes-se-lipjanit-imri-ahmeti-realizon-76-te-premtimeve-zgjedhore\/","title":{"rendered":"Kryetari i Komun\u00ebs s\u00eb Lipjanit, Imri Ahmeti, realizon 76% t\u00eb premtimeve zgjedhore"},"content":{"rendered":"\n<p>S<strong>ipas nj\u00eb raporti t\u00eb publikuar nga organizata e shoq\u00ebris\u00eb civile Demokracia Plus, kryetari i Komun\u00ebs s\u00eb Lipjanit, Imri Ahmeti, ka p\u00ebrmbushur 76% t\u00eb zotimeve t\u00eb dh\u00ebna gjat\u00eb fushat\u00ebs p\u00ebr zgjedhjet lokale t\u00eb vitit 2021. Raporti thekson se nga 25 premtimet e b\u00ebra, Ahmeti ka realizuar plot\u00ebsisht 19 prej tyre, nd\u00ebrsa 4 projekte jan\u00eb n\u00eb proces zbatimi dhe 2 ende nuk kan\u00eb nisur.<\/strong><\/p>\n\n\n\n<p><strong>K\u00ebto t\u00eb dh\u00ebna d\u00ebshmojn\u00eb p\u00ebrkushtimin e Ahmetit p\u00ebr t\u00eb ndjekur nj\u00eb agjend\u00eb qeveris\u00ebse t\u00eb bazuar n\u00eb p\u00ebrgjegj\u00ebsi dhe p\u00ebrmbushjen e nevojave t\u00eb qytetar\u00ebve t\u00eb Lipjanit. Premtimet e realizuara p\u00ebrfshijn\u00eb projekte n\u00eb fusha t\u00eb ndryshme si infrastruktura, arsimi, sh\u00ebndet\u00ebsia dhe p\u00ebrmir\u00ebsimi i sh\u00ebrbimeve publike.<\/strong><\/p>\n\n\n\n<p><strong>Demokracia Plus thekson se monitorimi i zbatimit t\u00eb zotimeve t\u00eb kryetar\u00ebve t\u00eb komunave \u00ebsht\u00eb nj\u00eb praktik\u00eb e r\u00ebnd\u00ebsishme p\u00ebr t\u00eb siguruar transparenc\u00eb dhe llogaridh\u00ebnie n\u00eb qeverisjen lokale. Raporti gjithashtu vler\u00ebson angazhimin e Komun\u00ebs s\u00eb Lipjanit n\u00eb p\u00ebrfundimin e projekteve t\u00eb r\u00ebnd\u00ebsishme p\u00ebr qytetar\u00ebt.<\/strong><\/p>\n\n\n\n<p><strong>Nd\u00ebr premtimet q\u00eb jan\u00eb ende n\u00eb proces p\u00ebrfshihen disa projekte madhore t\u00eb cilat k\u00ebrkojn\u00eb koh\u00eb dhe burime shtes\u00eb p\u00ebr t\u2019u p\u00ebrfunduar, nd\u00ebrsa p\u00ebr dy zotime nuk ka nisur ende asnj\u00eb procedur\u00eb. Organizata i b\u00ebn thirrje qeverisjes komunale q\u00eb t\u00eb p\u00ebrshpejtoj\u00eb proceset e mbetura p\u00ebr t\u00eb siguruar realizimin e plot\u00eb t\u00eb premtimeve.<\/strong><\/p>\n\n\n\n<p><strong>Ky rezultat e pozicionon Ahmetin nd\u00ebr kryetar\u00ebt e komunave me performanc\u00ebn m\u00eb t\u00eb lart\u00eb n\u00eb Kosov\u00eb, duke reflektuar nj\u00eb qasje serioze ndaj mbajtjes s\u00eb fjal\u00ebs s\u00eb dh\u00ebn\u00eb qytetar\u00ebve. P\u00ebrtej k\u00ebsaj, raporti sh\u00ebrben si nj\u00eb model p\u00ebr qytetar\u00ebt dhe organizatat t\u00eb cil\u00ebt mund t\u00eb ndjekin dhe vler\u00ebsojn\u00eb pun\u00ebn e institucioneve lokale.<\/strong><\/p>\n\n\n\n<p><strong>Nga redaksia<\/strong><\/p>\n\n\n\n<p><img loading=\"lazy\" decoding=\"async\" width=\"1707\" height=\"1707\" class=\"wp-image-1122\" style=\"width: 150px\" src=\"https:\/\/gazeta-lipjani.info\/wp-content\/uploads\/2025\/01\/IMG_3805.jpeg\" alt=\"\" srcset=\"https:\/\/gazeta-lipjani.info\/wp-content\/uploads\/2025\/01\/IMG_3805.jpeg 1707w, https:\/\/gazeta-lipjani.info\/wp-content\/uploads\/2025\/01\/IMG_3805-300x300.jpeg 300w, https:\/\/gazeta-lipjani.info\/wp-content\/uploads\/2025\/01\/IMG_3805-1024x1024.jpeg 1024w, https:\/\/gazeta-lipjani.info\/wp-content\/uploads\/2025\/01\/IMG_3805-150x150.jpeg 150w, https:\/\/gazeta-lipjani.info\/wp-content\/uploads\/2025\/01\/IMG_3805-768x768.jpeg 768w, https:\/\/gazeta-lipjani.info\/wp-content\/uploads\/2025\/01\/IMG_3805-1536x1536.jpeg 1536w, https:\/\/gazeta-lipjani.info\/wp-content\/uploads\/2025\/01\/IMG_3805-696x696.jpeg 696w, https:\/\/gazeta-lipjani.info\/wp-content\/uploads\/2025\/01\/IMG_3805-1068x1068.jpeg 1068w\" sizes=\"auto, (max-width: 1707px) 100vw, 1707px\" \/><\/p>\n","protected":false},"excerpt":{"rendered":"<p>Sipas nj\u00eb raporti t\u00eb publikuar nga organizata e shoq\u00ebris\u00eb civile Demokracia Plus, kryetari i Komun\u00ebs s\u00eb Lipjanit, Imri Ahmeti, ka p\u00ebrmbushur 76% t\u00eb zotimeve t\u00eb dh\u00ebna gjat\u00eb fushat\u00ebs p\u00ebr zgjedhjet lokale t\u00eb vitit 2021. Raporti thekson se nga 25 premtimet e b\u00ebra, Ahmeti ka realizuar plot\u00ebsisht 19 prej tyre, nd\u00ebrsa 4 projekte jan\u00eb n\u00eb proces [&hellip;]<\/p>\n","protected":false},"author":2,"featured_media":1120,"comment_status":"open","ping_status":"open","sticky":false,"template":"","format":"standard","meta":{"footnotes":""},"categories":[30],"tags":[],"class_list":{"0":"post-1119","1":"post","2":"type-post","3":"status-publish","4":"format-standard","5":"has-post-thumbnail","7":"category-lipjani"},"aioseo_notices":[],"_links":{"self":[{"href":"https:\/\/gazeta-lipjani.info\/index.php\/wp-json\/wp\/v2\/posts\/1119","targetHints":{"allow":["GET"]}}],"collection":[{"href":"https:\/\/gazeta-lipjani.info\/index.php\/wp-json\/wp\/v2\/posts"}],"about":[{"href":"https:\/\/gazeta-lipjani.info\/index.php\/wp-json\/wp\/v2\/types\/post"}],"author":[{"embeddable":true,"href":"https:\/\/gazeta-lipjani.info\/index.php\/wp-json\/wp\/v2\/users\/2"}],"replies":[{"embeddable":true,"href":"https:\/\/gazeta-lipjani.info\/index.php\/wp-json\/wp\/v2\/comments?post=1119"}],"version-history":[{"count":3,"href":"https:\/\/gazeta-lipjani.info\/index.php\/wp-json\/wp\/v2\/posts\/1119\/revisions"}],"predecessor-version":[{"id":1125,"href":"https:\/\/gazeta-lipjani.info\/index.php\/wp-json\/wp\/v2\/posts\/1119\/revisions\/1125"}],"wp:featuredmedia":[{"embeddable":true,"href":"https:\/\/gazeta-lipjani.info\/index.php\/wp-json\/wp\/v2\/media\/1120"}],"wp:attachment":[{"href":"https:\/\/gazeta-lipjani.info\/index.php\/wp-json\/wp\/v2\/media?parent=1119"}],"wp:term":[{"taxonomy":"category","embeddable":true,"href":"https:\/\/gazeta-lipjani.info\/index.php\/wp-json\/wp\/v2\/categories?post=1119"},{"taxonomy":"post_tag","embeddable":true,"href":"https:\/\/gazeta-lipjani.info\/index.php\/wp-json\/wp\/v2\/tags?post=1119"}],"curies":[{"name":"wp","href":"https:\/\/api.w.org\/{rel}","templated":true}]}}