{"id":1127,"date":"2025-01-08T17:21:35","date_gmt":"2025-01-08T16:21:35","guid":{"rendered":"https:\/\/gazeta-lipjani.info\/?p=1127"},"modified":"2025-01-08T17:21:35","modified_gmt":"2025-01-08T16:21:35","slug":"ramiz-gashi-shpall-qytetar-nderi-riza-meten-per-kontributin-e-dhene-ne-kf-minatori","status":"publish","type":"post","link":"https:\/\/gazeta-lipjani.info\/index.php\/2025\/01\/08\/ramiz-gashi-shpall-qytetar-nderi-riza-meten-per-kontributin-e-dhene-ne-kf-minatori\/","title":{"rendered":"Ramiz Gashi shpall qytetar nderi Riza Met\u00ebn p\u00ebr kontributin e dh\u00ebn\u00eb n\u00eb KF \u201cMinatori\u201d"},"content":{"rendered":"\n<p><strong>N\u00eb mbledhjen e mbajtur mbr\u00ebm\u00eb, n\u00eb prani t\u00eb shum\u00eb qytetar\u00ebve, kryetari i Klubit Futbollistik \u201cMinatori\u201d dhe nj\u00ebkoh\u00ebsisht kryetar i qytetit t\u00eb Magur\u00ebs, Ramiz Gashi, shprehu fal\u00ebnderimet m\u00eb t\u00eb p\u00ebrzem\u00ebrta p\u00ebr t\u00eb gjith\u00eb m\u00ebrgimtar\u00ebt q\u00eb kan\u00eb kontribuar nd\u00ebr vite p\u00ebr zhvillimin e klubit.<\/strong><\/p>\n\n\n\n<p><strong>Me nj\u00eb mir\u00ebnjohje t\u00eb ve\u00e7ant\u00eb, kryetari p\u00ebrmendi edhe Riza Met\u00ebn, nj\u00eb nga kontribuesit e par\u00eb t\u00eb KF \u201cMinatori\u201d. P\u00ebr fat t\u00eb keq, i ndjeri Riza Meta nuk \u00ebsht\u00eb m\u00eb n\u00eb mesin ton\u00eb, por kontributi i tij jeton p\u00ebrmes trash\u00ebgimis\u00eb q\u00eb ka l\u00ebn\u00eb n\u00eb klub dhe komunitet. P\u00ebr k\u00ebt\u00eb arsye, n\u00eb shenj\u00eb respekti dhe fal\u00ebnderimi, Riza Meta u shpall \u201cQytetar Nderi\u201d i Magur\u00ebs.<\/strong><\/p>\n\n\n\n<p><strong>\u201cKy \u00ebsht\u00eb nj\u00eb gjest simbolik p\u00ebr t\u00eb nderuar nj\u00eb njeri q\u00eb ishte pjes\u00eb e r\u00ebnd\u00ebsishme e hapat e par\u00eb t\u00eb KF \u2018Minatori\u2019 dhe q\u00eb dha nj\u00eb shembull t\u00eb shk\u00eblqyer p\u00ebr t\u00eb gjith\u00eb ne. I jemi p\u00ebrgjithmon\u00eb mir\u00ebnjoh\u00ebs,\u201d u shpreh Ramiz Gashi.<\/strong><\/p>\n\n\n\n<p><strong>Ky vendim sh\u00ebnon nj\u00eb moment t\u00eb r\u00ebnd\u00ebsish\u00ebm p\u00ebr klubin dhe komunitetin, duke rikujtuar se bashk\u00ebpunimi dhe solidariteti jan\u00eb themeli i suksesit t\u00eb p\u00ebrbashk\u00ebt.<\/strong><\/p>\n","protected":false},"excerpt":{"rendered":"<p>N\u00eb mbledhjen e mbajtur mbr\u00ebm\u00eb, n\u00eb prani t\u00eb shum\u00eb qytetar\u00ebve, kryetari i Klubit Futbollistik \u201cMinatori\u201d dhe nj\u00ebkoh\u00ebsisht kryetar i qytetit t\u00eb Magur\u00ebs, Ramiz Gashi, shprehu fal\u00ebnderimet m\u00eb t\u00eb p\u00ebrzem\u00ebrta p\u00ebr t\u00eb gjith\u00eb m\u00ebrgimtar\u00ebt q\u00eb kan\u00eb kontribuar nd\u00ebr vite p\u00ebr zhvillimin e klubit. Me nj\u00eb mir\u00ebnjohje t\u00eb ve\u00e7ant\u00eb, kryetari p\u00ebrmendi edhe Riza Met\u00ebn, nj\u00eb nga kontribuesit [&hellip;]<\/p>\n","protected":false},"author":2,"featured_media":1128,"comment_status":"open","ping_status":"open","sticky":false,"template":"","format":"standard","meta":{"footnotes":""},"categories":[8],"tags":[],"class_list":{"0":"post-1127","1":"post","2":"type-post","3":"status-publish","4":"format-standard","5":"has-post-thumbnail","7":"category-sport"},"aioseo_notices":[],"_links":{"self":[{"href":"https:\/\/gazeta-lipjani.info\/index.php\/wp-json\/wp\/v2\/posts\/1127","targetHints":{"allow":["GET"]}}],"collection":[{"href":"https:\/\/gazeta-lipjani.info\/index.php\/wp-json\/wp\/v2\/posts"}],"about":[{"href":"https:\/\/gazeta-lipjani.info\/index.php\/wp-json\/wp\/v2\/types\/post"}],"author":[{"embeddable":true,"href":"https:\/\/gazeta-lipjani.info\/index.php\/wp-json\/wp\/v2\/users\/2"}],"replies":[{"embeddable":true,"href":"https:\/\/gazeta-lipjani.info\/index.php\/wp-json\/wp\/v2\/comments?post=1127"}],"version-history":[{"count":1,"href":"https:\/\/gazeta-lipjani.info\/index.php\/wp-json\/wp\/v2\/posts\/1127\/revisions"}],"predecessor-version":[{"id":1129,"href":"https:\/\/gazeta-lipjani.info\/index.php\/wp-json\/wp\/v2\/posts\/1127\/revisions\/1129"}],"wp:featuredmedia":[{"embeddable":true,"href":"https:\/\/gazeta-lipjani.info\/index.php\/wp-json\/wp\/v2\/media\/1128"}],"wp:attachment":[{"href":"https:\/\/gazeta-lipjani.info\/index.php\/wp-json\/wp\/v2\/media?parent=1127"}],"wp:term":[{"taxonomy":"category","embeddable":true,"href":"https:\/\/gazeta-lipjani.info\/index.php\/wp-json\/wp\/v2\/categories?post=1127"},{"taxonomy":"post_tag","embeddable":true,"href":"https:\/\/gazeta-lipjani.info\/index.php\/wp-json\/wp\/v2\/tags?post=1127"}],"curies":[{"name":"wp","href":"https:\/\/api.w.org\/{rel}","templated":true}]}}