{"id":1142,"date":"2025-01-16T23:34:13","date_gmt":"2025-01-16T22:34:13","guid":{"rendered":"https:\/\/gazeta-lipjani.info\/?p=1142"},"modified":"2025-01-16T23:43:26","modified_gmt":"2025-01-16T22:43:26","slug":"tubim-i-fuqishem-dhe-mbeshtetje-e-palekundur-per-ldk-ne-ne-kraishte-dhe-fshatrat-perreth","status":"publish","type":"post","link":"https:\/\/gazeta-lipjani.info\/index.php\/2025\/01\/16\/tubim-i-fuqishem-dhe-mbeshtetje-e-palekundur-per-ldk-ne-ne-kraishte-dhe-fshatrat-perreth\/","title":{"rendered":"Tubim i fuqish\u00ebm dhe mb\u00ebshtetje e pal\u00ebkundur p\u00ebr LDK-n\u00eb n\u00eb Kraisht\u00eb dhe fshatrat p\u00ebrreth"},"content":{"rendered":"\n<p>M\u00eb 16 janar 2025, dega e LDK-s\u00eb n\u00eb Lipjan organizoi nj\u00eb tubim elektoral n\u00eb Kraisht\u00eb, ku mor\u00ebn pjes\u00eb shum\u00eb qytetar\u00eb dhe p\u00ebrfaq\u00ebsues t\u00eb deg\u00ebve t\u00eb tjera, si Ribar i Madh, Bregu i Zi, Bujan, Zllakuqan dhe Varigoc. Ky tubim sh\u00ebnoi nj\u00eb moment t\u00eb r\u00ebnd\u00ebsish\u00ebm n\u00eb fushat\u00ebn p\u00ebr zgjedhjet komb\u00ebtare t\u00eb vitit 2025 dhe ishte nj\u00eb mund\u00ebsi p\u00ebr qytetar\u00ebt t\u00eb shpreheshin p\u00ebr mb\u00ebshtetje ndaj Lidhjes Demokratike t\u00eb Kosov\u00ebs (LDK).<\/p>\n\n\n\n<p>Nj\u00eb num\u00ebr i madh qytetar\u00ebsh u mblodh\u00ebn n\u00eb Kraisht\u00eb, duke e shnd\u00ebrruar k\u00ebt\u00eb ngjarje n\u00eb nj\u00eb atmosfer\u00eb t\u00eb ngroht\u00eb dhe entuziaste. Pjes\u00ebmarr\u00ebsit e tubimit theksuan r\u00ebnd\u00ebsin\u00eb e LDK-s\u00eb si forc\u00eb politike dhe programin e saj p\u00ebr t\u00eb ardhmen e Kosov\u00ebs. Tubimi ofroi nj\u00eb mund\u00ebsi p\u00ebr qytetar\u00ebt e Lipjanit t\u00eb bashkohen dhe t\u00eb shprehin gatishm\u00ebrin\u00eb e tyre p\u00ebr t\u00eb mb\u00ebshtetur LDK-n\u00eb n\u00eb zgjedhjet q\u00eb do t\u00eb zhvillohen m\u00eb 9 shkurt 2025.<\/p>\n\n\n\n<p>Pjes\u00ebmarr\u00ebsit n\u00eb tubim shpreh\u00ebn mb\u00ebshtetje p\u00ebr angazhimin e LDK-s\u00eb n\u00eb p\u00ebrmir\u00ebsimin e kushteve t\u00eb jetes\u00ebs dhe forcimin e institucioneve demokratike. Ata shpreh\u00ebn besim n\u00eb faktin se LDK \u00ebsht\u00eb e gatshme t\u00eb udh\u00ebheq\u00eb vendin drejt nj\u00eb t\u00eb ardhmeje m\u00eb t\u00eb mir\u00eb dhe m\u00eb t\u00eb q\u00ebndrueshme. LDK dhe qytetar\u00ebt, sipas fjal\u00ebve t\u00eb p\u00ebrfaq\u00ebsuesve t\u00eb deg\u00ebs, jan\u00eb t\u00eb bashkuar n\u00eb misionin p\u00ebr t\u00eb realizuar ndryshime t\u00eb r\u00ebnd\u00ebsishme p\u00ebr zhvillimin e Kosov\u00ebs.<\/p>\n\n\n\n<p>Fjala e lider\u00ebve t\u00eb LDK-s\u00eb theksoi se tubimi ishte nj\u00eb shenj\u00eb e gatishm\u00ebris\u00eb p\u00ebr t\u00eb marr\u00eb p\u00ebrgjegj\u00ebsit\u00eb q\u00eb vijn\u00eb me zgjedhjet e ardhshme dhe q\u00eb data 9 shkurt \u00ebsht\u00eb nj\u00eb mund\u00ebsi p\u00ebr t\u00eb siguruar nj\u00eb t\u00eb ardhme m\u00eb t\u00eb ndritur p\u00ebr vendin. Pjes\u00ebmarr\u00ebsit n\u00eb tubim gjithashtu treguan gatishm\u00ebrin\u00eb e tyre p\u00ebr t\u00eb mb\u00ebshtetur kandidatur\u00ebn e LDK-s\u00eb n\u00eb k\u00ebto zgjedhje, duke e konsideruar k\u00ebt\u00eb dat\u00eb si nj\u00eb mund\u00ebsi p\u00ebr ndryshime t\u00eb r\u00ebnd\u00ebsishme.<\/p>\n\n\n\n<p>Ky tubim, i cili u shnd\u00ebrrua n\u00eb nj\u00eb ngjarje masive, u b\u00eb nj\u00eb mund\u00ebsi p\u00ebr qytetar\u00ebt e Lipjanit dhe deg\u00ebve p\u00ebrkat\u00ebse t\u00eb tregojn\u00eb mb\u00ebshtetje p\u00ebr LDK-n\u00eb dhe p\u00ebr t\u00eb shprehur vullnetin e tyre p\u00ebr t\u00eb kontribuar n\u00eb proceset zgjedhore t\u00eb vitit 2025. Pas k\u00ebtij tubimi, \u00ebsht\u00eb e qart\u00eb se qytetar\u00ebt jan\u00eb t\u00eb gatsh\u00ebm t\u00eb dalin n\u00eb zgjedhje dhe t\u00eb japin mb\u00ebshtetje p\u00ebr ndryshimin q\u00eb ata e konsiderojn\u00eb si t\u00eb nevojsh\u00ebm p\u00ebr t\u00eb ardhmen e Kosov\u00ebs.<\/p>\n","protected":false},"excerpt":{"rendered":"<p>M\u00eb 16 janar 2025, dega e LDK-s\u00eb n\u00eb Lipjan organizoi nj\u00eb tubim elektoral n\u00eb Kraisht\u00eb, ku mor\u00ebn pjes\u00eb shum\u00eb qytetar\u00eb dhe p\u00ebrfaq\u00ebsues t\u00eb deg\u00ebve t\u00eb tjera, si Ribar i Madh, Bregu i Zi, Bujan, Zllakuqan dhe Varigoc. Ky tubim sh\u00ebnoi nj\u00eb moment t\u00eb r\u00ebnd\u00ebsish\u00ebm n\u00eb fushat\u00ebn p\u00ebr zgjedhjet komb\u00ebtare t\u00eb vitit 2025 dhe ishte nj\u00eb [&hellip;]<\/p>\n","protected":false},"author":2,"featured_media":1143,"comment_status":"open","ping_status":"open","sticky":false,"template":"","format":"standard","meta":{"footnotes":""},"categories":[74],"tags":[],"class_list":{"0":"post-1142","1":"post","2":"type-post","3":"status-publish","4":"format-standard","5":"has-post-thumbnail","7":"category-zgjedhje-2025"},"aioseo_notices":[],"_links":{"self":[{"href":"https:\/\/gazeta-lipjani.info\/index.php\/wp-json\/wp\/v2\/posts\/1142","targetHints":{"allow":["GET"]}}],"collection":[{"href":"https:\/\/gazeta-lipjani.info\/index.php\/wp-json\/wp\/v2\/posts"}],"about":[{"href":"https:\/\/gazeta-lipjani.info\/index.php\/wp-json\/wp\/v2\/types\/post"}],"author":[{"embeddable":true,"href":"https:\/\/gazeta-lipjani.info\/index.php\/wp-json\/wp\/v2\/users\/2"}],"replies":[{"embeddable":true,"href":"https:\/\/gazeta-lipjani.info\/index.php\/wp-json\/wp\/v2\/comments?post=1142"}],"version-history":[{"count":2,"href":"https:\/\/gazeta-lipjani.info\/index.php\/wp-json\/wp\/v2\/posts\/1142\/revisions"}],"predecessor-version":[{"id":1145,"href":"https:\/\/gazeta-lipjani.info\/index.php\/wp-json\/wp\/v2\/posts\/1142\/revisions\/1145"}],"wp:featuredmedia":[{"embeddable":true,"href":"https:\/\/gazeta-lipjani.info\/index.php\/wp-json\/wp\/v2\/media\/1143"}],"wp:attachment":[{"href":"https:\/\/gazeta-lipjani.info\/index.php\/wp-json\/wp\/v2\/media?parent=1142"}],"wp:term":[{"taxonomy":"category","embeddable":true,"href":"https:\/\/gazeta-lipjani.info\/index.php\/wp-json\/wp\/v2\/categories?post=1142"},{"taxonomy":"post_tag","embeddable":true,"href":"https:\/\/gazeta-lipjani.info\/index.php\/wp-json\/wp\/v2\/tags?post=1142"}],"curies":[{"name":"wp","href":"https:\/\/api.w.org\/{rel}","templated":true}]}}