{"id":1151,"date":"2025-01-18T00:06:53","date_gmt":"2025-01-17T23:06:53","guid":{"rendered":"https:\/\/gazeta-lipjani.info\/?p=1151"},"modified":"2025-01-18T00:06:53","modified_gmt":"2025-01-17T23:06:53","slug":"ldk-lipjan-vazhdon-mobilizimin-tubimet-ne-gumnaselle-dhe-rubovc-me-mesazhin-behu-ndryshimi","status":"publish","type":"post","link":"https:\/\/gazeta-lipjani.info\/index.php\/2025\/01\/18\/ldk-lipjan-vazhdon-mobilizimin-tubimet-ne-gumnaselle-dhe-rubovc-me-mesazhin-behu-ndryshimi\/","title":{"rendered":"LDK Lipjan vazhdon mobilizimin: Tubimet n\u00eb Gumnasell\u00eb dhe Rubovc me mesazhin \u201cB\u00ebhu ndryshimi\u201d"},"content":{"rendered":"\n<p><strong>Lipjan, 17 janar 2025 \u2013 N\u00eb vazhd\u00ebn e aktiviteteve p\u00ebr zgjedhjet nacionale t\u00eb vitit 2025, Lidhja Demokratike e Kosov\u00ebs (LDK), dega e Lipjanit, mbajti tubimet e radh\u00ebs n\u00eb Gumnasell\u00eb dhe Rubovc. Qytetar\u00eb t\u00eb shumt\u00eb iu p\u00ebrgjigj\u00ebn thirrjes p\u00ebr bashkim dhe p\u00ebrkrahje t\u00eb vizionit t\u00eb LDK-s\u00eb, me sloganin kryesor t\u00eb k\u00ebsaj fushate: \u201cB\u00ebhu ndryshimi\u201d.<\/strong><\/p>\n\n\n\n<p><strong>N\u00eb k\u00ebto tubime, p\u00ebrfaq\u00ebsuesit e LDK-s\u00eb prezantuan prioritetet dhe programin p\u00ebr ndryshimet e m\u00ebdha q\u00eb synojn\u00eb t\u00eb sjellin pas zgjedhjeve t\u00eb 9 shkurtit. Pjes\u00ebmarr\u00ebsit d\u00ebshmuan p\u00ebrkrahjen e tyre t\u00eb fuqishme, duke theksuar r\u00ebnd\u00ebsin\u00eb e bashkimit p\u00ebr realizimin e k\u00ebtij vizioni.<\/strong><\/p>\n\n\n\n<p><strong>Fjalimet e mbajtura nga udh\u00ebheq\u00ebsit lokal\u00eb t\u00eb LDK-s\u00eb theksuan r\u00ebnd\u00ebsin\u00eb e pjes\u00ebmarrjes aktive t\u00eb qytetar\u00ebve n\u00eb k\u00ebto zgjedhje, duke apeluar p\u00ebr angazhim t\u00eb plot\u00eb n\u00eb p\u00ebrpjekjen p\u00ebr t\u00eb sjell\u00eb nj\u00eb drejtim t\u00eb ri dhe m\u00eb t\u00eb mir\u00eb p\u00ebr vendin.<\/strong><\/p>\n\n\n\n<p><strong>\u201cMesazhi yn\u00eb \u00ebsht\u00eb i qart\u00eb:<\/strong><\/p>\n","protected":false},"excerpt":{"rendered":"<p>Lipjan, 17 janar 2025 \u2013 N\u00eb vazhd\u00ebn e aktiviteteve p\u00ebr zgjedhjet nacionale t\u00eb vitit 2025, Lidhja Demokratike e Kosov\u00ebs (LDK), dega e Lipjanit, mbajti tubimet e radh\u00ebs n\u00eb Gumnasell\u00eb dhe Rubovc. Qytetar\u00eb t\u00eb shumt\u00eb iu p\u00ebrgjigj\u00ebn thirrjes p\u00ebr bashkim dhe p\u00ebrkrahje t\u00eb vizionit t\u00eb LDK-s\u00eb, me sloganin kryesor t\u00eb k\u00ebsaj fushate: \u201cB\u00ebhu ndryshimi\u201d. N\u00eb k\u00ebto [&hellip;]<\/p>\n","protected":false},"author":2,"featured_media":1152,"comment_status":"open","ping_status":"open","sticky":false,"template":"","format":"standard","meta":{"footnotes":""},"categories":[74],"tags":[],"class_list":{"0":"post-1151","1":"post","2":"type-post","3":"status-publish","4":"format-standard","5":"has-post-thumbnail","7":"category-zgjedhje-2025"},"aioseo_notices":[],"_links":{"self":[{"href":"https:\/\/gazeta-lipjani.info\/index.php\/wp-json\/wp\/v2\/posts\/1151","targetHints":{"allow":["GET"]}}],"collection":[{"href":"https:\/\/gazeta-lipjani.info\/index.php\/wp-json\/wp\/v2\/posts"}],"about":[{"href":"https:\/\/gazeta-lipjani.info\/index.php\/wp-json\/wp\/v2\/types\/post"}],"author":[{"embeddable":true,"href":"https:\/\/gazeta-lipjani.info\/index.php\/wp-json\/wp\/v2\/users\/2"}],"replies":[{"embeddable":true,"href":"https:\/\/gazeta-lipjani.info\/index.php\/wp-json\/wp\/v2\/comments?post=1151"}],"version-history":[{"count":1,"href":"https:\/\/gazeta-lipjani.info\/index.php\/wp-json\/wp\/v2\/posts\/1151\/revisions"}],"predecessor-version":[{"id":1153,"href":"https:\/\/gazeta-lipjani.info\/index.php\/wp-json\/wp\/v2\/posts\/1151\/revisions\/1153"}],"wp:featuredmedia":[{"embeddable":true,"href":"https:\/\/gazeta-lipjani.info\/index.php\/wp-json\/wp\/v2\/media\/1152"}],"wp:attachment":[{"href":"https:\/\/gazeta-lipjani.info\/index.php\/wp-json\/wp\/v2\/media?parent=1151"}],"wp:term":[{"taxonomy":"category","embeddable":true,"href":"https:\/\/gazeta-lipjani.info\/index.php\/wp-json\/wp\/v2\/categories?post=1151"},{"taxonomy":"post_tag","embeddable":true,"href":"https:\/\/gazeta-lipjani.info\/index.php\/wp-json\/wp\/v2\/tags?post=1151"}],"curies":[{"name":"wp","href":"https:\/\/api.w.org\/{rel}","templated":true}]}}