{"id":1154,"date":"2025-01-18T21:01:35","date_gmt":"2025-01-18T20:01:35","guid":{"rendered":"https:\/\/gazeta-lipjani.info\/?p=1154"},"modified":"2025-01-18T21:01:35","modified_gmt":"2025-01-18T20:01:35","slug":"ldk-lipjani-ne-rrugetimin-drejt-fitores-se-madhe-me-9-shkurt","status":"publish","type":"post","link":"https:\/\/gazeta-lipjani.info\/index.php\/2025\/01\/18\/ldk-lipjani-ne-rrugetimin-drejt-fitores-se-madhe-me-9-shkurt\/","title":{"rendered":"LDK: Lipjani n\u00eb rrug\u00ebtimin drejt fitores s\u00eb madhe me 9 shkurt"},"content":{"rendered":"\n<p><strong>Shal\u00eb, 18 janar 2025 \u2013 LDK Lipjan vazhdon t\u00eb d\u00ebshmoj\u00eb fuqin\u00eb dhe mb\u00ebshtetjen masive p\u00ebr vizionin e Kryetarit Imri Ahmeti, nd\u00ebrsa sonte n\u00eb Shal\u00eb u mbajt nj\u00eb takim zgjedhor q\u00eb mblodhi nj\u00eb pjes\u00ebmarrje t\u00eb jasht\u00ebzakonshme t\u00eb qytetar\u00ebve nga Shala, Baica dhe Resinoci. Takimi u shnd\u00ebrrua n\u00eb nj\u00eb manifestim madh\u00ebshtor t\u00eb energjis\u00eb dhe entuziazmit, duke treguar qart\u00eb se Lipjani po p\u00ebrgatitet p\u00ebr fitoren e madhe m\u00eb 9 shkurt, n\u00eb zgjedhjet nacionale.<\/strong><\/p>\n\n\n\n<p><strong>Gjat\u00eb fjalimit t\u00eb tij para qytetar\u00ebve, Kryetari Imri Ahmeti vler\u00ebsoi angazhimin e qytetar\u00ebve t\u00eb Lipjanit dhe e cil\u00ebsoi k\u00ebt\u00eb entuziaz\u00ebm si nj\u00eb sinjal t\u00eb qart\u00eb p\u00ebr nj\u00eb ndryshim pozitiv n\u00eb shkall\u00eb komb\u00ebtare.<\/strong><\/p>\n\n\n\n<p><strong>\u201cEnergjia dhe entuziazmi q\u00eb na dhuruat sonte n\u00eb Shal\u00eb jan\u00eb motivi yn\u00eb m\u00eb i madh p\u00ebr t\u00eb ecur p\u00ebrpara. Lipjani ka d\u00ebshmuar q\u00eb \u00ebsht\u00eb gati t\u00eb b\u00ebhet model i zhvillimit p\u00ebr gjith\u00eb Kosov\u00ebn,\u201d theksoi Ahmeti.<\/strong><\/p>\n","protected":false},"excerpt":{"rendered":"<p>Shal\u00eb, 18 janar 2025 \u2013 LDK Lipjan vazhdon t\u00eb d\u00ebshmoj\u00eb fuqin\u00eb dhe mb\u00ebshtetjen masive p\u00ebr vizionin e Kryetarit Imri Ahmeti, nd\u00ebrsa sonte n\u00eb Shal\u00eb u mbajt nj\u00eb takim zgjedhor q\u00eb mblodhi nj\u00eb pjes\u00ebmarrje t\u00eb jasht\u00ebzakonshme t\u00eb qytetar\u00ebve nga Shala, Baica dhe Resinoci. Takimi u shnd\u00ebrrua n\u00eb nj\u00eb manifestim madh\u00ebshtor t\u00eb energjis\u00eb dhe entuziazmit, duke treguar [&hellip;]<\/p>\n","protected":false},"author":2,"featured_media":1155,"comment_status":"open","ping_status":"open","sticky":false,"template":"","format":"standard","meta":{"footnotes":""},"categories":[74],"tags":[],"class_list":{"0":"post-1154","1":"post","2":"type-post","3":"status-publish","4":"format-standard","5":"has-post-thumbnail","7":"category-zgjedhje-2025"},"aioseo_notices":[],"_links":{"self":[{"href":"https:\/\/gazeta-lipjani.info\/index.php\/wp-json\/wp\/v2\/posts\/1154","targetHints":{"allow":["GET"]}}],"collection":[{"href":"https:\/\/gazeta-lipjani.info\/index.php\/wp-json\/wp\/v2\/posts"}],"about":[{"href":"https:\/\/gazeta-lipjani.info\/index.php\/wp-json\/wp\/v2\/types\/post"}],"author":[{"embeddable":true,"href":"https:\/\/gazeta-lipjani.info\/index.php\/wp-json\/wp\/v2\/users\/2"}],"replies":[{"embeddable":true,"href":"https:\/\/gazeta-lipjani.info\/index.php\/wp-json\/wp\/v2\/comments?post=1154"}],"version-history":[{"count":1,"href":"https:\/\/gazeta-lipjani.info\/index.php\/wp-json\/wp\/v2\/posts\/1154\/revisions"}],"predecessor-version":[{"id":1156,"href":"https:\/\/gazeta-lipjani.info\/index.php\/wp-json\/wp\/v2\/posts\/1154\/revisions\/1156"}],"wp:featuredmedia":[{"embeddable":true,"href":"https:\/\/gazeta-lipjani.info\/index.php\/wp-json\/wp\/v2\/media\/1155"}],"wp:attachment":[{"href":"https:\/\/gazeta-lipjani.info\/index.php\/wp-json\/wp\/v2\/media?parent=1154"}],"wp:term":[{"taxonomy":"category","embeddable":true,"href":"https:\/\/gazeta-lipjani.info\/index.php\/wp-json\/wp\/v2\/categories?post=1154"},{"taxonomy":"post_tag","embeddable":true,"href":"https:\/\/gazeta-lipjani.info\/index.php\/wp-json\/wp\/v2\/tags?post=1154"}],"curies":[{"name":"wp","href":"https:\/\/api.w.org\/{rel}","templated":true}]}}