{"id":1160,"date":"2025-01-18T21:38:58","date_gmt":"2025-01-18T20:38:58","guid":{"rendered":"https:\/\/gazeta-lipjani.info\/?p=1160"},"modified":"2025-01-18T21:38:58","modified_gmt":"2025-01-18T20:38:58","slug":"janjeva-dhe-teca-mbeshtesin-fuqishem-pdk-ne-dhe-numrin-131","status":"publish","type":"post","link":"https:\/\/gazeta-lipjani.info\/index.php\/2025\/01\/18\/janjeva-dhe-teca-mbeshtesin-fuqishem-pdk-ne-dhe-numrin-131\/","title":{"rendered":"Janjeva dhe Te\u00e7a mb\u00ebshtesin fuqish\u00ebm PDK-n\u00eb dhe numrin 131"},"content":{"rendered":"\n<p><strong>Janjev\u00eb, Lipjan \u2013 N\u00ebn atmosfer\u00ebn e ngroht\u00eb dhe mb\u00ebshtetjen masive t\u00eb qytetar\u00ebve, Partia Demokratike e Kosov\u00ebs (PDK) vazhdoi tubimet elektorale n\u00eb Janjev\u00eb dhe rrethin\u00eb, duke forcuar radh\u00ebt drejt fitores s\u00eb madhe m\u00eb 9 shkurt.<\/strong><\/p>\n\n\n\n<p><strong>Takimi, i udh\u00ebhequr nga Shefi i Shtabit Zgjedhor t\u00eb Deg\u00ebs s\u00eb Lipjanit, z. Shukri Buja, sh\u00ebnoi nj\u00eb moment t\u00eb r\u00ebnd\u00ebsish\u00ebm p\u00ebr mobilizimin e mb\u00ebshtet\u00ebsve t\u00eb PDK-s\u00eb. Gjat\u00eb tubimit, u prezantua programi elektoral #MatMir\u00eb, si dhe kandidat\u00ebt p\u00ebr deputet\u00eb nga dega e PDK-s\u00eb n\u00eb Lipjan, duke p\u00ebr\u00e7uar mesazhe t\u00eb qarta p\u00ebr nj\u00eb qeverisje m\u00eb t\u00eb mir\u00eb dhe m\u00eb t\u00eb fuqishme p\u00ebr Kosov\u00ebn.<\/strong><\/p>\n\n\n\n<p><strong>N\u00eb fjalimet e tyre, drejtuesit dhe kandidat\u00ebt e PDK-s\u00eb theksuan r\u00ebnd\u00ebsin\u00eb e p\u00ebrkrahjes s\u00eb Bedri Hamz\u00ebs si Kryeminist\u00ebr dhe p\u00ebrkushtimin p\u00ebr nj\u00eb qeverisje q\u00eb sjell zhvillim ekonomik, mund\u00ebsi p\u00ebr t\u00eb rinjt\u00eb dhe p\u00ebrmir\u00ebsimin e mir\u00ebqenies s\u00eb qytetar\u00ebve.<\/strong><\/p>\n\n\n\n<p><strong>Me entuziazmin dhe angazhimin e treguar n\u00eb Janjev\u00eb dhe Te\u00e7\u00eb, PDK d\u00ebshmoi p\u00ebrkushtimin e saj p\u00ebr t\u00eb vazhduar fuqish\u00ebm drejt fitores s\u00eb madhe m\u00eb 9 shkurt.<\/strong><\/p>\n","protected":false},"excerpt":{"rendered":"<p>Janjev\u00eb, Lipjan \u2013 N\u00ebn atmosfer\u00ebn e ngroht\u00eb dhe mb\u00ebshtetjen masive t\u00eb qytetar\u00ebve, Partia Demokratike e Kosov\u00ebs (PDK) vazhdoi tubimet elektorale n\u00eb Janjev\u00eb dhe rrethin\u00eb, duke forcuar radh\u00ebt drejt fitores s\u00eb madhe m\u00eb 9 shkurt. Takimi, i udh\u00ebhequr nga Shefi i Shtabit Zgjedhor t\u00eb Deg\u00ebs s\u00eb Lipjanit, z. Shukri Buja, sh\u00ebnoi nj\u00eb moment t\u00eb r\u00ebnd\u00ebsish\u00ebm p\u00ebr [&hellip;]<\/p>\n","protected":false},"author":2,"featured_media":1161,"comment_status":"open","ping_status":"open","sticky":false,"template":"","format":"standard","meta":{"footnotes":""},"categories":[74],"tags":[],"class_list":{"0":"post-1160","1":"post","2":"type-post","3":"status-publish","4":"format-standard","5":"has-post-thumbnail","7":"category-zgjedhje-2025"},"aioseo_notices":[],"_links":{"self":[{"href":"https:\/\/gazeta-lipjani.info\/index.php\/wp-json\/wp\/v2\/posts\/1160","targetHints":{"allow":["GET"]}}],"collection":[{"href":"https:\/\/gazeta-lipjani.info\/index.php\/wp-json\/wp\/v2\/posts"}],"about":[{"href":"https:\/\/gazeta-lipjani.info\/index.php\/wp-json\/wp\/v2\/types\/post"}],"author":[{"embeddable":true,"href":"https:\/\/gazeta-lipjani.info\/index.php\/wp-json\/wp\/v2\/users\/2"}],"replies":[{"embeddable":true,"href":"https:\/\/gazeta-lipjani.info\/index.php\/wp-json\/wp\/v2\/comments?post=1160"}],"version-history":[{"count":1,"href":"https:\/\/gazeta-lipjani.info\/index.php\/wp-json\/wp\/v2\/posts\/1160\/revisions"}],"predecessor-version":[{"id":1162,"href":"https:\/\/gazeta-lipjani.info\/index.php\/wp-json\/wp\/v2\/posts\/1160\/revisions\/1162"}],"wp:featuredmedia":[{"embeddable":true,"href":"https:\/\/gazeta-lipjani.info\/index.php\/wp-json\/wp\/v2\/media\/1161"}],"wp:attachment":[{"href":"https:\/\/gazeta-lipjani.info\/index.php\/wp-json\/wp\/v2\/media?parent=1160"}],"wp:term":[{"taxonomy":"category","embeddable":true,"href":"https:\/\/gazeta-lipjani.info\/index.php\/wp-json\/wp\/v2\/categories?post=1160"},{"taxonomy":"post_tag","embeddable":true,"href":"https:\/\/gazeta-lipjani.info\/index.php\/wp-json\/wp\/v2\/tags?post=1160"}],"curies":[{"name":"wp","href":"https:\/\/api.w.org\/{rel}","templated":true}]}}