{"id":1165,"date":"2025-01-20T15:39:19","date_gmt":"2025-01-20T14:39:19","guid":{"rendered":"https:\/\/gazeta-lipjani.info\/?p=1165"},"modified":"2025-01-20T21:54:38","modified_gmt":"2025-01-20T20:54:38","slug":"op-ed-nje-qeveri-e-guximshme-per-te-humbur-zgjedhjet-zgjedhja-e-vendit-mbi-kalkulimet-politike","status":"publish","type":"post","link":"https:\/\/gazeta-lipjani.info\/index.php\/2025\/01\/20\/op-ed-nje-qeveri-e-guximshme-per-te-humbur-zgjedhjet-zgjedhja-e-vendit-mbi-kalkulimet-politike\/","title":{"rendered":"OP\/ED: Nj\u00eb Qeveri e Guximshme p\u00ebr t\u00eb Humbur Zgjedhjet: Zgjedhja e Vendit mbi Kalkulimet Politike"},"content":{"rendered":"\n<p>Bekim Krasniqi<\/p>\n\n\n\n<p><strong>Nj\u00eb qeveri q\u00eb guxon t\u00eb vendos\u00eb interesin e vendit mbi kalkulimet politike \u00ebsht\u00eb ajo q\u00eb Kosova ka nevoj\u00eb. Nd\u00ebrprerja e skemave parazite, shkurtimi i administrat\u00ebs dhe nj\u00eb reformim i thell\u00eb n\u00eb sektor\u00eb ky\u00e7 si arsimi dhe sh\u00ebndet\u00ebsia do t\u00eb ishin hapat e nj\u00eb vizioni t\u00eb ri dhe t\u00eb guximsh\u00ebm p\u00ebr vendin. Ky \u00ebsht\u00eb modeli i nj\u00eb qeverisjeje q\u00eb nuk synon t\u00eb p\u00eblqehet, por t\u00eb sh\u00ebrbej\u00eb.<\/strong><\/p>\n\n\n\n<p><strong>Sot, buxheti i shtetit \u00ebsht\u00eb shpesh i r\u00ebnduar nga praktika t\u00eb kota dhe t\u00eb korruptuara, q\u00eb sh\u00ebrbejn\u00eb p\u00ebr t\u00eb ushqyer nj\u00eb kultur\u00eb parazitare. Nd\u00ebrprerja e tyre do t\u00eb \u00e7lironte financa t\u00eb r\u00ebnd\u00ebsishme p\u00ebr investime strategjike. \u00c7far\u00eb do t\u00eb ndodhte n\u00ebse do t\u00eb guxonim t\u00eb riorientonim k\u00ebt\u00eb pasuri drejt projekteve q\u00eb forcojn\u00eb infrastruktur\u00ebn, inovacionin dhe prodhimin vendas? Nj\u00eb vendim i till\u00eb do t\u00eb k\u00ebrkonte p\u00ebrballjen me interesa t\u00eb fuqishme, por do t\u00eb ishte nj\u00eb hap drejt t\u00eb ardhmes.<\/strong><\/p>\n\n\n\n<p><strong>Reformimi i administrat\u00ebs shtet\u00ebrore \u00ebsht\u00eb nj\u00eb tjet\u00ebr sfid\u00eb q\u00eb k\u00ebrkon vendosm\u00ebri. Me nj\u00eb administrat\u00eb t\u00eb fryr\u00eb dhe t\u00eb ngarkuar nga korrupsioni, qeverisja b\u00ebhet m\u00eb e shtrenjt\u00eb dhe m\u00eb pak efektive. Nj\u00eb ulje prej 50% e personelit do t\u00eb krijonte nj\u00eb struktur\u00eb m\u00eb t\u00eb vog\u00ebl, m\u00eb efikase dhe m\u00eb t\u00eb pakorruptueshme. Nj\u00eb administrat\u00eb e till\u00eb jo vet\u00ebm q\u00eb do t\u00eb ofronte sh\u00ebrbime m\u00eb t\u00eb mira, por edhe do t\u2019i kthente besimin qytetar\u00ebve te shteti.<\/strong><\/p>\n\n\n\n<p><strong>Arsimi dhe sh\u00ebndet\u00ebsia jan\u00eb shtyllat q\u00eb mbajn\u00eb n\u00eb k\u00ebmb\u00eb \u00e7do shoq\u00ebri t\u00eb sh\u00ebndetshme dhe t\u00eb zhvilluar. P\u00ebr arsimin, reforma duhet t\u00eb nis\u00eb nga meritokracia. Nx\u00ebn\u00ebsit duhet t\u00eb konkurrojn\u00eb p\u00ebr ekselenc\u00eb, duke l\u00ebn\u00eb pas mesataren mediokre q\u00eb sot z\u00eb pjes\u00ebn m\u00eb t\u00eb madhe t\u00eb sistemit. Zvog\u00eblimi i personelit arsimor dhe rritja e konkurrenc\u00ebs do t\u00eb shtonin cil\u00ebsin\u00eb dhe do t\u00eb krijonin breza t\u00eb aft\u00eb t\u00eb p\u00ebrballen me tregun global. E nj\u00ebjta filozofi vlen edhe p\u00ebr sh\u00ebndet\u00ebsin\u00eb: kujdesi sh\u00ebndet\u00ebsor duhet t\u00eb jet\u00eb i p\u00ebrqendruar te cil\u00ebsia, jo te sasia. Optimizimi i burimeve, p\u00ebrgatitja e stafit dhe menaxhimi m\u00eb i mir\u00eb i sh\u00ebrbimeve jan\u00eb rruga p\u00ebr nj\u00eb sistem sh\u00ebndet\u00ebsor q\u00eb v\u00ebrtet i sh\u00ebrben qytetarit.<\/strong><\/p>\n\n\n\n<p><strong>Nj\u00eb qeveri q\u00eb zgjedh rrug\u00ebn e reformave rr\u00ebnj\u00ebsore dhe t\u00eb guximshme \u00ebsht\u00eb nj\u00eb qeveri q\u00eb e di se ndryshimi ka nj\u00eb \u00e7mim. Reformat e thella mund t\u00eb jen\u00eb t\u00eb dhimbshme dhe fillimisht t\u00eb pap\u00eblqyeshme. Ato mund t\u00eb shkaktojn\u00eb humbje t\u00eb mb\u00ebshtetjes politike n\u00eb planin afatshkurt\u00ebr, por p\u00ebrfitimet afatgjata jan\u00eb t\u00eb pakrahasueshme. Nj\u00eb ekonomi e \u00e7liruar nga korrupsioni, nj\u00eb shtet efikas dhe nj\u00eb shoq\u00ebri m\u00eb meritokratike jan\u00eb themelet p\u00ebr nj\u00eb Kosov\u00eb e re, m\u00eb t\u00eb drejt\u00eb dhe m\u00eb konkurruese.<\/strong><\/p>\n\n\n\n<p><strong>Kjo qeveri, ndoshta, nuk do t\u00eb mbijetonte politikisht pas nj\u00eb mandati, por do t\u00eb fitonte nj\u00eb vend t\u00eb p\u00ebrhersh\u00ebm n\u00eb historin\u00eb e vendit. Lider\u00ebt e saj nuk do t\u00eb mateshin me vota, por me ndryshimin q\u00eb ata soll\u00ebn. N\u00eb fund, suksesin e nj\u00eb qeverie nuk e p\u00ebrcakton numri i mandateve q\u00eb ajo fiton, por trash\u00ebgimia q\u00eb ajo l\u00eb pas. Dhe nj\u00eb trash\u00ebgimi e till\u00eb do t\u00eb ishte nj\u00eb Kosov\u00eb q\u00eb ec\u00ebn p\u00ebrpara, m\u00eb e fort\u00eb dhe m\u00eb e lir\u00eb, me apo pa t\u00eb nj\u00ebjt\u00ebt lider\u00eb.<\/strong><\/p>\n\n\n\n<p><strong>Le t\u00eb kemi guximin t\u00eb k\u00ebrkojm\u00eb k\u00ebt\u00eb lloj qeverisjeje. Sepse vendi ka nevoj\u00eb p\u00ebr lider\u00eb q\u00eb shikojn\u00eb p\u00ebrtej kat\u00ebr viteve t\u00eb ardhshme dhe mendojn\u00eb p\u00ebr brezat q\u00eb vijn\u00eb pas.<\/strong><\/p>\n","protected":false},"excerpt":{"rendered":"<p>Bekim Krasniqi Nj\u00eb qeveri q\u00eb guxon t\u00eb vendos\u00eb interesin e vendit mbi kalkulimet politike \u00ebsht\u00eb ajo q\u00eb Kosova ka nevoj\u00eb. Nd\u00ebrprerja e skemave parazite, shkurtimi i administrat\u00ebs dhe nj\u00eb reformim i thell\u00eb n\u00eb sektor\u00eb ky\u00e7 si arsimi dhe sh\u00ebndet\u00ebsia do t\u00eb ishin hapat e nj\u00eb vizioni t\u00eb ri dhe t\u00eb guximsh\u00ebm p\u00ebr vendin. Ky \u00ebsht\u00eb [&hellip;]<\/p>\n","protected":false},"author":2,"featured_media":1166,"comment_status":"open","ping_status":"open","sticky":false,"template":"","format":"standard","meta":{"footnotes":""},"categories":[28],"tags":[],"class_list":{"0":"post-1165","1":"post","2":"type-post","3":"status-publish","4":"format-standard","5":"has-post-thumbnail","7":"category-op-ed"},"aioseo_notices":[],"_links":{"self":[{"href":"https:\/\/gazeta-lipjani.info\/index.php\/wp-json\/wp\/v2\/posts\/1165","targetHints":{"allow":["GET"]}}],"collection":[{"href":"https:\/\/gazeta-lipjani.info\/index.php\/wp-json\/wp\/v2\/posts"}],"about":[{"href":"https:\/\/gazeta-lipjani.info\/index.php\/wp-json\/wp\/v2\/types\/post"}],"author":[{"embeddable":true,"href":"https:\/\/gazeta-lipjani.info\/index.php\/wp-json\/wp\/v2\/users\/2"}],"replies":[{"embeddable":true,"href":"https:\/\/gazeta-lipjani.info\/index.php\/wp-json\/wp\/v2\/comments?post=1165"}],"version-history":[{"count":3,"href":"https:\/\/gazeta-lipjani.info\/index.php\/wp-json\/wp\/v2\/posts\/1165\/revisions"}],"predecessor-version":[{"id":1169,"href":"https:\/\/gazeta-lipjani.info\/index.php\/wp-json\/wp\/v2\/posts\/1165\/revisions\/1169"}],"wp:featuredmedia":[{"embeddable":true,"href":"https:\/\/gazeta-lipjani.info\/index.php\/wp-json\/wp\/v2\/media\/1166"}],"wp:attachment":[{"href":"https:\/\/gazeta-lipjani.info\/index.php\/wp-json\/wp\/v2\/media?parent=1165"}],"wp:term":[{"taxonomy":"category","embeddable":true,"href":"https:\/\/gazeta-lipjani.info\/index.php\/wp-json\/wp\/v2\/categories?post=1165"},{"taxonomy":"post_tag","embeddable":true,"href":"https:\/\/gazeta-lipjani.info\/index.php\/wp-json\/wp\/v2\/tags?post=1165"}],"curies":[{"name":"wp","href":"https:\/\/api.w.org\/{rel}","templated":true}]}}