{"id":1220,"date":"2025-05-13T13:30:27","date_gmt":"2025-05-13T11:30:27","guid":{"rendered":"https:\/\/gazeta-lipjani.info\/?p=1220"},"modified":"2025-05-13T13:30:28","modified_gmt":"2025-05-13T11:30:28","slug":"nenkryetari-bytyqi-nderon-martiret-e-fshatit-mirene-me-homazhe","status":"publish","type":"post","link":"https:\/\/gazeta-lipjani.info\/index.php\/2025\/05\/13\/nenkryetari-bytyqi-nderon-martiret-e-fshatit-mirene-me-homazhe\/","title":{"rendered":"N\u00ebnkryetari Bytyqi nderon martir\u00ebt e fshatit Miren\u00eb me homazhe"},"content":{"rendered":"\n<p>Miren\u00eb, 13 maj 2025 \u2013 N\u00eb nj\u00eb akt solemn t\u00eb p\u00ebrkushtimit dhe respektit p\u00ebr t\u00eb kaluar\u00ebn heroike t\u00eb vendit, n\u00ebnkryetari i Komun\u00ebs s\u00eb Lipjanit, z. Diamant Bytyqi, s\u00eb bashku me bashk\u00ebpun\u00ebtor\u00ebt e tij, b\u00ebri sot homazhe pran\u00eb pllakave p\u00ebrkujtimore t\u00eb martir\u00ebve t\u00eb fshatit Miren\u00eb.<\/p>\n\n\n\n<p>Me vendosjen e nj\u00eb buqete me lule dhe p\u00ebrkulje para kujtimit t\u00eb t\u00eb r\u00ebn\u00ebve, n\u00ebnkryetari Bytyqi n\u00ebnvizoi r\u00ebnd\u00ebsin\u00eb e ruajtjes s\u00eb kujtes\u00ebs historike dhe nderimit t\u00eb vazhduesh\u00ebm p\u00ebr ata q\u00eb dhan\u00eb jet\u00ebn p\u00ebr lirin\u00eb e Kosov\u00ebs.<\/p>\n\n\n\n<p>\u201c\u00cbsht\u00eb detyr\u00eb e shenjt\u00eb institucionale dhe qytetare q\u00eb t\u2019i mbajm\u00eb gjall\u00eb kujtimet p\u00ebr martir\u00ebt dhe d\u00ebshmor\u00ebt tan\u00eb. Kjo trash\u00ebgimi e q\u00ebndres\u00ebs dhe sakrific\u00ebs duhet t\u00eb p\u00ebrcillet brez pas brezi si simbol i identitetit dhe krenaris\u00eb son\u00eb komb\u00ebtare,\u201d theksoi ai.<\/p>\n\n\n\n<p>Homazhet e sotme p\u00ebrb\u00ebjn\u00eb nj\u00eb d\u00ebshmi t\u00eb qart\u00eb se respekti p\u00ebr t\u00eb kaluar\u00ebn \u00ebsht\u00eb themel p\u00ebr nd\u00ebrtimin e nj\u00eb t\u00eb ardhmeje m\u00eb t\u00eb drejt\u00eb dhe m\u00eb t\u00eb vet\u00ebdijshme p\u00ebr sakrificat q\u00eb soll\u00ebn lirin\u00eb.<\/p>\n\n\n\n<p>Lavdi e p\u00ebrjetshme martir\u00ebve dhe d\u00ebshmor\u00ebve t\u00eb kombit!<\/p>\n","protected":false},"excerpt":{"rendered":"<p>Miren\u00eb, 13 maj 2025 \u2013 N\u00eb nj\u00eb akt solemn t\u00eb p\u00ebrkushtimit dhe respektit p\u00ebr t\u00eb kaluar\u00ebn heroike t\u00eb vendit, n\u00ebnkryetari i Komun\u00ebs s\u00eb Lipjanit, z. Diamant Bytyqi, s\u00eb bashku me bashk\u00ebpun\u00ebtor\u00ebt e tij, b\u00ebri sot homazhe pran\u00eb pllakave p\u00ebrkujtimore t\u00eb martir\u00ebve t\u00eb fshatit Miren\u00eb. Me vendosjen e nj\u00eb buqete me lule dhe p\u00ebrkulje para kujtimit [&hellip;]<\/p>\n","protected":false},"author":2,"featured_media":1221,"comment_status":"open","ping_status":"open","sticky":false,"template":"","format":"standard","meta":{"footnotes":""},"categories":[30],"tags":[],"class_list":{"0":"post-1220","1":"post","2":"type-post","3":"status-publish","4":"format-standard","5":"has-post-thumbnail","7":"category-lipjani"},"aioseo_notices":[],"_links":{"self":[{"href":"https:\/\/gazeta-lipjani.info\/index.php\/wp-json\/wp\/v2\/posts\/1220","targetHints":{"allow":["GET"]}}],"collection":[{"href":"https:\/\/gazeta-lipjani.info\/index.php\/wp-json\/wp\/v2\/posts"}],"about":[{"href":"https:\/\/gazeta-lipjani.info\/index.php\/wp-json\/wp\/v2\/types\/post"}],"author":[{"embeddable":true,"href":"https:\/\/gazeta-lipjani.info\/index.php\/wp-json\/wp\/v2\/users\/2"}],"replies":[{"embeddable":true,"href":"https:\/\/gazeta-lipjani.info\/index.php\/wp-json\/wp\/v2\/comments?post=1220"}],"version-history":[{"count":1,"href":"https:\/\/gazeta-lipjani.info\/index.php\/wp-json\/wp\/v2\/posts\/1220\/revisions"}],"predecessor-version":[{"id":1222,"href":"https:\/\/gazeta-lipjani.info\/index.php\/wp-json\/wp\/v2\/posts\/1220\/revisions\/1222"}],"wp:featuredmedia":[{"embeddable":true,"href":"https:\/\/gazeta-lipjani.info\/index.php\/wp-json\/wp\/v2\/media\/1221"}],"wp:attachment":[{"href":"https:\/\/gazeta-lipjani.info\/index.php\/wp-json\/wp\/v2\/media?parent=1220"}],"wp:term":[{"taxonomy":"category","embeddable":true,"href":"https:\/\/gazeta-lipjani.info\/index.php\/wp-json\/wp\/v2\/categories?post=1220"},{"taxonomy":"post_tag","embeddable":true,"href":"https:\/\/gazeta-lipjani.info\/index.php\/wp-json\/wp\/v2\/tags?post=1220"}],"curies":[{"name":"wp","href":"https:\/\/api.w.org\/{rel}","templated":true}]}}