{"id":1227,"date":"2025-06-24T22:17:17","date_gmt":"2025-06-24T20:17:17","guid":{"rendered":"https:\/\/gazeta-lipjani.info\/?p=1227"},"modified":"2025-06-24T23:01:31","modified_gmt":"2025-06-24T21:01:31","slug":"nje-fundjave-plot-ngjyra-ne-lipjan-kryetari-imri-ahmeti-bashke-me-te-rinjet-e-komunes","status":"publish","type":"post","link":"https:\/\/gazeta-lipjani.info\/index.php\/2025\/06\/24\/nje-fundjave-plot-ngjyra-ne-lipjan-kryetari-imri-ahmeti-bashke-me-te-rinjet-e-komunes\/","title":{"rendered":"Nj\u00eb Fundjav\u00eb Plot Ngjyra n\u00eb Lipjan \u2013 Kryetari Imri Ahmeti Bashk\u00eb me t\u00eb Rinj\u00ebt e Komun\u00ebs"},"content":{"rendered":"\n<p>Lipjan, 24 Qershor 2025 \u2014 Kryetari i Komun\u00ebs s\u00eb Lipjanit dhe nj\u00ebher\u00ebsh kryetar i deg\u00ebs s\u00eb LDK-s\u00eb n\u00eb k\u00ebt\u00eb komun\u00eb, Imri Ahmeti, ka ndar\u00eb nj\u00eb moment t\u00eb ve\u00e7ant\u00eb nga fundjava q\u00eb lam\u00eb pas, duke e cil\u00ebsuar si &#8220;nj\u00eb t\u00eb diel\u00eb jasht\u00eb rutin\u00ebs&#8221;, t\u00eb kaluar p\u00ebrkrah t\u00eb rinjve lipjanas n\u00eb nj\u00eb atmosfer\u00eb t\u00eb gjall\u00eb e shpres\u00ebdh\u00ebn\u00ebse.<\/p>\n\n\n\n<p>&#8220;Nj\u00eb fundjav\u00eb ndryshe, me njer\u00ebz t\u00eb jasht\u00ebzakonsh\u00ebm!&#8221; \u2014 ka shkruar Ahmeti, duke p\u00ebrshkruar nj\u00eb dit\u00eb t\u00eb mbushur me loj\u00ebra, biseda, energji pozitive dhe shum\u00eb arg\u00ebtim. Aktivitetet jan\u00eb organizuar n\u00eb nj\u00eb ambient t\u00eb hapur, ku t\u00eb rinjt\u00eb kan\u00eb pasur rastin t\u00eb bashk\u00ebbisedojn\u00eb lirsh\u00ebm me kryetarin, t\u00eb shprehin mendimet e tyre dhe t\u00eb kalojn\u00eb momente t\u00eb bukura jasht\u00eb p\u00ebrditshm\u00ebris\u00eb s\u00eb zakonshme.<\/p>\n\n\n\n<p>Pjes\u00ebmarrja e madhe dhe atmosfera pozitive tregojn\u00eb nevoj\u00ebn p\u00ebr m\u00eb shum\u00eb hap\u00ebsira t\u00eb tilla komunikimi dhe p\u00ebrfshirjeje p\u00ebr rinin\u00eb, e cila shpesh mbetet pjesa m\u00eb energjike, por edhe m\u00eb e pap\u00ebrfaq\u00ebsuar e shoq\u00ebris\u00eb.<\/p>\n\n\n\n<p>&#8220;Rinia \u00ebsht\u00eb forca jon\u00eb m\u00eb e madhe. \u00cbsht\u00eb detyr\u00eb e jona t\u2019i d\u00ebgjojm\u00eb, t\u2019i p\u00ebrfshijm\u00eb dhe t\u2019i motivojm\u00eb q\u00eb t\u00eb jen\u00eb pjes\u00eb aktive e zhvillimit t\u00eb komun\u00ebs,&#8221; \u00ebsht\u00eb shprehur Ahmeti n\u00eb nj\u00eb prononcim t\u00eb shkurt\u00ebr gjat\u00eb aktivitetit.<\/p>\n\n\n\n<p>Kjo fundjav\u00eb ndryshe tregon edhe nj\u00eb her\u00eb angazhimin e kryetarit p\u00ebr t\u2019i dh\u00ebn\u00eb hap\u00ebsir\u00eb dhe z\u00eb t\u00eb rinjve, duke i p\u00ebrfshir\u00eb ata jo vet\u00ebm n\u00eb aktivitete sociale, por edhe n\u00eb procese vendimmarr\u00ebse p\u00ebr t\u00eb ardhmen e qytetit. <\/p>\n\n\n    <div class=\"wp-block-bplugins-custom-html\" id='bPluginsCustomHtml-1'>\n    <iframe loading=\"lazy\" src=\"https:\/\/www.facebook.com\/plugins\/video.php?height=476&#038;href=https%3A%2F%2Fwww.facebook.com%2Freel%2F1034907191699281%2F&#038;show_text=false&#038;width=267&#038;t=0\" width=\"267\" height=\"476\" style=\"border:none;overflow:hidden\" scrolling=\"no\" frameborder=\"0\" allowfullscreen=\"true\" allow=\"autoplay; clipboard-write; encrypted-media; picture-in-picture; web-share\" allowFullScreen=\"true\"><\/iframe>    <\/div>\n    \n\n\n<p><\/p>\n","protected":false},"excerpt":{"rendered":"<p>Lipjan, 24 Qershor 2025 \u2014 Kryetari i Komun\u00ebs s\u00eb Lipjanit dhe nj\u00ebher\u00ebsh kryetar i deg\u00ebs s\u00eb LDK-s\u00eb n\u00eb k\u00ebt\u00eb komun\u00eb, Imri Ahmeti, ka ndar\u00eb nj\u00eb moment t\u00eb ve\u00e7ant\u00eb nga fundjava q\u00eb lam\u00eb pas, duke e cil\u00ebsuar si &#8220;nj\u00eb t\u00eb diel\u00eb jasht\u00eb rutin\u00ebs&#8221;, t\u00eb kaluar p\u00ebrkrah t\u00eb rinjve lipjanas n\u00eb nj\u00eb atmosfer\u00eb t\u00eb gjall\u00eb e shpres\u00ebdh\u00ebn\u00ebse. [&hellip;]<\/p>\n","protected":false},"author":2,"featured_media":1230,"comment_status":"open","ping_status":"open","sticky":false,"template":"","format":"standard","meta":{"footnotes":""},"categories":[30],"tags":[],"class_list":{"0":"post-1227","1":"post","2":"type-post","3":"status-publish","4":"format-standard","5":"has-post-thumbnail","7":"category-lipjani"},"aioseo_notices":[],"_links":{"self":[{"href":"https:\/\/gazeta-lipjani.info\/index.php\/wp-json\/wp\/v2\/posts\/1227","targetHints":{"allow":["GET"]}}],"collection":[{"href":"https:\/\/gazeta-lipjani.info\/index.php\/wp-json\/wp\/v2\/posts"}],"about":[{"href":"https:\/\/gazeta-lipjani.info\/index.php\/wp-json\/wp\/v2\/types\/post"}],"author":[{"embeddable":true,"href":"https:\/\/gazeta-lipjani.info\/index.php\/wp-json\/wp\/v2\/users\/2"}],"replies":[{"embeddable":true,"href":"https:\/\/gazeta-lipjani.info\/index.php\/wp-json\/wp\/v2\/comments?post=1227"}],"version-history":[{"count":7,"href":"https:\/\/gazeta-lipjani.info\/index.php\/wp-json\/wp\/v2\/posts\/1227\/revisions"}],"predecessor-version":[{"id":1240,"href":"https:\/\/gazeta-lipjani.info\/index.php\/wp-json\/wp\/v2\/posts\/1227\/revisions\/1240"}],"wp:featuredmedia":[{"embeddable":true,"href":"https:\/\/gazeta-lipjani.info\/index.php\/wp-json\/wp\/v2\/media\/1230"}],"wp:attachment":[{"href":"https:\/\/gazeta-lipjani.info\/index.php\/wp-json\/wp\/v2\/media?parent=1227"}],"wp:term":[{"taxonomy":"category","embeddable":true,"href":"https:\/\/gazeta-lipjani.info\/index.php\/wp-json\/wp\/v2\/categories?post=1227"},{"taxonomy":"post_tag","embeddable":true,"href":"https:\/\/gazeta-lipjani.info\/index.php\/wp-json\/wp\/v2\/tags?post=1227"}],"curies":[{"name":"wp","href":"https:\/\/api.w.org\/{rel}","templated":true}]}}