{"id":1241,"date":"2025-06-24T23:11:32","date_gmt":"2025-06-24T21:11:32","guid":{"rendered":"https:\/\/gazeta-lipjani.info\/?p=1241"},"modified":"2025-06-24T23:11:34","modified_gmt":"2025-06-24T21:11:34","slug":"ndaloni-gjithcka-trump-i-ngriti-zerin-netanyahut-ne-nje-telefonate-te-tensionuar-per-nderprerjen-e-sulmeve-ajrore","status":"publish","type":"post","link":"https:\/\/gazeta-lipjani.info\/index.php\/2025\/06\/24\/ndaloni-gjithcka-trump-i-ngriti-zerin-netanyahut-ne-nje-telefonate-te-tensionuar-per-nderprerjen-e-sulmeve-ajrore\/","title":{"rendered":"&#8216;Ndaloni gjith\u00e7ka&#8217;: Trump i ngriti z\u00ebrin Netanyahut n\u00eb nj\u00eb telefonat\u00eb t\u00eb tensionuar p\u00ebr nd\u00ebrprerjen e sulmeve ajrore"},"content":{"rendered":"\n<p>Nd\u00ebrsa avion\u00ebt luftarak\u00eb izraelit\u00eb hyn\u00eb n\u00eb hap\u00ebsir\u00ebn ajrore iraniane, pak minuta larg goditjes s\u00eb 20 objektivave n\u00eb p\u00ebrgjigje t\u00eb nj\u00eb l\u00ebshimi rakete iraniane q\u00eb shkeli nj\u00eb arm\u00ebpushim , u zhvillua nj\u00eb telefonat\u00eb midis kryeministrit Benjamin Netanyahu dhe presidentit t\u00eb SHBA-s\u00eb Donald Trump .<\/p>\n\n\n\n<p>Nj\u00eb burim i njohur me detajet i tha <em>gazet\u00ebs The Jerusalem Post<\/em> se Trump e ngriti z\u00ebrin ndaj kryeministrit, duke i k\u00ebrkuar: \u201cNdalo sulmin\u201d.<\/p>\n\n\n\n<p>Burimi vuri n\u00eb dukje se Netanyahu arriti t\u00eb thoshte pak gjat\u00eb telefonat\u00ebs, megjith\u00ebse shprehu vazhdimisht mir\u00ebnjohje ndaj Presidentit t\u00eb SHBA-s\u00eb.<\/p>\n\n\n\n<p>Burimi tha: \u201cIshte nj\u00eb bised\u00eb e v\u00ebshtir\u00eb midis Netanyahut dhe Presidentit Trump. Trump e konsideroi k\u00ebt\u00eb si nj\u00eb arritje personale dhe e b\u00ebri t\u00eb qart\u00eb se askush &#8211; absolutisht askush &#8211; nuk do ta minonte at\u00eb.\u201d<\/p>\n\n\n\n<p>N\u00eb fund, pilot\u00ebt e Forcave Ajrore Izraelite mor\u00ebn urdh\u00ebr p\u00ebr t\u00eb ndaluar sulmin. Si kompromis, Izraeli goditi nj\u00eb stacion radari pran\u00eb Teheranit, larg objektivave t\u00eb planifikuara fillimisht.<\/p>\n\n\n\n<figure class=\"wp-block-image\"><img decoding=\"async\" src=\"https:\/\/images.jpost.com\/image\/upload\/f_auto,fl_lossy\/c_fill,g_faces:center,h_537,w_822\/669683\" alt=\"Nj\u00eb roje sigurie q\u00ebndron n\u00eb nj\u00eb rrug\u00eb, gjat\u00eb or\u00ebve t\u00eb para t\u00eb arm\u00ebpushimit, n\u00eb Teheran, Iran, 24 qershor 2025. (krediti: MAJID ASGARIPOUR\/WANA (AGJENCIA E LAJMEVE T\u00cb AZIS\u00cb PER\u00cbNDIMORE) N\u00cbP\u00cbRMJET REUTERS)\" title=\"Nj\u00eb roje sigurie q\u00ebndron n\u00eb nj\u00eb rrug\u00eb, gjat\u00eb or\u00ebve t\u00eb para t\u00eb arm\u00ebpushimit, n\u00eb Teheran, Iran, 24 qershor 2025. (krediti: MAJID ASGARIPOUR\/WANA (AGJENCIA E LAJMEVE T\u00cb AZIS\u00cb PER\u00cbNDIMORE) N\u00cbP\u00cbRMJET REUTERS)\" \/><figcaption class=\"wp-element-caption\">Nj\u00eb roje sigurie q\u00ebndron n\u00eb nj\u00eb rrug\u00eb, gjat\u00eb or\u00ebve t\u00eb para t\u00eb arm\u00ebpushimit, n\u00eb Teheran, Iran, 24 qershor 2025. (krediti: MAJID ASGARIPOUR\/WANA (AGJENCIA E LAJMEVE T\u00cb AZIS\u00cb PER\u00cbNDIMORE) N\u00cbP\u00cbRMJET REUTERS)<\/figcaption><\/figure>\n\n\n\n<h3 class=\"wp-block-heading\"><strong>SHBA-t\u00eb gjithashtu i d\u00ebrgojn\u00eb nj\u00eb paralajm\u00ebrim t\u00eb tensionuar Iranit n\u00ebp\u00ebrmjet kanaleve t\u00eb Katarit<\/strong><\/h3>\n\n\n\n<p>SHBA-t\u00eb gjithashtu i d\u00ebrguan nj\u00eb mesazh Iranit n\u00ebp\u00ebrmjet Katarit, duke i k\u00ebrkuar atyre t\u00eb ndalonin s\u00eb sht\u00ebnat, raportoi <em>gazeta Post<\/em> m\u00eb her\u00ebt t\u00eb mart\u00ebn. Nj\u00eb zyrtar i lart\u00eb amerikan e p\u00ebrcolli k\u00ebt\u00eb mesazh n\u00ebp\u00ebrmjet nd\u00ebrmjet\u00ebsve t\u00eb Katarit: &#8220;Asnj\u00eb budallall\u00ebk, asnj\u00eb sulm i m\u00ebtejsh\u00ebm&#8221;.<\/p>\n\n\n\n<p>Nj\u00eb burim izraelit i tha <em>gazet\u00ebs Washington Post<\/em> se tani po b\u00ebhen p\u00ebrpjekje p\u00ebr t\u00eb krijuar nj\u00eb mekaniz\u00ebm dhe protokolle me SHBA-n\u00eb p\u00ebr t&#8217;iu p\u00ebrgjigjur p\u00ebrpjekjeve iraniane p\u00ebr t\u00eb rifilluar programet e tyre b\u00ebrthamore dhe balistike t\u00eb raketave, dhe p\u00ebr t\u00eb p\u00ebrcaktuar se si do t\u00eb veprojn\u00eb SHBA-t\u00eb dhe Izraeli p\u00ebr t\u00eb penguar p\u00ebrpjekje t\u00eb tilla.<\/p>\n\n\n\n<p>Nd\u00ebrkoh\u00eb, Doha po punon p\u00ebr t\u00eb ringjallur bisedimet b\u00ebrthamore midis SHBA-s\u00eb dhe Iranit. Zyrtar\u00ebt e Katarit, s\u00eb bashku me t\u00eb d\u00ebrguarin e Trump, Witkoff, zhvilluan diskutime t\u00eb gjera mbi k\u00ebt\u00eb \u00e7\u00ebshtje t\u00eb mart\u00ebn n\u00eb mbr\u00ebmje. Irani ka deklaruar vazhdimisht gjat\u00eb dy jav\u00ebve t\u00eb fundit se \u00ebsht\u00eb gati t\u00eb angazhohet n\u00eb bisedime me SHBA-n\u00eb sapo Izraeli t\u00eb ndaloj\u00eb sulmet e tij.<\/p>\n","protected":false},"excerpt":{"rendered":"<p>Nd\u00ebrsa avion\u00ebt luftarak\u00eb izraelit\u00eb hyn\u00eb n\u00eb hap\u00ebsir\u00ebn ajrore iraniane, pak minuta larg goditjes s\u00eb 20 objektivave n\u00eb p\u00ebrgjigje t\u00eb nj\u00eb l\u00ebshimi rakete iraniane q\u00eb shkeli nj\u00eb arm\u00ebpushim , u zhvillua nj\u00eb telefonat\u00eb midis kryeministrit Benjamin Netanyahu dhe presidentit t\u00eb SHBA-s\u00eb Donald Trump . Nj\u00eb burim i njohur me detajet i tha gazet\u00ebs The Jerusalem Post [&hellip;]<\/p>\n","protected":false},"author":2,"featured_media":1242,"comment_status":"open","ping_status":"open","sticky":false,"template":"","format":"standard","meta":{"footnotes":""},"categories":[7],"tags":[],"class_list":{"0":"post-1241","1":"post","2":"type-post","3":"status-publish","4":"format-standard","5":"has-post-thumbnail","7":"category-bota"},"aioseo_notices":[],"_links":{"self":[{"href":"https:\/\/gazeta-lipjani.info\/index.php\/wp-json\/wp\/v2\/posts\/1241","targetHints":{"allow":["GET"]}}],"collection":[{"href":"https:\/\/gazeta-lipjani.info\/index.php\/wp-json\/wp\/v2\/posts"}],"about":[{"href":"https:\/\/gazeta-lipjani.info\/index.php\/wp-json\/wp\/v2\/types\/post"}],"author":[{"embeddable":true,"href":"https:\/\/gazeta-lipjani.info\/index.php\/wp-json\/wp\/v2\/users\/2"}],"replies":[{"embeddable":true,"href":"https:\/\/gazeta-lipjani.info\/index.php\/wp-json\/wp\/v2\/comments?post=1241"}],"version-history":[{"count":1,"href":"https:\/\/gazeta-lipjani.info\/index.php\/wp-json\/wp\/v2\/posts\/1241\/revisions"}],"predecessor-version":[{"id":1243,"href":"https:\/\/gazeta-lipjani.info\/index.php\/wp-json\/wp\/v2\/posts\/1241\/revisions\/1243"}],"wp:featuredmedia":[{"embeddable":true,"href":"https:\/\/gazeta-lipjani.info\/index.php\/wp-json\/wp\/v2\/media\/1242"}],"wp:attachment":[{"href":"https:\/\/gazeta-lipjani.info\/index.php\/wp-json\/wp\/v2\/media?parent=1241"}],"wp:term":[{"taxonomy":"category","embeddable":true,"href":"https:\/\/gazeta-lipjani.info\/index.php\/wp-json\/wp\/v2\/categories?post=1241"},{"taxonomy":"post_tag","embeddable":true,"href":"https:\/\/gazeta-lipjani.info\/index.php\/wp-json\/wp\/v2\/tags?post=1241"}],"curies":[{"name":"wp","href":"https:\/\/api.w.org\/{rel}","templated":true}]}}