{"id":1244,"date":"2025-07-02T14:26:41","date_gmt":"2025-07-02T12:26:41","guid":{"rendered":"https:\/\/gazeta-lipjani.info\/?p=1244"},"modified":"2025-07-02T14:26:42","modified_gmt":"2025-07-02T12:26:42","slug":"shukri-buja-kandidon-per-kryetar-te-komunes-se-lipjanit-koha-per-veprim-eshte-tani","status":"publish","type":"post","link":"https:\/\/gazeta-lipjani.info\/index.php\/2025\/07\/02\/shukri-buja-kandidon-per-kryetar-te-komunes-se-lipjanit-koha-per-veprim-eshte-tani\/","title":{"rendered":"Shukri Buja kandidon p\u00ebr kryetar t\u00eb Komun\u00ebs s\u00eb Lipjanit: \u201cKoha p\u00ebr veprim \u00ebsht\u00eb tani!\u201d"},"content":{"rendered":"\n<p>Lipjan, 2 korrik 2025 \u2013<\/p>\n\n\n\n<p>Shukri Buja \u00ebsht\u00eb zyrtarizuar si kandidat i Partis\u00eb Demokratike t\u00eb Kosov\u00ebs (PDK) p\u00ebr kryetar t\u00eb Komun\u00ebs s\u00eb Lipjanit n\u00eb zgjedhjet lokale q\u00eb do t\u00eb mbahen m\u00eb 12 tetor. Njoftimi \u00ebsht\u00eb b\u00ebr\u00eb publik gjat\u00eb nj\u00eb takimi me kryetarin e PDK-s\u00eb, z. Memli Krasniqi, i cili konfirmoi p\u00ebrkrahjen e plot\u00eb p\u00ebr kandidatur\u00ebn e Buj\u00ebs.<\/p>\n\n\n\n<p>N\u00eb nj\u00eb postim n\u00eb Facebook, Buja theksoi se kandidatura e tij vjen si p\u00ebrgjigje ndaj k\u00ebrkes\u00ebs s\u00eb qytetar\u00ebve p\u00ebr ndryshim, transparenc\u00eb dhe efikasitet n\u00eb qeverisje. Ai premtoi nj\u00eb lidership t\u00eb af\u00ebrt me qytetarin dhe t\u00eb orientuar drejt projekteve konkrete q\u00eb ndikojn\u00eb drejtp\u00ebrdrejt n\u00eb p\u00ebrmir\u00ebsimin e jet\u00ebs n\u00eb komun\u00ebn e Lipjanit.<\/p>\n\n\n\n<p>\u201cLipjani ka nevoj\u00eb p\u00ebr pun\u00eb t\u00eb v\u00ebrtet\u00eb, projekte madhore dhe nj\u00eb lidership q\u00eb nuk fshihet pas fjal\u00ebve. Un\u00eb nuk premtoj gjith\u00e7ka, por at\u00eb q\u00eb premtoj, e mbaj dhe e realizoj,\u201d shkroi Buja.<\/p>\n\n\n\n<p>Ai fal\u00ebnderoi kryetarin Memli Krasniqi, strukturat e deg\u00ebs s\u00eb PDK-s\u00eb n\u00eb Lipjan, an\u00ebtar\u00ebsin\u00eb dhe qytetar\u00ebt q\u00eb, sipas tij, i kan\u00eb dh\u00ebn\u00eb besimin dhe motivin p\u00ebr t\u00eb marr\u00eb k\u00ebt\u00eb p\u00ebrgjegj\u00ebsi t\u00eb r\u00ebnd\u00ebsishme politike.<\/p>\n\n\n\n<p>Kandidatura e Shukri Buj\u00ebs pritet t\u00eb dinamizoj\u00eb gar\u00ebn zgjedhore n\u00eb Lipjan, nj\u00eb komun\u00eb q\u00eb k\u00ebrkon zhvillim t\u00eb q\u00ebndruesh\u00ebm, projekte infrastrukturore, mb\u00ebshtetje p\u00ebr t\u00eb rinjt\u00eb dhe menaxhim m\u00eb efikas t\u00eb sh\u00ebrbimeve publike.<\/p>\n\n\n\n<p>\u201cKoha p\u00ebr t\u00eb vepruar \u00ebsht\u00eb tani!\u201d \u2013 ky \u00ebsht\u00eb mesazhi p\u00ebrmbyll\u00ebs i kandidatit t\u00eb PDK-s\u00eb, q\u00eb duket se synon t\u00eb mobilizoj\u00eb qytetar\u00ebt p\u00ebr nj\u00eb kapitull t\u00eb ri n\u00eb udh\u00ebheqjen e komun\u00ebs.<\/p>\n\n\n\n<p>Zgjedhjet lokale t\u00eb 12 tetorit pritet t\u00eb sjellin nj\u00eb gar\u00eb t\u00eb fort\u00eb mes partive politike, nd\u00ebrsa v\u00ebmendja \u00ebsht\u00eb gjithnj\u00eb e m\u00eb shum\u00eb e fokusuar te programet konkrete dhe kapaciteti i kandidat\u00ebve p\u00ebr t\u00eb realizuar premtimet e dh\u00ebna.<\/p>\n","protected":false},"excerpt":{"rendered":"<p>Lipjan, 2 korrik 2025 \u2013 Shukri Buja \u00ebsht\u00eb zyrtarizuar si kandidat i Partis\u00eb Demokratike t\u00eb Kosov\u00ebs (PDK) p\u00ebr kryetar t\u00eb Komun\u00ebs s\u00eb Lipjanit n\u00eb zgjedhjet lokale q\u00eb do t\u00eb mbahen m\u00eb 12 tetor. Njoftimi \u00ebsht\u00eb b\u00ebr\u00eb publik gjat\u00eb nj\u00eb takimi me kryetarin e PDK-s\u00eb, z. Memli Krasniqi, i cili konfirmoi p\u00ebrkrahjen e plot\u00eb p\u00ebr kandidatur\u00ebn [&hellip;]<\/p>\n","protected":false},"author":2,"featured_media":1245,"comment_status":"open","ping_status":"open","sticky":false,"template":"","format":"standard","meta":{"footnotes":""},"categories":[30,74],"tags":[],"class_list":{"0":"post-1244","1":"post","2":"type-post","3":"status-publish","4":"format-standard","5":"has-post-thumbnail","7":"category-lipjani","8":"category-zgjedhje-2025"},"aioseo_notices":[],"_links":{"self":[{"href":"https:\/\/gazeta-lipjani.info\/index.php\/wp-json\/wp\/v2\/posts\/1244","targetHints":{"allow":["GET"]}}],"collection":[{"href":"https:\/\/gazeta-lipjani.info\/index.php\/wp-json\/wp\/v2\/posts"}],"about":[{"href":"https:\/\/gazeta-lipjani.info\/index.php\/wp-json\/wp\/v2\/types\/post"}],"author":[{"embeddable":true,"href":"https:\/\/gazeta-lipjani.info\/index.php\/wp-json\/wp\/v2\/users\/2"}],"replies":[{"embeddable":true,"href":"https:\/\/gazeta-lipjani.info\/index.php\/wp-json\/wp\/v2\/comments?post=1244"}],"version-history":[{"count":1,"href":"https:\/\/gazeta-lipjani.info\/index.php\/wp-json\/wp\/v2\/posts\/1244\/revisions"}],"predecessor-version":[{"id":1246,"href":"https:\/\/gazeta-lipjani.info\/index.php\/wp-json\/wp\/v2\/posts\/1244\/revisions\/1246"}],"wp:featuredmedia":[{"embeddable":true,"href":"https:\/\/gazeta-lipjani.info\/index.php\/wp-json\/wp\/v2\/media\/1245"}],"wp:attachment":[{"href":"https:\/\/gazeta-lipjani.info\/index.php\/wp-json\/wp\/v2\/media?parent=1244"}],"wp:term":[{"taxonomy":"category","embeddable":true,"href":"https:\/\/gazeta-lipjani.info\/index.php\/wp-json\/wp\/v2\/categories?post=1244"},{"taxonomy":"post_tag","embeddable":true,"href":"https:\/\/gazeta-lipjani.info\/index.php\/wp-json\/wp\/v2\/tags?post=1244"}],"curies":[{"name":"wp","href":"https:\/\/api.w.org\/{rel}","templated":true}]}}