{"id":1257,"date":"2025-07-22T17:38:22","date_gmt":"2025-07-22T15:38:22","guid":{"rendered":"https:\/\/gazeta-lipjani.info\/?p=1257"},"modified":"2025-07-22T17:38:23","modified_gmt":"2025-07-22T15:38:23","slug":"iliri-terhiqet-nga-politika-aktive-ne-aak-ky-vendim-nuk-ishte-i-lehte-por-i-domosdoshem","status":"publish","type":"post","link":"https:\/\/gazeta-lipjani.info\/index.php\/2025\/07\/22\/iliri-terhiqet-nga-politika-aktive-ne-aak-ky-vendim-nuk-ishte-i-lehte-por-i-domosdoshem\/","title":{"rendered":"Iliri t\u00ebrhiqet nga politika aktive n\u00eb AAK: \u201cKy vendim nuk ishte i leht\u00eb, por i domosdosh\u00ebm\u201d"},"content":{"rendered":"\n<p>Lipjan, 22 Korrik 2025 \u2013 Nj\u00eb lajm i r\u00ebnd\u00ebsish\u00ebm p\u00ebr sken\u00ebn politike lokale vjen nga Lipjani. Iliri, nj\u00eb nga figurat m\u00eb t\u00eb njohura t\u00eb Aleanc\u00ebs p\u00ebr Ardhm\u00ebrin\u00eb e Kosov\u00ebs (AAK) n\u00eb k\u00ebt\u00eb komun\u00eb, ka njoftuar publikisht t\u00ebrheqjen e tij nga aktiviteti politik brenda subjektit, duke u t\u00ebrhequr gjithashtu nga kandidatura p\u00ebr Kryetar Komune dhe nga t\u00eb gjitha funksionet q\u00eb ka ushtruar deri m\u00eb sot.<\/p>\n\n\n\n<p>N\u00eb nj\u00eb postim t\u00eb b\u00ebr\u00eb n\u00eb rrjete sociale, Iliri e cil\u00ebsoi vendimin si \u201ct\u00eb v\u00ebshtir\u00eb, por t\u00eb nevojsh\u00ebm\u201d, duke theksuar se kjo \u00ebsht\u00eb nj\u00eb faz\u00eb q\u00eb k\u00ebrkon reflektim dhe nj\u00eb drejtim t\u00eb ri n\u00eb rrug\u00ebtimin e tij profesional dhe personal.<\/p>\n\n\n\n<p>\u201cKy vendim nuk ka qen\u00eb i leht\u00eb, por \u00ebsht\u00eb marr\u00eb me bindjen se n\u00eb k\u00ebt\u00eb faz\u00eb, nj\u00eb hap i till\u00eb \u00ebsht\u00eb m\u00eb i miri p\u00ebr rrug\u00ebtimin tim t\u00eb m\u00ebtejm\u00eb,\u201d \u2013 shkroi ai.<\/p>\n\n\n\n<p>Iliri fal\u00ebnderoi me mir\u00ebnjohje t\u00eb thell\u00eb t\u00eb gjith\u00eb bashk\u00ebpun\u00ebtor\u00ebt, miqt\u00eb dhe qytetar\u00ebt q\u00eb kan\u00eb q\u00ebndruar pran\u00eb tij nd\u00ebr vite, duke shtuar se mb\u00ebshtetja e tyre ka qen\u00eb motivimi kryesor n\u00eb angazhimet e tij, si n\u00eb nivel lokal ashtu edhe n\u00eb at\u00eb qendror.<\/p>\n\n\n\n<p>\u201cMb\u00ebshtetja juaj ka qen\u00eb motivimi m\u00eb i madh n\u00eb \u00e7do angazhim timin,\u201d \u2013 theksoi ai m\u00eb tej.<\/p>\n\n\n\n<p>Megjith\u00ebse i t\u00ebrhequr nga funksionet aktuale politike, Iliri nuk p\u00ebrjashton rikthimin e tij n\u00eb sken\u00ebn publike, duke l\u00ebn\u00eb t\u00eb hapur mund\u00ebsin\u00eb e angazhimit t\u00eb ardhsh\u00ebm p\u00ebr t\u00eb mir\u00ebn e qytetar\u00ebve dhe vendit.<\/p>\n\n\n\n<p>\u201cBetejat politike nuk p\u00ebrfundojn\u00eb k\u00ebtu. Do t\u00eb shihemi s\u00ebrish \u2013 me t\u00eb nj\u00ebjtin p\u00ebrkushtim p\u00ebr t\u00eb mir\u00ebn e qytetar\u00ebve dhe t\u00eb vendit ton\u00eb,\u201d \u2013 p\u00ebrfundoi ai mesazhin e tij.<\/p>\n\n\n\n<p>Ky zhvillim pritet t\u00eb sjell\u00eb l\u00ebvizje t\u00eb reja n\u00eb strukturat lokale t\u00eb AAK-s\u00eb n\u00eb Lipjan, si dhe t\u00eb hap\u00eb diskutime t\u00eb reja mbi drejtimin e ardhsh\u00ebm t\u00eb k\u00ebsaj dege partiake.<\/p>\n\n\n\n<p>Gazeta Lipjani.info do t\u00eb vijoj\u00eb t\u00eb raportoj\u00eb mbi zhvillimet e m\u00ebtejme politike n\u00eb komun\u00ebn ton\u00eb.<\/p>\n","protected":false},"excerpt":{"rendered":"<p>Lipjan, 22 Korrik 2025 \u2013 Nj\u00eb lajm i r\u00ebnd\u00ebsish\u00ebm p\u00ebr sken\u00ebn politike lokale vjen nga Lipjani. Iliri, nj\u00eb nga figurat m\u00eb t\u00eb njohura t\u00eb Aleanc\u00ebs p\u00ebr Ardhm\u00ebrin\u00eb e Kosov\u00ebs (AAK) n\u00eb k\u00ebt\u00eb komun\u00eb, ka njoftuar publikisht t\u00ebrheqjen e tij nga aktiviteti politik brenda subjektit, duke u t\u00ebrhequr gjithashtu nga kandidatura p\u00ebr Kryetar Komune dhe nga [&hellip;]<\/p>\n","protected":false},"author":2,"featured_media":1258,"comment_status":"open","ping_status":"open","sticky":false,"template":"","format":"standard","meta":{"footnotes":""},"categories":[30],"tags":[],"class_list":{"0":"post-1257","1":"post","2":"type-post","3":"status-publish","4":"format-standard","5":"has-post-thumbnail","7":"category-lipjani"},"aioseo_notices":[],"_links":{"self":[{"href":"https:\/\/gazeta-lipjani.info\/index.php\/wp-json\/wp\/v2\/posts\/1257","targetHints":{"allow":["GET"]}}],"collection":[{"href":"https:\/\/gazeta-lipjani.info\/index.php\/wp-json\/wp\/v2\/posts"}],"about":[{"href":"https:\/\/gazeta-lipjani.info\/index.php\/wp-json\/wp\/v2\/types\/post"}],"author":[{"embeddable":true,"href":"https:\/\/gazeta-lipjani.info\/index.php\/wp-json\/wp\/v2\/users\/2"}],"replies":[{"embeddable":true,"href":"https:\/\/gazeta-lipjani.info\/index.php\/wp-json\/wp\/v2\/comments?post=1257"}],"version-history":[{"count":1,"href":"https:\/\/gazeta-lipjani.info\/index.php\/wp-json\/wp\/v2\/posts\/1257\/revisions"}],"predecessor-version":[{"id":1259,"href":"https:\/\/gazeta-lipjani.info\/index.php\/wp-json\/wp\/v2\/posts\/1257\/revisions\/1259"}],"wp:featuredmedia":[{"embeddable":true,"href":"https:\/\/gazeta-lipjani.info\/index.php\/wp-json\/wp\/v2\/media\/1258"}],"wp:attachment":[{"href":"https:\/\/gazeta-lipjani.info\/index.php\/wp-json\/wp\/v2\/media?parent=1257"}],"wp:term":[{"taxonomy":"category","embeddable":true,"href":"https:\/\/gazeta-lipjani.info\/index.php\/wp-json\/wp\/v2\/categories?post=1257"},{"taxonomy":"post_tag","embeddable":true,"href":"https:\/\/gazeta-lipjani.info\/index.php\/wp-json\/wp\/v2\/tags?post=1257"}],"curies":[{"name":"wp","href":"https:\/\/api.w.org\/{rel}","templated":true}]}}