{"id":1264,"date":"2025-07-24T18:27:03","date_gmt":"2025-07-24T16:27:03","guid":{"rendered":"https:\/\/gazeta-lipjani.info\/?p=1264"},"modified":"2025-07-24T18:27:04","modified_gmt":"2025-07-24T16:27:04","slug":"bashkim-budakova-zyrtarizon-kandidaturen-per-kryetar-te-komunes-se-lipjanit","status":"publish","type":"post","link":"https:\/\/gazeta-lipjani.info\/index.php\/2025\/07\/24\/bashkim-budakova-zyrtarizon-kandidaturen-per-kryetar-te-komunes-se-lipjanit\/","title":{"rendered":"Bashkim Budakova zyrtarizon kandidatur\u00ebn p\u00ebr Kryetar t\u00eb Komun\u00ebs s\u00eb Lipjanit"},"content":{"rendered":"\n<p>Lipjan, 22 Korrik 2025 \u2013 Bashkim Budakova ka zyrtarizuar sot kandidatur\u00ebn e tij p\u00ebr Kryetar t\u00eb Komun\u00ebs s\u00eb Lipjanit, duke marr\u00eb p\u00ebrkrahjen zyrtare nga strukturat e Aleanc\u00ebs p\u00ebr Ardhm\u00ebrin\u00eb e Kosov\u00ebs (AAK) \u2013 Dega n\u00eb Lipjan, si dhe nga kryetari i partis\u00eb, z. Ramush Haradinaj.<\/p>\n\n\n\n<p>N\u00eb nj\u00eb deklarat\u00eb publike drejtuar qytetar\u00ebve t\u00eb Lipjanit, Budakova theksoi p\u00ebrkushtimin e tij p\u00ebr t\u00eb udh\u00ebhequr komun\u00ebn me p\u00ebrgjegj\u00ebsi dhe transparenc\u00eb, duke u zotuar p\u00ebr nj\u00eb qeverisje q\u00eb vendos qytetarin n\u00eb qend\u00ebr t\u00eb \u00e7do vendimmarrjeje.<\/p>\n\n\n\n<p>\u201cSot, strukturat e Aleanc\u00ebs p\u00ebr Ardhm\u00ebrin\u00eb e Kosov\u00ebs \u2013 Dega n\u00eb Lipjan, si dhe Kryetari Ramush Haradinaj, m\u00eb kan\u00eb besuar kandidimin p\u00ebr t\u00eb udh\u00ebhequr komun\u00ebn ton\u00eb drejt nj\u00eb t\u00eb ardhmeje m\u00eb t\u00eb mir\u00eb,\u201d u shpreh Budakova.<\/p>\n\n\n\n<p>Me nj\u00eb p\u00ebrvoj\u00eb tet\u00ebvje\u00e7are si Asambleist n\u00eb Kuvendin Komunal, ai ka premtuar se do t\u00eb vazhdoj\u00eb t\u00eb d\u00ebgjoj\u00eb, t\u00eb veproj\u00eb me sinqeritet dhe t\u00eb q\u00ebndroj\u00eb pran\u00eb qytetar\u00ebve n\u00eb \u00e7do hap.<\/p>\n\n\n\n<p>\u201cBesoj n\u00eb pun\u00eb t\u00eb ndershme, n\u00eb bashk\u00ebpunim t\u00eb hapur dhe n\u00eb vendimmarrje q\u00eb e v\u00eb qytetarin n\u00eb qend\u00ebr,\u201d shtoi ai.<\/p>\n\n\n\n<p>Bashkim Budakova e p\u00ebrmbylli mesazhin e tij me nj\u00eb thirrje p\u00ebr bashk\u00ebpunim dhe p\u00ebrkrahje, duke theksuar se \u201cLipjani meriton m\u00eb shum\u00eb \u2013 dhe s\u00eb bashku mund t\u2019ia dalim!\u201d<\/p>\n\n\n\n<p>Kandidimi i Budakov\u00ebs vjen n\u00eb nj\u00eb moment ky\u00e7 p\u00ebr AAK-n\u00eb n\u00eb Lipjan, pas t\u00ebrheqjes s\u00eb kandidatit t\u00eb m\u00ebparsh\u00ebm Iliri nga gara dhe funksionet partiake. Ky zhvillim pritet t\u00eb sjell\u00eb nj\u00eb dinamik\u00eb t\u00eb re n\u00eb fushat\u00ebn zgjedhore lokale.<\/p>\n\n\n\n<p>Gazeta Lipjani.info do t\u00eb ndjek\u00eb nga af\u00ebr zhvillimet zgjedhore dhe kandidat\u00ebt q\u00eb garojn\u00eb p\u00ebr t\u00eb ardhmen e Komun\u00ebs s\u00eb Lipjanit.<\/p>\n","protected":false},"excerpt":{"rendered":"<p>Lipjan, 22 Korrik 2025 \u2013 Bashkim Budakova ka zyrtarizuar sot kandidatur\u00ebn e tij p\u00ebr Kryetar t\u00eb Komun\u00ebs s\u00eb Lipjanit, duke marr\u00eb p\u00ebrkrahjen zyrtare nga strukturat e Aleanc\u00ebs p\u00ebr Ardhm\u00ebrin\u00eb e Kosov\u00ebs (AAK) \u2013 Dega n\u00eb Lipjan, si dhe nga kryetari i partis\u00eb, z. Ramush Haradinaj. N\u00eb nj\u00eb deklarat\u00eb publike drejtuar qytetar\u00ebve t\u00eb Lipjanit, Budakova theksoi [&hellip;]<\/p>\n","protected":false},"author":2,"featured_media":1265,"comment_status":"open","ping_status":"open","sticky":false,"template":"","format":"standard","meta":{"footnotes":""},"categories":[30],"tags":[],"class_list":{"0":"post-1264","1":"post","2":"type-post","3":"status-publish","4":"format-standard","5":"has-post-thumbnail","7":"category-lipjani"},"aioseo_notices":[],"_links":{"self":[{"href":"https:\/\/gazeta-lipjani.info\/index.php\/wp-json\/wp\/v2\/posts\/1264","targetHints":{"allow":["GET"]}}],"collection":[{"href":"https:\/\/gazeta-lipjani.info\/index.php\/wp-json\/wp\/v2\/posts"}],"about":[{"href":"https:\/\/gazeta-lipjani.info\/index.php\/wp-json\/wp\/v2\/types\/post"}],"author":[{"embeddable":true,"href":"https:\/\/gazeta-lipjani.info\/index.php\/wp-json\/wp\/v2\/users\/2"}],"replies":[{"embeddable":true,"href":"https:\/\/gazeta-lipjani.info\/index.php\/wp-json\/wp\/v2\/comments?post=1264"}],"version-history":[{"count":1,"href":"https:\/\/gazeta-lipjani.info\/index.php\/wp-json\/wp\/v2\/posts\/1264\/revisions"}],"predecessor-version":[{"id":1266,"href":"https:\/\/gazeta-lipjani.info\/index.php\/wp-json\/wp\/v2\/posts\/1264\/revisions\/1266"}],"wp:featuredmedia":[{"embeddable":true,"href":"https:\/\/gazeta-lipjani.info\/index.php\/wp-json\/wp\/v2\/media\/1265"}],"wp:attachment":[{"href":"https:\/\/gazeta-lipjani.info\/index.php\/wp-json\/wp\/v2\/media?parent=1264"}],"wp:term":[{"taxonomy":"category","embeddable":true,"href":"https:\/\/gazeta-lipjani.info\/index.php\/wp-json\/wp\/v2\/categories?post=1264"},{"taxonomy":"post_tag","embeddable":true,"href":"https:\/\/gazeta-lipjani.info\/index.php\/wp-json\/wp\/v2\/tags?post=1264"}],"curies":[{"name":"wp","href":"https:\/\/api.w.org\/{rel}","templated":true}]}}