{"id":1267,"date":"2025-07-31T21:15:35","date_gmt":"2025-07-31T19:15:35","guid":{"rendered":"https:\/\/gazeta-lipjani.info\/?p=1267"},"modified":"2025-07-31T21:33:21","modified_gmt":"2025-07-31T19:33:21","slug":"nenshkruhet-kontrata-per-ndertimin-e-lagjes-se-re-ne-lipjan-perfitojne-kategorite-e-dala-nga-lufta","status":"publish","type":"post","link":"https:\/\/gazeta-lipjani.info\/index.php\/2025\/07\/31\/nenshkruhet-kontrata-per-ndertimin-e-lagjes-se-re-ne-lipjan-perfitojne-kategorite-e-dala-nga-lufta\/","title":{"rendered":"N\u00ebnshkruhet kontrata p\u00ebr nd\u00ebrtimin e lagjes s\u00eb re n\u00eb Lipjan \u2013 p\u00ebrfitojn\u00eb kategorit\u00eb e dala nga lufta"},"content":{"rendered":"\n<p>Lipjan, 31 korrik 2025 \u2013 Nj\u00eb dit\u00eb e r\u00ebnd\u00ebsishme p\u00ebr komun\u00ebn e Lipjanit: Kryetari i Komun\u00ebs, Imri Ahmeti, ka n\u00ebnshkruar sot kontrat\u00ebn p\u00ebr nd\u00ebrtimin e nj\u00eb lagjeje t\u00eb re, nj\u00eb projekt madhor q\u00eb do t\u00eb p\u00ebrfshij\u00eb rreth 100 nj\u00ebsi banesore, t\u00eb dedikuara p\u00ebr familjet e d\u00ebshmor\u00ebve, veteran\u00ebt dhe invalid\u00ebt e luft\u00ebs s\u00eb U\u00c7K-s\u00eb.<\/p>\n\n\n\n<p>Ky projekt do t\u00eb shtrihet n\u00eb nj\u00eb sip\u00ebrfaqe prej 45,000 metrash katror\u00eb dhe synon t\u00eb ofroj\u00eb jo vet\u00ebm strehim modern dhe dinjitoz, por edhe qet\u00ebsi dhe siguri p\u00ebr familjet q\u00eb kan\u00eb dh\u00ebn\u00eb shum\u00eb p\u00ebr lirin\u00eb e vendit.<\/p>\n\n\n\n<p>\u201cJam i lumtur q\u00eb sot n\u00ebnshkruam kontrat\u00ebn p\u00ebr nd\u00ebrtimin e lagjes s\u00eb re, ku do t\u00eb p\u00ebrfitojn\u00eb kategorit\u00eb e dala nga lufta!<\/p>\n\n\n\n<p>Ky \u00ebsht\u00eb nj\u00eb lajm i shk\u00eblqyer p\u00ebr Lipjanin ton\u00eb, nj\u00eb projekt i madh q\u00eb sjell mund\u00ebsi p\u00ebr banim dhe dinjitet p\u00ebr ata q\u00eb kan\u00eb dh\u00ebn\u00eb shum\u00eb p\u00ebr vendin, por edhe p\u00ebr ata q\u00eb kan\u00eb m\u00eb shum\u00eb nevoj\u00eb,\u201d deklaroi kryetari Imri Ahmeti pas n\u00ebnshkrimit.<\/p>\n\n\n\n<p>Banesat do t\u2019u jepen p\u00ebr shfryt\u00ebzim falas dhe afatgjat\u00eb familjeve p\u00ebrfituese, duke krijuar nj\u00eb hap\u00ebsir\u00eb t\u00eb re urbane q\u00eb i shton vler\u00eb komun\u00ebs si n\u00eb aspektin social, ashtu edhe n\u00eb at\u00eb estetik.<\/p>\n\n\n\n<p>\u201cPo nd\u00ebrtojm\u00eb nj\u00eb lagje t\u00eb re, t\u00eb bukur, me kushte moderne, q\u00eb jo vet\u00ebm do t\u2019i jap\u00eb qytetit pamje m\u00eb t\u00eb mir\u00eb, por mbi t\u00eb gjitha do t\u00eb sjell\u00eb qet\u00ebsi dhe siguri p\u00ebr shum\u00eb familje.<\/p>\n\n\n\n<p>Ky \u00ebsht\u00eb vet\u00ebm nj\u00eb hap tjet\u00ebr n\u00eb rrug\u00ebn ton\u00eb t\u00eb p\u00ebrkushtimit dhe pun\u00ebs konkrete,\u201d shtoi Ahmeti.<\/p>\n\n\n\n<p>Ky projekt reflekton p\u00ebrkushtimin institucional t\u00eb Komun\u00ebs s\u00eb Lipjanit p\u00ebr t\u00eb mb\u00ebshtetur kategorit\u00eb q\u00eb kan\u00eb sakrifikuar m\u00eb s\u00eb shumti p\u00ebr vendin dhe p\u00ebr t\u00eb nd\u00ebrtuar nj\u00eb t\u00eb ardhme m\u00eb t\u00eb mir\u00eb p\u00ebr t\u00eb gjith\u00eb qytetar\u00ebt.<\/p>\n\n\n\n<p>Urime Lipjanit dhe t\u00eb gjith\u00eb p\u00ebrfituesve!<\/p>\n\n\n\n<p>P\u00ebr m\u00eb shum\u00eb lajme t\u00eb ngjashme, q\u00ebndroni me Lipjan.info.<\/p>\n\n\n\n<p><\/p>\n\n\n\n<p><\/p>\n\n\n\n<p><\/p>\n\n\n\n<p><\/p>\n\n\n\n<p><\/p>\n\n\n\n<p><\/p>\n\n\n\n<p><\/p>\n\n\n\n<p><\/p>\n\n\n\n<p><img loading=\"lazy\" decoding=\"async\" width=\"1280\" height=\"1156\" class=\"wp-image-1269\" style=\"width: 150px\" src=\"https:\/\/gazeta-lipjani.info\/wp-content\/uploads\/2025\/07\/IMG_4680.jpeg\" alt=\"\" srcset=\"https:\/\/gazeta-lipjani.info\/wp-content\/uploads\/2025\/07\/IMG_4680.jpeg 1280w, https:\/\/gazeta-lipjani.info\/wp-content\/uploads\/2025\/07\/IMG_4680-300x271.jpeg 300w, https:\/\/gazeta-lipjani.info\/wp-content\/uploads\/2025\/07\/IMG_4680-1024x925.jpeg 1024w, https:\/\/gazeta-lipjani.info\/wp-content\/uploads\/2025\/07\/IMG_4680-768x694.jpeg 768w, https:\/\/gazeta-lipjani.info\/wp-content\/uploads\/2025\/07\/IMG_4680-150x135.jpeg 150w, https:\/\/gazeta-lipjani.info\/wp-content\/uploads\/2025\/07\/IMG_4680-696x629.jpeg 696w, https:\/\/gazeta-lipjani.info\/wp-content\/uploads\/2025\/07\/IMG_4680-1068x965.jpeg 1068w\" sizes=\"auto, (max-width: 1280px) 100vw, 1280px\" \/><br><\/p>\n","protected":false},"excerpt":{"rendered":"<p>Lipjan, 31 korrik 2025 \u2013 Nj\u00eb dit\u00eb e r\u00ebnd\u00ebsishme p\u00ebr komun\u00ebn e Lipjanit: Kryetari i Komun\u00ebs, Imri Ahmeti, ka n\u00ebnshkruar sot kontrat\u00ebn p\u00ebr nd\u00ebrtimin e nj\u00eb lagjeje t\u00eb re, nj\u00eb projekt madhor q\u00eb do t\u00eb p\u00ebrfshij\u00eb rreth 100 nj\u00ebsi banesore, t\u00eb dedikuara p\u00ebr familjet e d\u00ebshmor\u00ebve, veteran\u00ebt dhe invalid\u00ebt e luft\u00ebs s\u00eb U\u00c7K-s\u00eb. Ky projekt [&hellip;]<\/p>\n","protected":false},"author":2,"featured_media":1268,"comment_status":"open","ping_status":"open","sticky":false,"template":"","format":"standard","meta":{"footnotes":""},"categories":[12,30],"tags":[],"class_list":{"0":"post-1267","1":"post","2":"type-post","3":"status-publish","4":"format-standard","5":"has-post-thumbnail","7":"category-kosova","8":"category-lipjani"},"aioseo_notices":[],"_links":{"self":[{"href":"https:\/\/gazeta-lipjani.info\/index.php\/wp-json\/wp\/v2\/posts\/1267","targetHints":{"allow":["GET"]}}],"collection":[{"href":"https:\/\/gazeta-lipjani.info\/index.php\/wp-json\/wp\/v2\/posts"}],"about":[{"href":"https:\/\/gazeta-lipjani.info\/index.php\/wp-json\/wp\/v2\/types\/post"}],"author":[{"embeddable":true,"href":"https:\/\/gazeta-lipjani.info\/index.php\/wp-json\/wp\/v2\/users\/2"}],"replies":[{"embeddable":true,"href":"https:\/\/gazeta-lipjani.info\/index.php\/wp-json\/wp\/v2\/comments?post=1267"}],"version-history":[{"count":2,"href":"https:\/\/gazeta-lipjani.info\/index.php\/wp-json\/wp\/v2\/posts\/1267\/revisions"}],"predecessor-version":[{"id":1273,"href":"https:\/\/gazeta-lipjani.info\/index.php\/wp-json\/wp\/v2\/posts\/1267\/revisions\/1273"}],"wp:featuredmedia":[{"embeddable":true,"href":"https:\/\/gazeta-lipjani.info\/index.php\/wp-json\/wp\/v2\/media\/1268"}],"wp:attachment":[{"href":"https:\/\/gazeta-lipjani.info\/index.php\/wp-json\/wp\/v2\/media?parent=1267"}],"wp:term":[{"taxonomy":"category","embeddable":true,"href":"https:\/\/gazeta-lipjani.info\/index.php\/wp-json\/wp\/v2\/categories?post=1267"},{"taxonomy":"post_tag","embeddable":true,"href":"https:\/\/gazeta-lipjani.info\/index.php\/wp-json\/wp\/v2\/tags?post=1267"}],"curies":[{"name":"wp","href":"https:\/\/api.w.org\/{rel}","templated":true}]}}