{"id":1281,"date":"2025-09-08T00:17:04","date_gmt":"2025-09-07T22:17:04","guid":{"rendered":"https:\/\/gazeta-lipjani.info\/?p=1281"},"modified":"2025-09-08T00:17:04","modified_gmt":"2025-09-07T22:17:04","slug":"tubimi-i-ldk-se-me-grate-ne-lipjan-ahmeti-falenderon-perkraheset-per-kontributin-e-tyre","status":"publish","type":"post","link":"https:\/\/gazeta-lipjani.info\/index.php\/2025\/09\/08\/tubimi-i-ldk-se-me-grate-ne-lipjan-ahmeti-falenderon-perkraheset-per-kontributin-e-tyre\/","title":{"rendered":"Tubimi i LDK-s\u00eb me grat\u00eb n\u00eb Lipjan: Ahmeti fal\u00ebnderon p\u00ebrkrah\u00ebset p\u00ebr kontributin e tyre"},"content":{"rendered":"\n<p>Lipjan, 7 shtator 2025 \u2013 N\u00eb kuad\u00ebr t\u00eb aktiviteteve parazgjedhore para nisjes s\u00eb fushat\u00ebs, dega e Lidhjes Demokratike t\u00eb Kosov\u00ebs (LDK) n\u00eb Lipjan ka mbajtur nj\u00eb tubim madh\u00ebshtor me grat\u00eb. Ngjarja u zhvillua n\u00eb nj\u00eb sall\u00eb t\u00eb mbushur me qindra pjes\u00ebmarr\u00ebse, t\u00eb cilat shpreh\u00ebn p\u00ebrkrahjen e tyre p\u00ebr vizionin e partis\u00eb.<\/p>\n\n\n\n<p>N\u00eb k\u00ebt\u00eb aktivitet, kryetari i Komun\u00ebs s\u00eb Lipjanit dhe nj\u00ebher\u00ebsh kryetar i LDK-s\u00eb, dega n\u00eb Lipjan, Imri Ahmeti, vler\u00ebsoi lart rolin e grave n\u00eb shoq\u00ebri dhe politik\u00eb, duke i cil\u00ebsuar ato si boshti i fitores s\u00eb 12 tetorit.<\/p>\n\n\n\n<p>\u201cMe p\u00ebrkushtimin, vendosm\u00ebrin\u00eb dhe besimin e tyre, mb\u00ebshtetja e grave \u00ebsht\u00eb garancia q\u00eb s\u00eb bashku po nd\u00ebrtojm\u00eb nj\u00eb Lipjan edhe m\u00eb t\u00eb zhvilluar\u201d, tha Ahmeti n\u00eb fjal\u00ebn e tij para t\u00eb pranishmeve.<\/p>\n\n\n\n<p>Ai shtoi se grat\u00eb jan\u00eb shtylla e familjes dhe se kontributi i tyre \u00ebsht\u00eb i paz\u00ebvend\u00ebsuesh\u00ebm n\u00eb \u00e7do hap t\u00eb p\u00ebrparimit t\u00eb p\u00ebrbashk\u00ebt:<\/p>\n\n\n\n<p>\u201cJu fal\u00ebnderoj nga zemra p\u00ebr mb\u00ebshtetjen dhe kontributin e fuqish\u00ebm q\u00eb jepni \u00e7do dit\u00eb! Me ju, fitorja \u00ebsht\u00eb e sigurt. Me ju, 12 tetori do t\u00eb jet\u00eb festa jon\u00eb e p\u00ebrbashk\u00ebt.\u201d<\/p>\n\n\n\n<p>Ky tubim sh\u00ebnon nj\u00eb nga ngjarjet m\u00eb t\u00eb m\u00ebdha t\u00eb aktiviteteve parazgjedhore t\u00eb LDK-s\u00eb n\u00eb Lipjan, duke paralajm\u00ebruar nj\u00eb mobilizim t\u00eb gjer\u00eb t\u00eb strukturave partiake para fushat\u00ebs zyrtare.<\/p>\n","protected":false},"excerpt":{"rendered":"<p>Lipjan, 7 shtator 2025 \u2013 N\u00eb kuad\u00ebr t\u00eb aktiviteteve parazgjedhore para nisjes s\u00eb fushat\u00ebs, dega e Lidhjes Demokratike t\u00eb Kosov\u00ebs (LDK) n\u00eb Lipjan ka mbajtur nj\u00eb tubim madh\u00ebshtor me grat\u00eb. Ngjarja u zhvillua n\u00eb nj\u00eb sall\u00eb t\u00eb mbushur me qindra pjes\u00ebmarr\u00ebse, t\u00eb cilat shpreh\u00ebn p\u00ebrkrahjen e tyre p\u00ebr vizionin e partis\u00eb. N\u00eb k\u00ebt\u00eb aktivitet, kryetari [&hellip;]<\/p>\n","protected":false},"author":2,"featured_media":1282,"comment_status":"open","ping_status":"open","sticky":false,"template":"","format":"standard","meta":{"footnotes":""},"categories":[30,74],"tags":[],"class_list":{"0":"post-1281","1":"post","2":"type-post","3":"status-publish","4":"format-standard","5":"has-post-thumbnail","7":"category-lipjani","8":"category-zgjedhje-2025"},"aioseo_notices":[],"_links":{"self":[{"href":"https:\/\/gazeta-lipjani.info\/index.php\/wp-json\/wp\/v2\/posts\/1281","targetHints":{"allow":["GET"]}}],"collection":[{"href":"https:\/\/gazeta-lipjani.info\/index.php\/wp-json\/wp\/v2\/posts"}],"about":[{"href":"https:\/\/gazeta-lipjani.info\/index.php\/wp-json\/wp\/v2\/types\/post"}],"author":[{"embeddable":true,"href":"https:\/\/gazeta-lipjani.info\/index.php\/wp-json\/wp\/v2\/users\/2"}],"replies":[{"embeddable":true,"href":"https:\/\/gazeta-lipjani.info\/index.php\/wp-json\/wp\/v2\/comments?post=1281"}],"version-history":[{"count":1,"href":"https:\/\/gazeta-lipjani.info\/index.php\/wp-json\/wp\/v2\/posts\/1281\/revisions"}],"predecessor-version":[{"id":1283,"href":"https:\/\/gazeta-lipjani.info\/index.php\/wp-json\/wp\/v2\/posts\/1281\/revisions\/1283"}],"wp:featuredmedia":[{"embeddable":true,"href":"https:\/\/gazeta-lipjani.info\/index.php\/wp-json\/wp\/v2\/media\/1282"}],"wp:attachment":[{"href":"https:\/\/gazeta-lipjani.info\/index.php\/wp-json\/wp\/v2\/media?parent=1281"}],"wp:term":[{"taxonomy":"category","embeddable":true,"href":"https:\/\/gazeta-lipjani.info\/index.php\/wp-json\/wp\/v2\/categories?post=1281"},{"taxonomy":"post_tag","embeddable":true,"href":"https:\/\/gazeta-lipjani.info\/index.php\/wp-json\/wp\/v2\/tags?post=1281"}],"curies":[{"name":"wp","href":"https:\/\/api.w.org\/{rel}","templated":true}]}}