{"id":1287,"date":"2025-09-09T21:38:00","date_gmt":"2025-09-09T19:38:00","guid":{"rendered":"https:\/\/gazeta-lipjani.info\/?p=1287"},"modified":"2025-09-09T21:38:00","modified_gmt":"2025-09-09T19:38:00","slug":"ilir-qeriqi-agrobujqesia-dhe-trashegimia-arsimore-prioritete-per-zhvillimin-e-lipjanit","status":"publish","type":"post","link":"https:\/\/gazeta-lipjani.info\/index.php\/2025\/09\/09\/ilir-qeriqi-agrobujqesia-dhe-trashegimia-arsimore-prioritete-per-zhvillimin-e-lipjanit\/","title":{"rendered":"Ilir Qeriqi: Agrobujq\u00ebsia dhe trash\u00ebgimia arsimore, prioritete p\u00ebr zhvillimin e Lipjanit"},"content":{"rendered":"\n<p>Lipjan, 9 shtator 2025 \u2013 Kandidati i L\u00ebvizjes Vet\u00ebvendosje (LVV) p\u00ebr kryetar t\u00eb Komun\u00ebs s\u00eb Lipjanit, Ilir Qeriqi, ka zhvilluar sot dy aktivitete parazgjedhore, duke shpalosur prioritetet e tij p\u00ebr zhvillimin ekonomik dhe ruajtjen e trash\u00ebgimis\u00eb arsimore.<\/p>\n\n\n\n<p>N\u00eb aktivitetin e par\u00eb, Qeriqi vizitoi kompanit\u00eb Agrovizioni, Agro Unioni dhe Meagron n\u00eb fshatin Llugagji, ku bisedoi me fermer\u00eb p\u00ebr sfidat dhe mund\u00ebsit\u00eb n\u00eb sektorin bujq\u00ebsor. Ai theksoi se agrobujq\u00ebsia \u00ebsht\u00eb shtyll\u00eb e ekonomis\u00eb s\u00eb Lipjanit, dhe se n\u00eb qeverisjen e tij do t\u00eb kthehet n\u00eb \u201cmotor t\u00eb fuqish\u00ebm t\u00eb zhvillimit lokal\u201d.<\/p>\n\n\n\n<p>N\u00eb aktivitetin e dyt\u00eb, Qeriqi vizitoi fshatin Banull\u00eb, ku u ndal te tri godina t\u00eb r\u00ebnd\u00ebsishme \u2013 dy ish-shkolla dhe objektin e dikursh\u00ebm t\u00eb AMF-s\u00eb. Ai kritikoi qeverisjen aktuale p\u00ebr l\u00ebnien pas dore t\u00eb k\u00ebtyre nd\u00ebrtesave, t\u00eb cilat sipas tij p\u00ebrfaq\u00ebsojn\u00eb trash\u00ebgimin\u00eb arsimore dhe kulturore t\u00eb komun\u00ebs.<\/p>\n\n\n\n<p>\u201cPushteti n\u00eb Lipjan ka vendosur t\u00eb mbyll\u00eb syt\u00eb p\u00ebr trash\u00ebgimin\u00eb q\u00eb ruajn\u00eb k\u00ebto nd\u00ebrtesa, duke menduar se investimi n\u00eb to nuk \u00ebsht\u00eb fitimprur\u00ebs. Ky pushtet i st\u00ebrvjetruar e ka fundin m\u00eb 12 tetor\u201d, tha Qeriqi.<\/p>\n\n\n\n<p>Ai shtoi se k\u00ebto objekte mund t\u00eb shnd\u00ebrrohen n\u00eb hap\u00ebsira t\u00eb reja me vler\u00eb p\u00ebr komunitetin, n\u00ebse ka vullnet politik dhe vizion p\u00ebr zhvillim.<\/p>\n\n\n\n<p>\u201cBashk\u00eb p\u00ebr komun\u00ebn, bashk\u00eb p\u00ebr ndryshimin n\u00eb Lipjan\u201d, p\u00ebrfundoi kandidati i LVV-s\u00eb.<\/p>\n","protected":false},"excerpt":{"rendered":"<p>Lipjan, 9 shtator 2025 \u2013 Kandidati i L\u00ebvizjes Vet\u00ebvendosje (LVV) p\u00ebr kryetar t\u00eb Komun\u00ebs s\u00eb Lipjanit, Ilir Qeriqi, ka zhvilluar sot dy aktivitete parazgjedhore, duke shpalosur prioritetet e tij p\u00ebr zhvillimin ekonomik dhe ruajtjen e trash\u00ebgimis\u00eb arsimore. N\u00eb aktivitetin e par\u00eb, Qeriqi vizitoi kompanit\u00eb Agrovizioni, Agro Unioni dhe Meagron n\u00eb fshatin Llugagji, ku bisedoi me [&hellip;]<\/p>\n","protected":false},"author":2,"featured_media":1288,"comment_status":"open","ping_status":"open","sticky":false,"template":"","format":"standard","meta":{"footnotes":""},"categories":[30,74],"tags":[],"class_list":{"0":"post-1287","1":"post","2":"type-post","3":"status-publish","4":"format-standard","5":"has-post-thumbnail","7":"category-lipjani","8":"category-zgjedhje-2025"},"aioseo_notices":[],"_links":{"self":[{"href":"https:\/\/gazeta-lipjani.info\/index.php\/wp-json\/wp\/v2\/posts\/1287","targetHints":{"allow":["GET"]}}],"collection":[{"href":"https:\/\/gazeta-lipjani.info\/index.php\/wp-json\/wp\/v2\/posts"}],"about":[{"href":"https:\/\/gazeta-lipjani.info\/index.php\/wp-json\/wp\/v2\/types\/post"}],"author":[{"embeddable":true,"href":"https:\/\/gazeta-lipjani.info\/index.php\/wp-json\/wp\/v2\/users\/2"}],"replies":[{"embeddable":true,"href":"https:\/\/gazeta-lipjani.info\/index.php\/wp-json\/wp\/v2\/comments?post=1287"}],"version-history":[{"count":1,"href":"https:\/\/gazeta-lipjani.info\/index.php\/wp-json\/wp\/v2\/posts\/1287\/revisions"}],"predecessor-version":[{"id":1289,"href":"https:\/\/gazeta-lipjani.info\/index.php\/wp-json\/wp\/v2\/posts\/1287\/revisions\/1289"}],"wp:featuredmedia":[{"embeddable":true,"href":"https:\/\/gazeta-lipjani.info\/index.php\/wp-json\/wp\/v2\/media\/1288"}],"wp:attachment":[{"href":"https:\/\/gazeta-lipjani.info\/index.php\/wp-json\/wp\/v2\/media?parent=1287"}],"wp:term":[{"taxonomy":"category","embeddable":true,"href":"https:\/\/gazeta-lipjani.info\/index.php\/wp-json\/wp\/v2\/categories?post=1287"},{"taxonomy":"post_tag","embeddable":true,"href":"https:\/\/gazeta-lipjani.info\/index.php\/wp-json\/wp\/v2\/tags?post=1287"}],"curies":[{"name":"wp","href":"https:\/\/api.w.org\/{rel}","templated":true}]}}