{"id":1290,"date":"2025-09-09T21:41:34","date_gmt":"2025-09-09T19:41:34","guid":{"rendered":"https:\/\/gazeta-lipjani.info\/?p=1290"},"modified":"2025-09-09T21:48:35","modified_gmt":"2025-09-09T19:48:35","slug":"imri-ahmeti-me-plan-konkret-per-projekte-madhore-ne-lipjan","status":"publish","type":"post","link":"https:\/\/gazeta-lipjani.info\/index.php\/2025\/09\/09\/imri-ahmeti-me-plan-konkret-per-projekte-madhore-ne-lipjan\/","title":{"rendered":"Imri Ahmeti: Me plan konkret p\u00ebr projekte madhore n\u00eb Lipjan"},"content":{"rendered":"\n<p class=\"wp-block-paragraph\">Lipjan, 9 shtator 2025 \u2013 Kryetari i Komun\u00ebs s\u00eb Lipjanit dhe nj\u00ebher\u00ebsh kandidati i Lidhjes Demokratike t\u00eb Kosov\u00ebs (LDK) p\u00ebr nj\u00eb mandat tjet\u00ebr, Imri Ahmeti, ka zhvilluar nj\u00eb takim me qytetar\u00ebt ku ka prezantuar projektet e planifikuara p\u00ebr periudh\u00ebn e ardhshme kat\u00ebrvje\u00e7are.<\/p>\n\n\n\n<p class=\"wp-block-paragraph\">Ahmeti tha se ekipi i tij ka identifikuar me sakt\u00ebsi nevojat e qytetit dhe ka projektuar mund\u00ebsit\u00eb buxhetore t\u00eb komun\u00ebs p\u00ebr financimin e projekteve madhore.<\/p>\n\n\n\n<p class=\"wp-block-paragraph\">\u201cKemi nj\u00eb plan konkret, me projekte t\u00eb qarta dhe me nj\u00eb arsyeshm\u00ebri financiare t\u00eb q\u00ebndrueshme\u201d, theksoi ai.<\/p>\n\n\n\n<p class=\"wp-block-paragraph\">Ai shtoi se Lipjani tashm\u00eb \u00ebsht\u00eb shnd\u00ebrruar n\u00eb nj\u00eb qytet q\u00eb po rritet dita-dit\u00ebs dhe q\u00eb po b\u00ebhet gjithnj\u00eb e m\u00eb atraktiv e konkurrues me qytetet tjera t\u00eb Kosov\u00ebs.<\/p>\n\n\n\n<p class=\"wp-block-paragraph\">\u201cNe nuk premtojm\u00eb bosh. Me pun\u00eb t\u00eb p\u00ebrkushtuar, po nd\u00ebrtojm\u00eb Lipjanin q\u00eb e duam\u201d, tha Ahmeti, duke theksuar se zhvillimi i komun\u00ebs do t\u00eb vazhdoj\u00eb mbi baz\u00ebn e planifikimit t\u00eb qart\u00eb financiar dhe projekteve konkrete.<\/p>\n\n\n\n<p class=\"wp-block-paragraph\">Takimi u shoq\u00ebrua me diskutime dhe prezantime vizuale t\u00eb projekteve t\u00eb ardhshme, duke nxitur interesim dhe bashk\u00ebbisedim me qytetar\u00ebt e pranish\u00ebm.<\/p>\n","protected":false},"excerpt":{"rendered":"<p>Lipjan, 9 shtator 2025 \u2013 Kryetari i Komun\u00ebs s\u00eb Lipjanit dhe nj\u00ebher\u00ebsh kandidati i Lidhjes Demokratike t\u00eb Kosov\u00ebs (LDK) p\u00ebr nj\u00eb mandat tjet\u00ebr, Imri Ahmeti, ka zhvilluar nj\u00eb takim me qytetar\u00ebt ku ka prezantuar projektet e planifikuara p\u00ebr periudh\u00ebn e ardhshme kat\u00ebrvje\u00e7are. Ahmeti tha se ekipi i tij ka identifikuar me sakt\u00ebsi nevojat e qytetit [&hellip;]<\/p>\n","protected":false},"author":2,"featured_media":1291,"comment_status":"open","ping_status":"open","sticky":false,"template":"","format":"standard","meta":{"footnotes":""},"categories":[30,74],"tags":[],"class_list":["post-1290","post","type-post","status-publish","format-standard","has-post-thumbnail","category-lipjani","category-zgjedhje-2025"],"aioseo_notices":[],"aioseo_head":"\n\t\t<!-- All in One SEO 5.0.0.1 - aioseo.com -->\n\t<meta name=\"description\" content=\"Lipjan, 9 shtator 2025 \u2013 Kryetari i Komun\u00ebs s\u00eb Lipjanit dhe nj\u00ebher\u00ebsh kandidati i Lidhjes Demokratike t\u00eb Kosov\u00ebs (LDK) p\u00ebr nj\u00eb mandat tjet\u00ebr, Imri Ahmeti, ka zhvilluar nj\u00eb takim me qytetar\u00ebt ku ka prezantuar projektet e planifikuara p\u00ebr periudh\u00ebn e ardhshme kat\u00ebrvje\u00e7are. Ahmeti tha se ekipi i tij ka identifikuar me sakt\u00ebsi nevojat e qytetit\" \/>\n\t<meta name=\"robots\" content=\"max-image-preview:large\" \/>\n\t<meta name=\"author\" content=\"Redaksia\"\/>\n\t<link rel=\"canonical\" href=\"https:\/\/gazeta-lipjani.info\/index.php\/2025\/09\/09\/imri-ahmeti-me-plan-konkret-per-projekte-madhore-ne-lipjan\/\" \/>\n\t<meta name=\"generator\" content=\"All in One SEO (AIOSEO) 5.0.0.1\" \/>\n\t\t<meta property=\"og:locale\" content=\"sq_AL\" \/>\n\t\t<meta property=\"og:site_name\" content=\"gazeta-lipjani.info - Me ne lajme eshte tek ju!\" \/>\n\t\t<meta property=\"og:type\" content=\"article\" \/>\n\t\t<meta property=\"og:title\" content=\"Imri Ahmeti: Me plan konkret p\u00ebr projekte madhore n\u00eb Lipjan - gazeta-lipjani.info\" \/>\n\t\t<meta property=\"og:description\" content=\"Lipjan, 9 shtator 2025 \u2013 Kryetari i Komun\u00ebs s\u00eb Lipjanit dhe nj\u00ebher\u00ebsh kandidati i Lidhjes Demokratike t\u00eb Kosov\u00ebs (LDK) p\u00ebr nj\u00eb mandat tjet\u00ebr, Imri Ahmeti, ka zhvilluar nj\u00eb takim me qytetar\u00ebt ku ka prezantuar projektet e planifikuara p\u00ebr periudh\u00ebn e ardhshme kat\u00ebrvje\u00e7are. Ahmeti tha se ekipi i tij ka identifikuar me sakt\u00ebsi nevojat e qytetit\" \/>\n\t\t<meta property=\"og:url\" content=\"https:\/\/gazeta-lipjani.info\/index.php\/2025\/09\/09\/imri-ahmeti-me-plan-konkret-per-projekte-madhore-ne-lipjan\/\" \/>\n\t\t<meta property=\"og:image\" content=\"https:\/\/gazeta-lipjani.info\/wp-content\/uploads\/2025\/09\/IMG_5131-scaled.jpeg\" \/>\n\t\t<meta property=\"og:image:secure_url\" content=\"https:\/\/gazeta-lipjani.info\/wp-content\/uploads\/2025\/09\/IMG_5131-scaled.jpeg\" \/>\n\t\t<meta property=\"og:image:width\" content=\"2560\" \/>\n\t\t<meta property=\"og:image:height\" content=\"1920\" \/>\n\t\t<meta property=\"article:published_time\" content=\"2025-09-09T19:41:34+00:00\" \/>\n\t\t<meta property=\"article:modified_time\" content=\"2025-09-09T19:48:35+00:00\" \/>\n\t\t<meta property=\"article:publisher\" content=\"https:\/\/facebook.com\/\/gazeta.lipjani.info\" \/>\n\t\t<meta name=\"twitter:card\" content=\"summary_large_image\" \/>\n\t\t<meta name=\"twitter:title\" content=\"Imri Ahmeti: Me plan konkret p\u00ebr projekte madhore n\u00eb Lipjan - gazeta-lipjani.info\" \/>\n\t\t<meta name=\"twitter:description\" content=\"Lipjan, 9 shtator 2025 \u2013 Kryetari i Komun\u00ebs s\u00eb Lipjanit dhe nj\u00ebher\u00ebsh kandidati i Lidhjes Demokratike t\u00eb Kosov\u00ebs (LDK) p\u00ebr nj\u00eb mandat tjet\u00ebr, Imri Ahmeti, ka zhvilluar nj\u00eb takim me qytetar\u00ebt ku ka prezantuar projektet e planifikuara p\u00ebr periudh\u00ebn e ardhshme kat\u00ebrvje\u00e7are. Ahmeti tha se ekipi i tij ka identifikuar me sakt\u00ebsi nevojat e qytetit\" \/>\n\t\t<meta name=\"twitter:image\" content=\"https:\/\/gazeta-lipjani.info\/wp-content\/uploads\/2025\/09\/IMG_5131-scaled.jpeg\" \/>\n\t\t<script type=\"application\/ld+json\" class=\"aioseo-schema\">\n\t\t\t{\"@context\":\"https:\\\/\\\/schema.org\",\"@graph\":[{\"@type\":\"BlogPosting\",\"@id\":\"https:\\\/\\\/gazeta-lipjani.info\\\/index.php\\\/2025\\\/09\\\/09\\\/imri-ahmeti-me-plan-konkret-per-projekte-madhore-ne-lipjan\\\/#blogposting\",\"name\":\"Imri Ahmeti: Me plan konkret p\\u00ebr projekte madhore n\\u00eb Lipjan - gazeta-lipjani.info\",\"headline\":\"Imri Ahmeti: Me plan konkret p\\u00ebr projekte madhore n\\u00eb Lipjan\",\"author\":{\"@id\":\"https:\\\/\\\/gazeta-lipjani.info\\\/index.php\\\/author\\\/redaksia\\\/#author\"},\"publisher\":{\"@id\":\"https:\\\/\\\/gazeta-lipjani.info\\\/#organization\"},\"image\":{\"@type\":\"ImageObject\",\"url\":\"https:\\\/\\\/gazeta-lipjani.info\\\/wp-content\\\/uploads\\\/2025\\\/09\\\/IMG_5131-scaled.jpeg\",\"width\":2560,\"height\":1920},\"datePublished\":\"2025-09-09T21:41:34+02:00\",\"dateModified\":\"2025-09-09T21:48:35+02:00\",\"inLanguage\":\"sq\",\"mainEntityOfPage\":{\"@id\":\"https:\\\/\\\/gazeta-lipjani.info\\\/index.php\\\/2025\\\/09\\\/09\\\/imri-ahmeti-me-plan-konkret-per-projekte-madhore-ne-lipjan\\\/#webpage\"},\"isPartOf\":{\"@id\":\"https:\\\/\\\/gazeta-lipjani.info\\\/index.php\\\/2025\\\/09\\\/09\\\/imri-ahmeti-me-plan-konkret-per-projekte-madhore-ne-lipjan\\\/#webpage\"},\"articleSection\":\"Lipjani, Zgjedhje 2025\"},{\"@type\":\"BreadcrumbList\",\"@id\":\"https:\\\/\\\/gazeta-lipjani.info\\\/index.php\\\/2025\\\/09\\\/09\\\/imri-ahmeti-me-plan-konkret-per-projekte-madhore-ne-lipjan\\\/#breadcrumblist\",\"itemListElement\":[{\"@type\":\"ListItem\",\"@id\":\"https:\\\/\\\/gazeta-lipjani.info#listItem\",\"position\":1,\"name\":\"Home\",\"item\":\"https:\\\/\\\/gazeta-lipjani.info\",\"nextItem\":{\"@type\":\"ListItem\",\"@id\":\"https:\\\/\\\/gazeta-lipjani.info\\\/index.php\\\/category\\\/lipjani\\\/#listItem\",\"name\":\"Lipjani\"}},{\"@type\":\"ListItem\",\"@id\":\"https:\\\/\\\/gazeta-lipjani.info\\\/index.php\\\/category\\\/lipjani\\\/#listItem\",\"position\":2,\"name\":\"Lipjani\",\"item\":\"https:\\\/\\\/gazeta-lipjani.info\\\/index.php\\\/category\\\/lipjani\\\/\",\"nextItem\":{\"@type\":\"ListItem\",\"@id\":\"https:\\\/\\\/gazeta-lipjani.info\\\/index.php\\\/2025\\\/09\\\/09\\\/imri-ahmeti-me-plan-konkret-per-projekte-madhore-ne-lipjan\\\/#listItem\",\"name\":\"Imri Ahmeti: Me plan konkret p\\u00ebr projekte madhore n\\u00eb Lipjan\"},\"previousItem\":{\"@type\":\"ListItem\",\"@id\":\"https:\\\/\\\/gazeta-lipjani.info#listItem\",\"name\":\"Home\"}},{\"@type\":\"ListItem\",\"@id\":\"https:\\\/\\\/gazeta-lipjani.info\\\/index.php\\\/2025\\\/09\\\/09\\\/imri-ahmeti-me-plan-konkret-per-projekte-madhore-ne-lipjan\\\/#listItem\",\"position\":3,\"name\":\"Imri Ahmeti: Me plan konkret p\\u00ebr projekte madhore n\\u00eb Lipjan\",\"previousItem\":{\"@type\":\"ListItem\",\"@id\":\"https:\\\/\\\/gazeta-lipjani.info\\\/index.php\\\/category\\\/lipjani\\\/#listItem\",\"name\":\"Lipjani\"}}]},{\"@type\":\"Organization\",\"@id\":\"https:\\\/\\\/gazeta-lipjani.info\\\/#organization\",\"name\":\"gazeta-lipjani.info\",\"description\":\"Me ne lajme eshte tek ju!\",\"url\":\"https:\\\/\\\/gazeta-lipjani.info\\\/\",\"sameAs\":[\"https:\\\/\\\/facebook.com\\\/\\\/gazeta.lipjani.info\"]},{\"@type\":\"Person\",\"@id\":\"https:\\\/\\\/gazeta-lipjani.info\\\/index.php\\\/author\\\/redaksia\\\/#author\",\"url\":\"https:\\\/\\\/gazeta-lipjani.info\\\/index.php\\\/author\\\/redaksia\\\/\",\"name\":\"Redaksia\",\"image\":{\"@type\":\"ImageObject\",\"@id\":\"https:\\\/\\\/gazeta-lipjani.info\\\/index.php\\\/2025\\\/09\\\/09\\\/imri-ahmeti-me-plan-konkret-per-projekte-madhore-ne-lipjan\\\/#authorImage\",\"url\":\"https:\\\/\\\/gazeta-lipjani.info\\\/wp-content\\\/litespeed\\\/avatar\\\/8fd2e79954be7e9ee769a7da892a6648.jpg?ver=1787711921\",\"width\":96,\"height\":96,\"caption\":\"Redaksia\"}},{\"@type\":\"WebPage\",\"@id\":\"https:\\\/\\\/gazeta-lipjani.info\\\/index.php\\\/2025\\\/09\\\/09\\\/imri-ahmeti-me-plan-konkret-per-projekte-madhore-ne-lipjan\\\/#webpage\",\"url\":\"https:\\\/\\\/gazeta-lipjani.info\\\/index.php\\\/2025\\\/09\\\/09\\\/imri-ahmeti-me-plan-konkret-per-projekte-madhore-ne-lipjan\\\/\",\"name\":\"Imri Ahmeti: Me plan konkret p\\u00ebr projekte madhore n\\u00eb Lipjan - gazeta-lipjani.info\",\"description\":\"Lipjan, 9 shtator 2025 \\u2013 Kryetari i Komun\\u00ebs s\\u00eb Lipjanit dhe nj\\u00ebher\\u00ebsh kandidati i Lidhjes Demokratike t\\u00eb Kosov\\u00ebs (LDK) p\\u00ebr nj\\u00eb mandat tjet\\u00ebr, Imri Ahmeti, ka zhvilluar nj\\u00eb takim me qytetar\\u00ebt ku ka prezantuar projektet e planifikuara p\\u00ebr periudh\\u00ebn e ardhshme kat\\u00ebrvje\\u00e7are. Ahmeti tha se ekipi i tij ka identifikuar me sakt\\u00ebsi nevojat e qytetit\",\"inLanguage\":\"sq\",\"isPartOf\":{\"@id\":\"https:\\\/\\\/gazeta-lipjani.info\\\/#website\"},\"breadcrumb\":{\"@id\":\"https:\\\/\\\/gazeta-lipjani.info\\\/index.php\\\/2025\\\/09\\\/09\\\/imri-ahmeti-me-plan-konkret-per-projekte-madhore-ne-lipjan\\\/#breadcrumblist\"},\"author\":{\"@id\":\"https:\\\/\\\/gazeta-lipjani.info\\\/index.php\\\/author\\\/redaksia\\\/#author\"},\"creator\":{\"@id\":\"https:\\\/\\\/gazeta-lipjani.info\\\/index.php\\\/author\\\/redaksia\\\/#author\"},\"image\":{\"@type\":\"ImageObject\",\"url\":\"https:\\\/\\\/gazeta-lipjani.info\\\/wp-content\\\/uploads\\\/2025\\\/09\\\/IMG_5131-scaled.jpeg\",\"@id\":\"https:\\\/\\\/gazeta-lipjani.info\\\/index.php\\\/2025\\\/09\\\/09\\\/imri-ahmeti-me-plan-konkret-per-projekte-madhore-ne-lipjan\\\/#mainImage\",\"width\":2560,\"height\":1920},\"primaryImageOfPage\":{\"@id\":\"https:\\\/\\\/gazeta-lipjani.info\\\/index.php\\\/2025\\\/09\\\/09\\\/imri-ahmeti-me-plan-konkret-per-projekte-madhore-ne-lipjan\\\/#mainImage\"},\"datePublished\":\"2025-09-09T21:41:34+02:00\",\"dateModified\":\"2025-09-09T21:48:35+02:00\"},{\"@type\":\"WebSite\",\"@id\":\"https:\\\/\\\/gazeta-lipjani.info\\\/#website\",\"url\":\"https:\\\/\\\/gazeta-lipjani.info\\\/\",\"name\":\"gazeta-lipjani.info\",\"description\":\"Me ne lajme eshte tek ju!\",\"inLanguage\":\"sq\",\"publisher\":{\"@id\":\"https:\\\/\\\/gazeta-lipjani.info\\\/#organization\"}}]}\n\t\t<\/script>\n\t\t<!-- All in One SEO -->\n\n","aioseo_head_json":{"title":"Imri Ahmeti: Me plan konkret p\u00ebr projekte madhore n\u00eb Lipjan - gazeta-lipjani.info","description":"Lipjan, 9 shtator 2025 \u2013 Kryetari i Komun\u00ebs s\u00eb Lipjanit dhe nj\u00ebher\u00ebsh kandidati i Lidhjes Demokratike t\u00eb Kosov\u00ebs (LDK) p\u00ebr nj\u00eb mandat tjet\u00ebr, Imri Ahmeti, ka zhvilluar nj\u00eb takim me qytetar\u00ebt ku ka prezantuar projektet e planifikuara p\u00ebr periudh\u00ebn e ardhshme kat\u00ebrvje\u00e7are. Ahmeti tha se ekipi i tij ka identifikuar me sakt\u00ebsi nevojat e qytetit","canonical_url":"https:\/\/gazeta-lipjani.info\/index.php\/2025\/09\/09\/imri-ahmeti-me-plan-konkret-per-projekte-madhore-ne-lipjan\/","robots":"max-image-preview:large","keywords":"","webmasterTools":{"miscellaneous":""},"schema":{"@context":"https:\/\/schema.org","@graph":[{"@type":"BlogPosting","@id":"https:\/\/gazeta-lipjani.info\/index.php\/2025\/09\/09\/imri-ahmeti-me-plan-konkret-per-projekte-madhore-ne-lipjan\/#blogposting","name":"Imri Ahmeti: Me plan konkret p\u00ebr projekte madhore n\u00eb Lipjan - gazeta-lipjani.info","headline":"Imri Ahmeti: Me plan konkret p\u00ebr projekte madhore n\u00eb Lipjan","author":{"@id":"https:\/\/gazeta-lipjani.info\/index.php\/author\/redaksia\/#author"},"publisher":{"@id":"https:\/\/gazeta-lipjani.info\/#organization"},"image":{"@type":"ImageObject","url":"https:\/\/gazeta-lipjani.info\/wp-content\/uploads\/2025\/09\/IMG_5131-scaled.jpeg","width":2560,"height":1920},"datePublished":"2025-09-09T21:41:34+02:00","dateModified":"2025-09-09T21:48:35+02:00","inLanguage":"sq","mainEntityOfPage":{"@id":"https:\/\/gazeta-lipjani.info\/index.php\/2025\/09\/09\/imri-ahmeti-me-plan-konkret-per-projekte-madhore-ne-lipjan\/#webpage"},"isPartOf":{"@id":"https:\/\/gazeta-lipjani.info\/index.php\/2025\/09\/09\/imri-ahmeti-me-plan-konkret-per-projekte-madhore-ne-lipjan\/#webpage"},"articleSection":"Lipjani, Zgjedhje 2025"},{"@type":"BreadcrumbList","@id":"https:\/\/gazeta-lipjani.info\/index.php\/2025\/09\/09\/imri-ahmeti-me-plan-konkret-per-projekte-madhore-ne-lipjan\/#breadcrumblist","itemListElement":[{"@type":"ListItem","@id":"https:\/\/gazeta-lipjani.info#listItem","position":1,"name":"Home","item":"https:\/\/gazeta-lipjani.info","nextItem":{"@type":"ListItem","@id":"https:\/\/gazeta-lipjani.info\/index.php\/category\/lipjani\/#listItem","name":"Lipjani"}},{"@type":"ListItem","@id":"https:\/\/gazeta-lipjani.info\/index.php\/category\/lipjani\/#listItem","position":2,"name":"Lipjani","item":"https:\/\/gazeta-lipjani.info\/index.php\/category\/lipjani\/","nextItem":{"@type":"ListItem","@id":"https:\/\/gazeta-lipjani.info\/index.php\/2025\/09\/09\/imri-ahmeti-me-plan-konkret-per-projekte-madhore-ne-lipjan\/#listItem","name":"Imri Ahmeti: Me plan konkret p\u00ebr projekte madhore n\u00eb Lipjan"},"previousItem":{"@type":"ListItem","@id":"https:\/\/gazeta-lipjani.info#listItem","name":"Home"}},{"@type":"ListItem","@id":"https:\/\/gazeta-lipjani.info\/index.php\/2025\/09\/09\/imri-ahmeti-me-plan-konkret-per-projekte-madhore-ne-lipjan\/#listItem","position":3,"name":"Imri Ahmeti: Me plan konkret p\u00ebr projekte madhore n\u00eb Lipjan","previousItem":{"@type":"ListItem","@id":"https:\/\/gazeta-lipjani.info\/index.php\/category\/lipjani\/#listItem","name":"Lipjani"}}]},{"@type":"Organization","@id":"https:\/\/gazeta-lipjani.info\/#organization","name":"gazeta-lipjani.info","description":"Me ne lajme eshte tek ju!","url":"https:\/\/gazeta-lipjani.info\/","sameAs":["https:\/\/facebook.com\/\/gazeta.lipjani.info"]},{"@type":"Person","@id":"https:\/\/gazeta-lipjani.info\/index.php\/author\/redaksia\/#author","url":"https:\/\/gazeta-lipjani.info\/index.php\/author\/redaksia\/","name":"Redaksia","image":{"@type":"ImageObject","@id":"https:\/\/gazeta-lipjani.info\/index.php\/2025\/09\/09\/imri-ahmeti-me-plan-konkret-per-projekte-madhore-ne-lipjan\/#authorImage","url":"https:\/\/gazeta-lipjani.info\/wp-content\/litespeed\/avatar\/8fd2e79954be7e9ee769a7da892a6648.jpg?ver=1787711921","width":96,"height":96,"caption":"Redaksia"}},{"@type":"WebPage","@id":"https:\/\/gazeta-lipjani.info\/index.php\/2025\/09\/09\/imri-ahmeti-me-plan-konkret-per-projekte-madhore-ne-lipjan\/#webpage","url":"https:\/\/gazeta-lipjani.info\/index.php\/2025\/09\/09\/imri-ahmeti-me-plan-konkret-per-projekte-madhore-ne-lipjan\/","name":"Imri Ahmeti: Me plan konkret p\u00ebr projekte madhore n\u00eb Lipjan - gazeta-lipjani.info","description":"Lipjan, 9 shtator 2025 \u2013 Kryetari i Komun\u00ebs s\u00eb Lipjanit dhe nj\u00ebher\u00ebsh kandidati i Lidhjes Demokratike t\u00eb Kosov\u00ebs (LDK) p\u00ebr nj\u00eb mandat tjet\u00ebr, Imri Ahmeti, ka zhvilluar nj\u00eb takim me qytetar\u00ebt ku ka prezantuar projektet e planifikuara p\u00ebr periudh\u00ebn e ardhshme kat\u00ebrvje\u00e7are. Ahmeti tha se ekipi i tij ka identifikuar me sakt\u00ebsi nevojat e qytetit","inLanguage":"sq","isPartOf":{"@id":"https:\/\/gazeta-lipjani.info\/#website"},"breadcrumb":{"@id":"https:\/\/gazeta-lipjani.info\/index.php\/2025\/09\/09\/imri-ahmeti-me-plan-konkret-per-projekte-madhore-ne-lipjan\/#breadcrumblist"},"author":{"@id":"https:\/\/gazeta-lipjani.info\/index.php\/author\/redaksia\/#author"},"creator":{"@id":"https:\/\/gazeta-lipjani.info\/index.php\/author\/redaksia\/#author"},"image":{"@type":"ImageObject","url":"https:\/\/gazeta-lipjani.info\/wp-content\/uploads\/2025\/09\/IMG_5131-scaled.jpeg","@id":"https:\/\/gazeta-lipjani.info\/index.php\/2025\/09\/09\/imri-ahmeti-me-plan-konkret-per-projekte-madhore-ne-lipjan\/#mainImage","width":2560,"height":1920},"primaryImageOfPage":{"@id":"https:\/\/gazeta-lipjani.info\/index.php\/2025\/09\/09\/imri-ahmeti-me-plan-konkret-per-projekte-madhore-ne-lipjan\/#mainImage"},"datePublished":"2025-09-09T21:41:34+02:00","dateModified":"2025-09-09T21:48:35+02:00"},{"@type":"WebSite","@id":"https:\/\/gazeta-lipjani.info\/#website","url":"https:\/\/gazeta-lipjani.info\/","name":"gazeta-lipjani.info","description":"Me ne lajme eshte tek ju!","inLanguage":"sq","publisher":{"@id":"https:\/\/gazeta-lipjani.info\/#organization"}}]},"og:locale":"sq_AL","og:site_name":"gazeta-lipjani.info - Me ne lajme eshte tek ju!","og:type":"article","og:title":"Imri Ahmeti: Me plan konkret p\u00ebr projekte madhore n\u00eb Lipjan - gazeta-lipjani.info","og:description":"Lipjan, 9 shtator 2025 \u2013 Kryetari i Komun\u00ebs s\u00eb Lipjanit dhe nj\u00ebher\u00ebsh kandidati i Lidhjes Demokratike t\u00eb Kosov\u00ebs (LDK) p\u00ebr nj\u00eb mandat tjet\u00ebr, Imri Ahmeti, ka zhvilluar nj\u00eb takim me qytetar\u00ebt ku ka prezantuar projektet e planifikuara p\u00ebr periudh\u00ebn e ardhshme kat\u00ebrvje\u00e7are. Ahmeti tha se ekipi i tij ka identifikuar me sakt\u00ebsi nevojat e qytetit","og:url":"https:\/\/gazeta-lipjani.info\/index.php\/2025\/09\/09\/imri-ahmeti-me-plan-konkret-per-projekte-madhore-ne-lipjan\/","og:image":"https:\/\/gazeta-lipjani.info\/wp-content\/uploads\/2025\/09\/IMG_5131-scaled.jpeg","og:image:secure_url":"https:\/\/gazeta-lipjani.info\/wp-content\/uploads\/2025\/09\/IMG_5131-scaled.jpeg","og:image:width":2560,"og:image:height":1920,"article:published_time":"2025-09-09T19:41:34+00:00","article:modified_time":"2025-09-09T19:48:35+00:00","article:publisher":"https:\/\/facebook.com\/\/gazeta.lipjani.info","twitter:card":"summary_large_image","twitter:title":"Imri Ahmeti: Me plan konkret p\u00ebr projekte madhore n\u00eb Lipjan - gazeta-lipjani.info","twitter:description":"Lipjan, 9 shtator 2025 \u2013 Kryetari i Komun\u00ebs s\u00eb Lipjanit dhe nj\u00ebher\u00ebsh kandidati i Lidhjes Demokratike t\u00eb Kosov\u00ebs (LDK) p\u00ebr nj\u00eb mandat tjet\u00ebr, Imri Ahmeti, ka zhvilluar nj\u00eb takim me qytetar\u00ebt ku ka prezantuar projektet e planifikuara p\u00ebr periudh\u00ebn e ardhshme kat\u00ebrvje\u00e7are. Ahmeti tha se ekipi i tij ka identifikuar me sakt\u00ebsi nevojat e qytetit","twitter:image":"https:\/\/gazeta-lipjani.info\/wp-content\/uploads\/2025\/09\/IMG_5131-scaled.jpeg"},"aioseo_meta_data":{"post_id":"1290","title":null,"description":null,"keywords":null,"keyphrases":{"focus":{"keyphrase":"","score":0,"analysis":{"keyphraseInTitle":{"score":0,"maxScore":9,"error":1}}},"additional":[]},"primary_term":null,"canonical_url":null,"og_title":null,"og_description":null,"og_object_type":"default","og_image_type":"default","og_image_url":null,"og_image_width":null,"og_image_height":null,"og_image_custom_url":null,"og_image_custom_fields":null,"og_video":"","og_custom_url":null,"og_article_section":null,"og_article_tags":null,"twitter_use_og":false,"twitter_card":"default","twitter_image_type":"default","twitter_image_url":null,"twitter_image_custom_url":null,"twitter_image_custom_fields":null,"twitter_title":null,"twitter_description":null,"schema":{"blockGraphs":[],"customGraphs":[],"default":{"data":{"Article":[],"Course":[],"Dataset":[],"FAQPage":[],"Movie":[],"Person":[],"Product":[],"ProductReview":[],"Car":[],"Recipe":[],"Service":[],"SoftwareApplication":[],"WebPage":[]},"graphName":"BlogPosting","isEnabled":true},"graphs":[]},"schema_type":"default","schema_type_options":null,"pillar_content":false,"robots_default":true,"robots_noindex":false,"robots_noarchive":false,"robots_nosnippet":false,"robots_nofollow":false,"robots_noimageindex":false,"robots_noodp":false,"robots_notranslate":false,"robots_max_snippet":"-1","robots_max_videopreview":"-1","robots_max_imagepreview":"large","priority":null,"frequency":"default","local_seo":null,"breadcrumb_settings":null,"limit_modified_date":false,"ai":{"faqs":[],"keyPoints":[],"titles":[],"descriptions":[],"socialPosts":{"email":[],"linkedin":[],"twitter":[],"facebook":[],"instagram":[]}},"created":"2025-09-09 19:41:35","updated":"2025-09-09 19:59:34","focus_keyword":null,"additional_keywords":null,"truseo_locale":null,"seo_analyzer_scan_date":null},"aioseo_breadcrumb":"<div class=\"aioseo-breadcrumbs\"><span class=\"aioseo-breadcrumb\">\n\t\t\t<a href=\"https:\/\/gazeta-lipjani.info\" title=\"Home\">Home<\/a>\n\t\t<\/span><span class=\"aioseo-breadcrumb-separator\">&raquo;<\/span><span class=\"aioseo-breadcrumb\">\n\t\t\t<a href=\"https:\/\/gazeta-lipjani.info\/index.php\/category\/lipjani\/\" title=\"Lipjani\">Lipjani<\/a>\n\t\t<\/span><span class=\"aioseo-breadcrumb-separator\">&raquo;<\/span><span class=\"aioseo-breadcrumb\">\n\t\t\tImri Ahmeti: Me plan konkret p\u00ebr projekte madhore n\u00eb Lipjan\n\t\t<\/span><\/div>","aioseo_breadcrumb_json":[{"label":"Home","link":"https:\/\/gazeta-lipjani.info"},{"label":"Lipjani","link":"https:\/\/gazeta-lipjani.info\/index.php\/category\/lipjani\/"},{"label":"Imri Ahmeti: Me plan konkret p\u00ebr projekte madhore n\u00eb Lipjan","link":"https:\/\/gazeta-lipjani.info\/index.php\/2025\/09\/09\/imri-ahmeti-me-plan-konkret-per-projekte-madhore-ne-lipjan\/"}],"_links":{"self":[{"href":"https:\/\/gazeta-lipjani.info\/index.php\/wp-json\/wp\/v2\/posts\/1290","targetHints":{"allow":["GET"]}}],"collection":[{"href":"https:\/\/gazeta-lipjani.info\/index.php\/wp-json\/wp\/v2\/posts"}],"about":[{"href":"https:\/\/gazeta-lipjani.info\/index.php\/wp-json\/wp\/v2\/types\/post"}],"author":[{"embeddable":true,"href":"https:\/\/gazeta-lipjani.info\/index.php\/wp-json\/wp\/v2\/users\/2"}],"replies":[{"embeddable":true,"href":"https:\/\/gazeta-lipjani.info\/index.php\/wp-json\/wp\/v2\/comments?post=1290"}],"version-history":[{"count":1,"href":"https:\/\/gazeta-lipjani.info\/index.php\/wp-json\/wp\/v2\/posts\/1290\/revisions"}],"predecessor-version":[{"id":1292,"href":"https:\/\/gazeta-lipjani.info\/index.php\/wp-json\/wp\/v2\/posts\/1290\/revisions\/1292"}],"wp:featuredmedia":[{"embeddable":true,"href":"https:\/\/gazeta-lipjani.info\/index.php\/wp-json\/wp\/v2\/media\/1291"}],"wp:attachment":[{"href":"https:\/\/gazeta-lipjani.info\/index.php\/wp-json\/wp\/v2\/media?parent=1290"}],"wp:term":[{"taxonomy":"category","embeddable":true,"href":"https:\/\/gazeta-lipjani.info\/index.php\/wp-json\/wp\/v2\/categories?post=1290"},{"taxonomy":"post_tag","embeddable":true,"href":"https:\/\/gazeta-lipjani.info\/index.php\/wp-json\/wp\/v2\/tags?post=1290"}],"curies":[{"name":"wp","href":"https:\/\/api.w.org\/{rel}","templated":true}]}}