{"id":1299,"date":"2025-10-01T20:17:50","date_gmt":"2025-10-01T18:17:50","guid":{"rendered":"https:\/\/gazeta-lipjani.info\/?p=1299"},"modified":"2025-10-01T20:17:51","modified_gmt":"2025-10-01T18:17:51","slug":"shukri-buja-parandalimi-dhe-zbulimi-i-hershem-shpetojne-jete-shendeti-i-grave-prioritet-i-pandalshem","status":"publish","type":"post","link":"https:\/\/gazeta-lipjani.info\/index.php\/2025\/10\/01\/shukri-buja-parandalimi-dhe-zbulimi-i-hershem-shpetojne-jete-shendeti-i-grave-prioritet-i-pandalshem\/","title":{"rendered":"Shukri Buja: Parandalimi dhe zbulimi i hersh\u00ebm shp\u00ebtojn\u00eb jet\u00eb \u2013 sh\u00ebndeti i grave, prioritet i pandalsh\u00ebm"},"content":{"rendered":"\n<p>Lipjan, tetor 2025 \u2013 Kandidati i PDK-s\u00eb p\u00ebr kryetar t\u00eb Komun\u00ebs s\u00eb Lipjanit, Shukri Buja, ka p\u00ebrcjell\u00eb nj\u00eb mesazh sensibilizues me rastin e \u201cTetorit Roz\u00eb\u201d, muajit nd\u00ebrkomb\u00ebtar t\u00eb nd\u00ebrgjegj\u00ebsimit p\u00ebr parandalimin e kancerit t\u00eb gjirit.<\/p>\n\n\n\n<p>Buja ka theksuar r\u00ebnd\u00ebsin\u00eb jetike t\u00eb kontrolleve t\u00eb rregullta dhe fuqin\u00eb e skriningut, duke n\u00ebnvizuar se mamografia, ekografia dhe vizitat e shpeshta tek mjeku jan\u00eb \u00e7el\u00ebsi p\u00ebr zbulimin e hersh\u00ebm t\u00eb s\u00ebmundjes, duke rritur ndjesh\u00ebm mund\u00ebsin\u00eb e sh\u00ebrimit.<\/p>\n\n\n\n<p>\u201cKujdesi p\u00ebr veten p\u00ebrmes skriningut nuk \u00ebsht\u00eb vet\u00ebm nj\u00eb hap sh\u00ebndet\u00ebsor, \u00ebsht\u00eb nj\u00eb investim n\u00eb jet\u00ebn dhe t\u00eb ardhmen tuaj. Parandalimi dhe zbulimi i hersh\u00ebm shp\u00ebtojn\u00eb jet\u00eb\u201d, u shpreh Buja.<\/p>\n\n\n\n<p>Ai shtoi se mb\u00ebshtetja institucionale p\u00ebr sh\u00ebndetin e grave do t\u00eb jet\u00eb nj\u00eb prioritet i pandalsh\u00ebm n\u00eb qeverisjen e tij, duke v\u00ebn\u00eb theks t\u00eb ve\u00e7ant\u00eb tek politikat parandaluese dhe p\u00ebrkujdesja p\u00ebr sh\u00ebndetin e komunitetit.<\/p>\n","protected":false},"excerpt":{"rendered":"<p>Lipjan, tetor 2025 \u2013 Kandidati i PDK-s\u00eb p\u00ebr kryetar t\u00eb Komun\u00ebs s\u00eb Lipjanit, Shukri Buja, ka p\u00ebrcjell\u00eb nj\u00eb mesazh sensibilizues me rastin e \u201cTetorit Roz\u00eb\u201d, muajit nd\u00ebrkomb\u00ebtar t\u00eb nd\u00ebrgjegj\u00ebsimit p\u00ebr parandalimin e kancerit t\u00eb gjirit. Buja ka theksuar r\u00ebnd\u00ebsin\u00eb jetike t\u00eb kontrolleve t\u00eb rregullta dhe fuqin\u00eb e skriningut, duke n\u00ebnvizuar se mamografia, ekografia dhe vizitat [&hellip;]<\/p>\n","protected":false},"author":2,"featured_media":1300,"comment_status":"open","ping_status":"open","sticky":false,"template":"","format":"standard","meta":{"footnotes":""},"categories":[30,74],"tags":[],"class_list":{"0":"post-1299","1":"post","2":"type-post","3":"status-publish","4":"format-standard","5":"has-post-thumbnail","7":"category-lipjani","8":"category-zgjedhje-2025"},"aioseo_notices":[],"_links":{"self":[{"href":"https:\/\/gazeta-lipjani.info\/index.php\/wp-json\/wp\/v2\/posts\/1299","targetHints":{"allow":["GET"]}}],"collection":[{"href":"https:\/\/gazeta-lipjani.info\/index.php\/wp-json\/wp\/v2\/posts"}],"about":[{"href":"https:\/\/gazeta-lipjani.info\/index.php\/wp-json\/wp\/v2\/types\/post"}],"author":[{"embeddable":true,"href":"https:\/\/gazeta-lipjani.info\/index.php\/wp-json\/wp\/v2\/users\/2"}],"replies":[{"embeddable":true,"href":"https:\/\/gazeta-lipjani.info\/index.php\/wp-json\/wp\/v2\/comments?post=1299"}],"version-history":[{"count":1,"href":"https:\/\/gazeta-lipjani.info\/index.php\/wp-json\/wp\/v2\/posts\/1299\/revisions"}],"predecessor-version":[{"id":1301,"href":"https:\/\/gazeta-lipjani.info\/index.php\/wp-json\/wp\/v2\/posts\/1299\/revisions\/1301"}],"wp:featuredmedia":[{"embeddable":true,"href":"https:\/\/gazeta-lipjani.info\/index.php\/wp-json\/wp\/v2\/media\/1300"}],"wp:attachment":[{"href":"https:\/\/gazeta-lipjani.info\/index.php\/wp-json\/wp\/v2\/media?parent=1299"}],"wp:term":[{"taxonomy":"category","embeddable":true,"href":"https:\/\/gazeta-lipjani.info\/index.php\/wp-json\/wp\/v2\/categories?post=1299"},{"taxonomy":"post_tag","embeddable":true,"href":"https:\/\/gazeta-lipjani.info\/index.php\/wp-json\/wp\/v2\/tags?post=1299"}],"curies":[{"name":"wp","href":"https:\/\/api.w.org\/{rel}","templated":true}]}}