{"id":1302,"date":"2025-10-01T20:23:26","date_gmt":"2025-10-01T18:23:26","guid":{"rendered":"https:\/\/gazeta-lipjani.info\/?p=1302"},"modified":"2025-10-03T21:14:40","modified_gmt":"2025-10-03T19:14:40","slug":"ldk-me-imri-ahmetin-ne-ribar-te-madh-tubim-me-mase-te-elektrizuar","status":"publish","type":"post","link":"https:\/\/gazeta-lipjani.info\/index.php\/2025\/10\/01\/ldk-me-imri-ahmetin-ne-ribar-te-madh-tubim-me-mase-te-elektrizuar\/","title":{"rendered":"LDK me Imri Ahmetin n\u00eb Ribar t\u00eb Madh, tubim me mas\u00eb t\u00eb elektrizuar"},"content":{"rendered":"\n<p class=\"wp-block-paragraph\">Lipjan, 1 tetor 2025 \u2013 Fushata e Lidhjes Demokratike t\u00eb Kosov\u00ebs (LDK) n\u00eb Lipjan ka vazhduar me nj\u00eb tubim t\u00eb madh n\u00eb fshatin Ribar i Madh, ku kandidati p\u00ebr kryetar t\u00eb komun\u00ebs, Imri Ahmeti, u prit me entuziaz\u00ebm nga nj\u00eb num\u00ebr i madh qytetar\u00ebsh.<\/p>\n\n\n\n<p class=\"wp-block-paragraph\">Atmosfera n\u00eb sall\u00eb u p\u00ebrshkrua si elektrizuese, me pjes\u00ebmarr\u00ebs q\u00eb shpreh\u00ebn p\u00ebrkrahje t\u00eb fuqishme p\u00ebr kandidatur\u00ebn e Ahmetit dhe vizionin e tij p\u00ebr mandatin e ardhsh\u00ebm.<\/p>\n\n\n\n<p class=\"wp-block-paragraph\">N\u00eb fjal\u00ebn e tij para t\u00eb pranishm\u00ebve, Ahmeti theksoi se LDK ka d\u00ebshmuar p\u00ebrkushtim dhe rezultate t\u00eb prekshme n\u00eb Lipjan gjat\u00eb viteve t\u00eb fundit, duke shtuar se projektet konkrete p\u00ebr zhvillimin e komun\u00ebs do t\u00eb vazhdojn\u00eb edhe n\u00eb periudh\u00ebn e ardhshme.<\/p>\n\n\n\n<p class=\"wp-block-paragraph\">\u201cNe kemi nj\u00eb plan t\u00eb qart\u00eb dhe t\u00eb q\u00ebndruesh\u00ebm, q\u00eb garanton zhvillim dhe mir\u00ebqenie p\u00ebr \u00e7do familje t\u00eb Lipjanit\u201d, tha Ahmeti.<\/p>\n\n\n\n<p class=\"wp-block-paragraph\">Tubimi n\u00eb Ribar t\u00eb Madh konsiderohet nd\u00ebr m\u00eb t\u00eb m\u00ebdhenjt\u00eb e deritanish\u00ebm t\u00eb LDK-s\u00eb gjat\u00eb k\u00ebsaj fushate, duke treguar mobilizimin e strukturave dhe p\u00ebrkrahjen e gjer\u00eb qytetare.<\/p>\n","protected":false},"excerpt":{"rendered":"<p>Lipjan, 1 tetor 2025 \u2013 Fushata e Lidhjes Demokratike t\u00eb Kosov\u00ebs (LDK) n\u00eb Lipjan ka vazhduar me nj\u00eb tubim t\u00eb madh n\u00eb fshatin Ribar i Madh, ku kandidati p\u00ebr kryetar t\u00eb komun\u00ebs, Imri Ahmeti, u prit me entuziaz\u00ebm nga nj\u00eb num\u00ebr i madh qytetar\u00ebsh. Atmosfera n\u00eb sall\u00eb u p\u00ebrshkrua si elektrizuese, me pjes\u00ebmarr\u00ebs q\u00eb shpreh\u00ebn [&hellip;]<\/p>\n","protected":false},"author":2,"featured_media":1303,"comment_status":"open","ping_status":"open","sticky":false,"template":"","format":"standard","meta":{"footnotes":""},"categories":[30,74],"tags":[],"class_list":["post-1302","post","type-post","status-publish","format-standard","has-post-thumbnail","category-lipjani","category-zgjedhje-2025"],"aioseo_notices":[],"aioseo_head":"\n\t\t<!-- All in One SEO 5.0.0.1 - aioseo.com -->\n\t<meta name=\"description\" content=\"Lipjan, 1 tetor 2025 \u2013 Fushata e Lidhjes Demokratike t\u00eb Kosov\u00ebs (LDK) n\u00eb Lipjan ka vazhduar me nj\u00eb tubim t\u00eb madh n\u00eb fshatin Ribar i Madh, ku kandidati p\u00ebr kryetar t\u00eb komun\u00ebs, Imri Ahmeti, u prit me entuziaz\u00ebm nga nj\u00eb num\u00ebr i madh qytetar\u00ebsh. Atmosfera n\u00eb sall\u00eb u p\u00ebrshkrua si elektrizuese, me pjes\u00ebmarr\u00ebs q\u00eb shpreh\u00ebn\" \/>\n\t<meta name=\"robots\" content=\"max-image-preview:large\" \/>\n\t<meta name=\"author\" content=\"Redaksia\"\/>\n\t<link rel=\"canonical\" href=\"https:\/\/gazeta-lipjani.info\/index.php\/2025\/10\/01\/ldk-me-imri-ahmetin-ne-ribar-te-madh-tubim-me-mase-te-elektrizuar\/\" \/>\n\t<meta name=\"generator\" content=\"All in One SEO (AIOSEO) 5.0.0.1\" \/>\n\t\t<meta property=\"og:locale\" content=\"sq_AL\" \/>\n\t\t<meta property=\"og:site_name\" content=\"gazeta-lipjani.info - Me ne lajme eshte tek ju!\" \/>\n\t\t<meta property=\"og:type\" content=\"article\" \/>\n\t\t<meta property=\"og:title\" content=\"LDK me Imri Ahmetin n\u00eb Ribar t\u00eb Madh, tubim me mas\u00eb t\u00eb elektrizuar - gazeta-lipjani.info\" \/>\n\t\t<meta property=\"og:description\" content=\"Lipjan, 1 tetor 2025 \u2013 Fushata e Lidhjes Demokratike t\u00eb Kosov\u00ebs (LDK) n\u00eb Lipjan ka vazhduar me nj\u00eb tubim t\u00eb madh n\u00eb fshatin Ribar i Madh, ku kandidati p\u00ebr kryetar t\u00eb komun\u00ebs, Imri Ahmeti, u prit me entuziaz\u00ebm nga nj\u00eb num\u00ebr i madh qytetar\u00ebsh. Atmosfera n\u00eb sall\u00eb u p\u00ebrshkrua si elektrizuese, me pjes\u00ebmarr\u00ebs q\u00eb shpreh\u00ebn\" \/>\n\t\t<meta property=\"og:url\" content=\"https:\/\/gazeta-lipjani.info\/index.php\/2025\/10\/01\/ldk-me-imri-ahmetin-ne-ribar-te-madh-tubim-me-mase-te-elektrizuar\/\" \/>\n\t\t<meta property=\"og:image\" content=\"https:\/\/gazeta-lipjani.info\/wp-content\/uploads\/2025\/10\/IMG_5418-scaled.jpeg\" \/>\n\t\t<meta property=\"og:image:secure_url\" content=\"https:\/\/gazeta-lipjani.info\/wp-content\/uploads\/2025\/10\/IMG_5418-scaled.jpeg\" \/>\n\t\t<meta property=\"og:image:width\" content=\"2560\" \/>\n\t\t<meta property=\"og:image:height\" content=\"1920\" \/>\n\t\t<meta property=\"article:published_time\" content=\"2025-10-01T18:23:26+00:00\" \/>\n\t\t<meta property=\"article:modified_time\" content=\"2025-10-03T19:14:40+00:00\" \/>\n\t\t<meta property=\"article:publisher\" content=\"https:\/\/facebook.com\/\/gazeta.lipjani.info\" \/>\n\t\t<meta name=\"twitter:card\" content=\"summary_large_image\" \/>\n\t\t<meta name=\"twitter:title\" content=\"LDK me Imri Ahmetin n\u00eb Ribar t\u00eb Madh, tubim me mas\u00eb t\u00eb elektrizuar - gazeta-lipjani.info\" \/>\n\t\t<meta name=\"twitter:description\" content=\"Lipjan, 1 tetor 2025 \u2013 Fushata e Lidhjes Demokratike t\u00eb Kosov\u00ebs (LDK) n\u00eb Lipjan ka vazhduar me nj\u00eb tubim t\u00eb madh n\u00eb fshatin Ribar i Madh, ku kandidati p\u00ebr kryetar t\u00eb komun\u00ebs, Imri Ahmeti, u prit me entuziaz\u00ebm nga nj\u00eb num\u00ebr i madh qytetar\u00ebsh. Atmosfera n\u00eb sall\u00eb u p\u00ebrshkrua si elektrizuese, me pjes\u00ebmarr\u00ebs q\u00eb shpreh\u00ebn\" \/>\n\t\t<meta name=\"twitter:image\" content=\"https:\/\/gazeta-lipjani.info\/wp-content\/uploads\/2025\/10\/IMG_5418-scaled.jpeg\" \/>\n\t\t<script type=\"application\/ld+json\" class=\"aioseo-schema\">\n\t\t\t{\"@context\":\"https:\\\/\\\/schema.org\",\"@graph\":[{\"@type\":\"BlogPosting\",\"@id\":\"https:\\\/\\\/gazeta-lipjani.info\\\/index.php\\\/2025\\\/10\\\/01\\\/ldk-me-imri-ahmetin-ne-ribar-te-madh-tubim-me-mase-te-elektrizuar\\\/#blogposting\",\"name\":\"LDK me Imri Ahmetin n\\u00eb Ribar t\\u00eb Madh, tubim me mas\\u00eb t\\u00eb elektrizuar - gazeta-lipjani.info\",\"headline\":\"LDK me Imri Ahmetin n\\u00eb Ribar t\\u00eb Madh, tubim me mas\\u00eb t\\u00eb elektrizuar\",\"author\":{\"@id\":\"https:\\\/\\\/gazeta-lipjani.info\\\/index.php\\\/author\\\/redaksia\\\/#author\"},\"publisher\":{\"@id\":\"https:\\\/\\\/gazeta-lipjani.info\\\/#organization\"},\"image\":{\"@type\":\"ImageObject\",\"url\":\"https:\\\/\\\/gazeta-lipjani.info\\\/wp-content\\\/uploads\\\/2025\\\/10\\\/IMG_5418-scaled.jpeg\",\"width\":2560,\"height\":1920},\"datePublished\":\"2025-10-01T20:23:26+02:00\",\"dateModified\":\"2025-10-03T21:14:40+02:00\",\"inLanguage\":\"sq\",\"mainEntityOfPage\":{\"@id\":\"https:\\\/\\\/gazeta-lipjani.info\\\/index.php\\\/2025\\\/10\\\/01\\\/ldk-me-imri-ahmetin-ne-ribar-te-madh-tubim-me-mase-te-elektrizuar\\\/#webpage\"},\"isPartOf\":{\"@id\":\"https:\\\/\\\/gazeta-lipjani.info\\\/index.php\\\/2025\\\/10\\\/01\\\/ldk-me-imri-ahmetin-ne-ribar-te-madh-tubim-me-mase-te-elektrizuar\\\/#webpage\"},\"articleSection\":\"Lipjani, Zgjedhje 2025\"},{\"@type\":\"BreadcrumbList\",\"@id\":\"https:\\\/\\\/gazeta-lipjani.info\\\/index.php\\\/2025\\\/10\\\/01\\\/ldk-me-imri-ahmetin-ne-ribar-te-madh-tubim-me-mase-te-elektrizuar\\\/#breadcrumblist\",\"itemListElement\":[{\"@type\":\"ListItem\",\"@id\":\"https:\\\/\\\/gazeta-lipjani.info#listItem\",\"position\":1,\"name\":\"Home\",\"item\":\"https:\\\/\\\/gazeta-lipjani.info\",\"nextItem\":{\"@type\":\"ListItem\",\"@id\":\"https:\\\/\\\/gazeta-lipjani.info\\\/index.php\\\/category\\\/lipjani\\\/#listItem\",\"name\":\"Lipjani\"}},{\"@type\":\"ListItem\",\"@id\":\"https:\\\/\\\/gazeta-lipjani.info\\\/index.php\\\/category\\\/lipjani\\\/#listItem\",\"position\":2,\"name\":\"Lipjani\",\"item\":\"https:\\\/\\\/gazeta-lipjani.info\\\/index.php\\\/category\\\/lipjani\\\/\",\"nextItem\":{\"@type\":\"ListItem\",\"@id\":\"https:\\\/\\\/gazeta-lipjani.info\\\/index.php\\\/2025\\\/10\\\/01\\\/ldk-me-imri-ahmetin-ne-ribar-te-madh-tubim-me-mase-te-elektrizuar\\\/#listItem\",\"name\":\"LDK me Imri Ahmetin n\\u00eb Ribar t\\u00eb Madh, tubim me mas\\u00eb t\\u00eb elektrizuar\"},\"previousItem\":{\"@type\":\"ListItem\",\"@id\":\"https:\\\/\\\/gazeta-lipjani.info#listItem\",\"name\":\"Home\"}},{\"@type\":\"ListItem\",\"@id\":\"https:\\\/\\\/gazeta-lipjani.info\\\/index.php\\\/2025\\\/10\\\/01\\\/ldk-me-imri-ahmetin-ne-ribar-te-madh-tubim-me-mase-te-elektrizuar\\\/#listItem\",\"position\":3,\"name\":\"LDK me Imri Ahmetin n\\u00eb Ribar t\\u00eb Madh, tubim me mas\\u00eb t\\u00eb elektrizuar\",\"previousItem\":{\"@type\":\"ListItem\",\"@id\":\"https:\\\/\\\/gazeta-lipjani.info\\\/index.php\\\/category\\\/lipjani\\\/#listItem\",\"name\":\"Lipjani\"}}]},{\"@type\":\"Organization\",\"@id\":\"https:\\\/\\\/gazeta-lipjani.info\\\/#organization\",\"name\":\"gazeta-lipjani.info\",\"description\":\"Me ne lajme eshte tek ju!\",\"url\":\"https:\\\/\\\/gazeta-lipjani.info\\\/\",\"sameAs\":[\"https:\\\/\\\/facebook.com\\\/\\\/gazeta.lipjani.info\"]},{\"@type\":\"Person\",\"@id\":\"https:\\\/\\\/gazeta-lipjani.info\\\/index.php\\\/author\\\/redaksia\\\/#author\",\"url\":\"https:\\\/\\\/gazeta-lipjani.info\\\/index.php\\\/author\\\/redaksia\\\/\",\"name\":\"Redaksia\",\"image\":{\"@type\":\"ImageObject\",\"@id\":\"https:\\\/\\\/gazeta-lipjani.info\\\/index.php\\\/2025\\\/10\\\/01\\\/ldk-me-imri-ahmetin-ne-ribar-te-madh-tubim-me-mase-te-elektrizuar\\\/#authorImage\",\"url\":\"https:\\\/\\\/gazeta-lipjani.info\\\/wp-content\\\/litespeed\\\/avatar\\\/8fd2e79954be7e9ee769a7da892a6648.jpg?ver=1787711921\",\"width\":96,\"height\":96,\"caption\":\"Redaksia\"}},{\"@type\":\"WebPage\",\"@id\":\"https:\\\/\\\/gazeta-lipjani.info\\\/index.php\\\/2025\\\/10\\\/01\\\/ldk-me-imri-ahmetin-ne-ribar-te-madh-tubim-me-mase-te-elektrizuar\\\/#webpage\",\"url\":\"https:\\\/\\\/gazeta-lipjani.info\\\/index.php\\\/2025\\\/10\\\/01\\\/ldk-me-imri-ahmetin-ne-ribar-te-madh-tubim-me-mase-te-elektrizuar\\\/\",\"name\":\"LDK me Imri Ahmetin n\\u00eb Ribar t\\u00eb Madh, tubim me mas\\u00eb t\\u00eb elektrizuar - gazeta-lipjani.info\",\"description\":\"Lipjan, 1 tetor 2025 \\u2013 Fushata e Lidhjes Demokratike t\\u00eb Kosov\\u00ebs (LDK) n\\u00eb Lipjan ka vazhduar me nj\\u00eb tubim t\\u00eb madh n\\u00eb fshatin Ribar i Madh, ku kandidati p\\u00ebr kryetar t\\u00eb komun\\u00ebs, Imri Ahmeti, u prit me entuziaz\\u00ebm nga nj\\u00eb num\\u00ebr i madh qytetar\\u00ebsh. Atmosfera n\\u00eb sall\\u00eb u p\\u00ebrshkrua si elektrizuese, me pjes\\u00ebmarr\\u00ebs q\\u00eb shpreh\\u00ebn\",\"inLanguage\":\"sq\",\"isPartOf\":{\"@id\":\"https:\\\/\\\/gazeta-lipjani.info\\\/#website\"},\"breadcrumb\":{\"@id\":\"https:\\\/\\\/gazeta-lipjani.info\\\/index.php\\\/2025\\\/10\\\/01\\\/ldk-me-imri-ahmetin-ne-ribar-te-madh-tubim-me-mase-te-elektrizuar\\\/#breadcrumblist\"},\"author\":{\"@id\":\"https:\\\/\\\/gazeta-lipjani.info\\\/index.php\\\/author\\\/redaksia\\\/#author\"},\"creator\":{\"@id\":\"https:\\\/\\\/gazeta-lipjani.info\\\/index.php\\\/author\\\/redaksia\\\/#author\"},\"image\":{\"@type\":\"ImageObject\",\"url\":\"https:\\\/\\\/gazeta-lipjani.info\\\/wp-content\\\/uploads\\\/2025\\\/10\\\/IMG_5418-scaled.jpeg\",\"@id\":\"https:\\\/\\\/gazeta-lipjani.info\\\/index.php\\\/2025\\\/10\\\/01\\\/ldk-me-imri-ahmetin-ne-ribar-te-madh-tubim-me-mase-te-elektrizuar\\\/#mainImage\",\"width\":2560,\"height\":1920},\"primaryImageOfPage\":{\"@id\":\"https:\\\/\\\/gazeta-lipjani.info\\\/index.php\\\/2025\\\/10\\\/01\\\/ldk-me-imri-ahmetin-ne-ribar-te-madh-tubim-me-mase-te-elektrizuar\\\/#mainImage\"},\"datePublished\":\"2025-10-01T20:23:26+02:00\",\"dateModified\":\"2025-10-03T21:14:40+02:00\"},{\"@type\":\"WebSite\",\"@id\":\"https:\\\/\\\/gazeta-lipjani.info\\\/#website\",\"url\":\"https:\\\/\\\/gazeta-lipjani.info\\\/\",\"name\":\"gazeta-lipjani.info\",\"description\":\"Me ne lajme eshte tek ju!\",\"inLanguage\":\"sq\",\"publisher\":{\"@id\":\"https:\\\/\\\/gazeta-lipjani.info\\\/#organization\"}}]}\n\t\t<\/script>\n\t\t<!-- All in One SEO -->\n\n","aioseo_head_json":{"title":"LDK me Imri Ahmetin n\u00eb Ribar t\u00eb Madh, tubim me mas\u00eb t\u00eb elektrizuar - gazeta-lipjani.info","description":"Lipjan, 1 tetor 2025 \u2013 Fushata e Lidhjes Demokratike t\u00eb Kosov\u00ebs (LDK) n\u00eb Lipjan ka vazhduar me nj\u00eb tubim t\u00eb madh n\u00eb fshatin Ribar i Madh, ku kandidati p\u00ebr kryetar t\u00eb komun\u00ebs, Imri Ahmeti, u prit me entuziaz\u00ebm nga nj\u00eb num\u00ebr i madh qytetar\u00ebsh. Atmosfera n\u00eb sall\u00eb u p\u00ebrshkrua si elektrizuese, me pjes\u00ebmarr\u00ebs q\u00eb shpreh\u00ebn","canonical_url":"https:\/\/gazeta-lipjani.info\/index.php\/2025\/10\/01\/ldk-me-imri-ahmetin-ne-ribar-te-madh-tubim-me-mase-te-elektrizuar\/","robots":"max-image-preview:large","keywords":"","webmasterTools":{"miscellaneous":""},"schema":{"@context":"https:\/\/schema.org","@graph":[{"@type":"BlogPosting","@id":"https:\/\/gazeta-lipjani.info\/index.php\/2025\/10\/01\/ldk-me-imri-ahmetin-ne-ribar-te-madh-tubim-me-mase-te-elektrizuar\/#blogposting","name":"LDK me Imri Ahmetin n\u00eb Ribar t\u00eb Madh, tubim me mas\u00eb t\u00eb elektrizuar - gazeta-lipjani.info","headline":"LDK me Imri Ahmetin n\u00eb Ribar t\u00eb Madh, tubim me mas\u00eb t\u00eb elektrizuar","author":{"@id":"https:\/\/gazeta-lipjani.info\/index.php\/author\/redaksia\/#author"},"publisher":{"@id":"https:\/\/gazeta-lipjani.info\/#organization"},"image":{"@type":"ImageObject","url":"https:\/\/gazeta-lipjani.info\/wp-content\/uploads\/2025\/10\/IMG_5418-scaled.jpeg","width":2560,"height":1920},"datePublished":"2025-10-01T20:23:26+02:00","dateModified":"2025-10-03T21:14:40+02:00","inLanguage":"sq","mainEntityOfPage":{"@id":"https:\/\/gazeta-lipjani.info\/index.php\/2025\/10\/01\/ldk-me-imri-ahmetin-ne-ribar-te-madh-tubim-me-mase-te-elektrizuar\/#webpage"},"isPartOf":{"@id":"https:\/\/gazeta-lipjani.info\/index.php\/2025\/10\/01\/ldk-me-imri-ahmetin-ne-ribar-te-madh-tubim-me-mase-te-elektrizuar\/#webpage"},"articleSection":"Lipjani, Zgjedhje 2025"},{"@type":"BreadcrumbList","@id":"https:\/\/gazeta-lipjani.info\/index.php\/2025\/10\/01\/ldk-me-imri-ahmetin-ne-ribar-te-madh-tubim-me-mase-te-elektrizuar\/#breadcrumblist","itemListElement":[{"@type":"ListItem","@id":"https:\/\/gazeta-lipjani.info#listItem","position":1,"name":"Home","item":"https:\/\/gazeta-lipjani.info","nextItem":{"@type":"ListItem","@id":"https:\/\/gazeta-lipjani.info\/index.php\/category\/lipjani\/#listItem","name":"Lipjani"}},{"@type":"ListItem","@id":"https:\/\/gazeta-lipjani.info\/index.php\/category\/lipjani\/#listItem","position":2,"name":"Lipjani","item":"https:\/\/gazeta-lipjani.info\/index.php\/category\/lipjani\/","nextItem":{"@type":"ListItem","@id":"https:\/\/gazeta-lipjani.info\/index.php\/2025\/10\/01\/ldk-me-imri-ahmetin-ne-ribar-te-madh-tubim-me-mase-te-elektrizuar\/#listItem","name":"LDK me Imri Ahmetin n\u00eb Ribar t\u00eb Madh, tubim me mas\u00eb t\u00eb elektrizuar"},"previousItem":{"@type":"ListItem","@id":"https:\/\/gazeta-lipjani.info#listItem","name":"Home"}},{"@type":"ListItem","@id":"https:\/\/gazeta-lipjani.info\/index.php\/2025\/10\/01\/ldk-me-imri-ahmetin-ne-ribar-te-madh-tubim-me-mase-te-elektrizuar\/#listItem","position":3,"name":"LDK me Imri Ahmetin n\u00eb Ribar t\u00eb Madh, tubim me mas\u00eb t\u00eb elektrizuar","previousItem":{"@type":"ListItem","@id":"https:\/\/gazeta-lipjani.info\/index.php\/category\/lipjani\/#listItem","name":"Lipjani"}}]},{"@type":"Organization","@id":"https:\/\/gazeta-lipjani.info\/#organization","name":"gazeta-lipjani.info","description":"Me ne lajme eshte tek ju!","url":"https:\/\/gazeta-lipjani.info\/","sameAs":["https:\/\/facebook.com\/\/gazeta.lipjani.info"]},{"@type":"Person","@id":"https:\/\/gazeta-lipjani.info\/index.php\/author\/redaksia\/#author","url":"https:\/\/gazeta-lipjani.info\/index.php\/author\/redaksia\/","name":"Redaksia","image":{"@type":"ImageObject","@id":"https:\/\/gazeta-lipjani.info\/index.php\/2025\/10\/01\/ldk-me-imri-ahmetin-ne-ribar-te-madh-tubim-me-mase-te-elektrizuar\/#authorImage","url":"https:\/\/gazeta-lipjani.info\/wp-content\/litespeed\/avatar\/8fd2e79954be7e9ee769a7da892a6648.jpg?ver=1787711921","width":96,"height":96,"caption":"Redaksia"}},{"@type":"WebPage","@id":"https:\/\/gazeta-lipjani.info\/index.php\/2025\/10\/01\/ldk-me-imri-ahmetin-ne-ribar-te-madh-tubim-me-mase-te-elektrizuar\/#webpage","url":"https:\/\/gazeta-lipjani.info\/index.php\/2025\/10\/01\/ldk-me-imri-ahmetin-ne-ribar-te-madh-tubim-me-mase-te-elektrizuar\/","name":"LDK me Imri Ahmetin n\u00eb Ribar t\u00eb Madh, tubim me mas\u00eb t\u00eb elektrizuar - gazeta-lipjani.info","description":"Lipjan, 1 tetor 2025 \u2013 Fushata e Lidhjes Demokratike t\u00eb Kosov\u00ebs (LDK) n\u00eb Lipjan ka vazhduar me nj\u00eb tubim t\u00eb madh n\u00eb fshatin Ribar i Madh, ku kandidati p\u00ebr kryetar t\u00eb komun\u00ebs, Imri Ahmeti, u prit me entuziaz\u00ebm nga nj\u00eb num\u00ebr i madh qytetar\u00ebsh. Atmosfera n\u00eb sall\u00eb u p\u00ebrshkrua si elektrizuese, me pjes\u00ebmarr\u00ebs q\u00eb shpreh\u00ebn","inLanguage":"sq","isPartOf":{"@id":"https:\/\/gazeta-lipjani.info\/#website"},"breadcrumb":{"@id":"https:\/\/gazeta-lipjani.info\/index.php\/2025\/10\/01\/ldk-me-imri-ahmetin-ne-ribar-te-madh-tubim-me-mase-te-elektrizuar\/#breadcrumblist"},"author":{"@id":"https:\/\/gazeta-lipjani.info\/index.php\/author\/redaksia\/#author"},"creator":{"@id":"https:\/\/gazeta-lipjani.info\/index.php\/author\/redaksia\/#author"},"image":{"@type":"ImageObject","url":"https:\/\/gazeta-lipjani.info\/wp-content\/uploads\/2025\/10\/IMG_5418-scaled.jpeg","@id":"https:\/\/gazeta-lipjani.info\/index.php\/2025\/10\/01\/ldk-me-imri-ahmetin-ne-ribar-te-madh-tubim-me-mase-te-elektrizuar\/#mainImage","width":2560,"height":1920},"primaryImageOfPage":{"@id":"https:\/\/gazeta-lipjani.info\/index.php\/2025\/10\/01\/ldk-me-imri-ahmetin-ne-ribar-te-madh-tubim-me-mase-te-elektrizuar\/#mainImage"},"datePublished":"2025-10-01T20:23:26+02:00","dateModified":"2025-10-03T21:14:40+02:00"},{"@type":"WebSite","@id":"https:\/\/gazeta-lipjani.info\/#website","url":"https:\/\/gazeta-lipjani.info\/","name":"gazeta-lipjani.info","description":"Me ne lajme eshte tek ju!","inLanguage":"sq","publisher":{"@id":"https:\/\/gazeta-lipjani.info\/#organization"}}]},"og:locale":"sq_AL","og:site_name":"gazeta-lipjani.info - Me ne lajme eshte tek ju!","og:type":"article","og:title":"LDK me Imri Ahmetin n\u00eb Ribar t\u00eb Madh, tubim me mas\u00eb t\u00eb elektrizuar - gazeta-lipjani.info","og:description":"Lipjan, 1 tetor 2025 \u2013 Fushata e Lidhjes Demokratike t\u00eb Kosov\u00ebs (LDK) n\u00eb Lipjan ka vazhduar me nj\u00eb tubim t\u00eb madh n\u00eb fshatin Ribar i Madh, ku kandidati p\u00ebr kryetar t\u00eb komun\u00ebs, Imri Ahmeti, u prit me entuziaz\u00ebm nga nj\u00eb num\u00ebr i madh qytetar\u00ebsh. Atmosfera n\u00eb sall\u00eb u p\u00ebrshkrua si elektrizuese, me pjes\u00ebmarr\u00ebs q\u00eb shpreh\u00ebn","og:url":"https:\/\/gazeta-lipjani.info\/index.php\/2025\/10\/01\/ldk-me-imri-ahmetin-ne-ribar-te-madh-tubim-me-mase-te-elektrizuar\/","og:image":"https:\/\/gazeta-lipjani.info\/wp-content\/uploads\/2025\/10\/IMG_5418-scaled.jpeg","og:image:secure_url":"https:\/\/gazeta-lipjani.info\/wp-content\/uploads\/2025\/10\/IMG_5418-scaled.jpeg","og:image:width":2560,"og:image:height":1920,"article:published_time":"2025-10-01T18:23:26+00:00","article:modified_time":"2025-10-03T19:14:40+00:00","article:publisher":"https:\/\/facebook.com\/\/gazeta.lipjani.info","twitter:card":"summary_large_image","twitter:title":"LDK me Imri Ahmetin n\u00eb Ribar t\u00eb Madh, tubim me mas\u00eb t\u00eb elektrizuar - gazeta-lipjani.info","twitter:description":"Lipjan, 1 tetor 2025 \u2013 Fushata e Lidhjes Demokratike t\u00eb Kosov\u00ebs (LDK) n\u00eb Lipjan ka vazhduar me nj\u00eb tubim t\u00eb madh n\u00eb fshatin Ribar i Madh, ku kandidati p\u00ebr kryetar t\u00eb komun\u00ebs, Imri Ahmeti, u prit me entuziaz\u00ebm nga nj\u00eb num\u00ebr i madh qytetar\u00ebsh. Atmosfera n\u00eb sall\u00eb u p\u00ebrshkrua si elektrizuese, me pjes\u00ebmarr\u00ebs q\u00eb shpreh\u00ebn","twitter:image":"https:\/\/gazeta-lipjani.info\/wp-content\/uploads\/2025\/10\/IMG_5418-scaled.jpeg"},"aioseo_meta_data":{"post_id":"1302","title":null,"description":null,"keywords":null,"keyphrases":{"focus":{"keyphrase":"","score":0,"analysis":{"keyphraseInTitle":{"score":0,"maxScore":9,"error":1}}},"additional":[]},"primary_term":null,"canonical_url":null,"og_title":null,"og_description":null,"og_object_type":"default","og_image_type":"default","og_image_url":null,"og_image_width":null,"og_image_height":null,"og_image_custom_url":null,"og_image_custom_fields":null,"og_video":"","og_custom_url":null,"og_article_section":null,"og_article_tags":null,"twitter_use_og":false,"twitter_card":"default","twitter_image_type":"default","twitter_image_url":null,"twitter_image_custom_url":null,"twitter_image_custom_fields":null,"twitter_title":null,"twitter_description":null,"schema":{"blockGraphs":[],"customGraphs":[],"default":{"data":{"Article":[],"Course":[],"Dataset":[],"FAQPage":[],"Movie":[],"Person":[],"Product":[],"ProductReview":[],"Car":[],"Recipe":[],"Service":[],"SoftwareApplication":[],"WebPage":[]},"graphName":"BlogPosting","isEnabled":true},"graphs":[]},"schema_type":"default","schema_type_options":null,"pillar_content":false,"robots_default":true,"robots_noindex":false,"robots_noarchive":false,"robots_nosnippet":false,"robots_nofollow":false,"robots_noimageindex":false,"robots_noodp":false,"robots_notranslate":false,"robots_max_snippet":"-1","robots_max_videopreview":"-1","robots_max_imagepreview":"large","priority":null,"frequency":"default","local_seo":null,"breadcrumb_settings":null,"limit_modified_date":false,"ai":{"faqs":[],"keyPoints":[],"titles":[],"descriptions":[],"socialPosts":{"email":[],"linkedin":[],"twitter":[],"facebook":[],"instagram":[]}},"created":"2025-10-01 18:23:26","updated":"2025-10-03 19:26:00","focus_keyword":null,"additional_keywords":null,"truseo_locale":null,"seo_analyzer_scan_date":null},"aioseo_breadcrumb":"<div class=\"aioseo-breadcrumbs\"><span class=\"aioseo-breadcrumb\">\n\t\t\t<a href=\"https:\/\/gazeta-lipjani.info\" title=\"Home\">Home<\/a>\n\t\t<\/span><span class=\"aioseo-breadcrumb-separator\">&raquo;<\/span><span class=\"aioseo-breadcrumb\">\n\t\t\t<a href=\"https:\/\/gazeta-lipjani.info\/index.php\/category\/lipjani\/\" title=\"Lipjani\">Lipjani<\/a>\n\t\t<\/span><span class=\"aioseo-breadcrumb-separator\">&raquo;<\/span><span class=\"aioseo-breadcrumb\">\n\t\t\tLDK me Imri Ahmetin n\u00eb Ribar t\u00eb Madh, tubim me mas\u00eb t\u00eb elektrizuar\n\t\t<\/span><\/div>","aioseo_breadcrumb_json":[{"label":"Home","link":"https:\/\/gazeta-lipjani.info"},{"label":"Lipjani","link":"https:\/\/gazeta-lipjani.info\/index.php\/category\/lipjani\/"},{"label":"LDK me Imri Ahmetin n\u00eb Ribar t\u00eb Madh, tubim me mas\u00eb t\u00eb elektrizuar","link":"https:\/\/gazeta-lipjani.info\/index.php\/2025\/10\/01\/ldk-me-imri-ahmetin-ne-ribar-te-madh-tubim-me-mase-te-elektrizuar\/"}],"_links":{"self":[{"href":"https:\/\/gazeta-lipjani.info\/index.php\/wp-json\/wp\/v2\/posts\/1302","targetHints":{"allow":["GET"]}}],"collection":[{"href":"https:\/\/gazeta-lipjani.info\/index.php\/wp-json\/wp\/v2\/posts"}],"about":[{"href":"https:\/\/gazeta-lipjani.info\/index.php\/wp-json\/wp\/v2\/types\/post"}],"author":[{"embeddable":true,"href":"https:\/\/gazeta-lipjani.info\/index.php\/wp-json\/wp\/v2\/users\/2"}],"replies":[{"embeddable":true,"href":"https:\/\/gazeta-lipjani.info\/index.php\/wp-json\/wp\/v2\/comments?post=1302"}],"version-history":[{"count":2,"href":"https:\/\/gazeta-lipjani.info\/index.php\/wp-json\/wp\/v2\/posts\/1302\/revisions"}],"predecessor-version":[{"id":1309,"href":"https:\/\/gazeta-lipjani.info\/index.php\/wp-json\/wp\/v2\/posts\/1302\/revisions\/1309"}],"wp:featuredmedia":[{"embeddable":true,"href":"https:\/\/gazeta-lipjani.info\/index.php\/wp-json\/wp\/v2\/media\/1303"}],"wp:attachment":[{"href":"https:\/\/gazeta-lipjani.info\/index.php\/wp-json\/wp\/v2\/media?parent=1302"}],"wp:term":[{"taxonomy":"category","embeddable":true,"href":"https:\/\/gazeta-lipjani.info\/index.php\/wp-json\/wp\/v2\/categories?post=1302"},{"taxonomy":"post_tag","embeddable":true,"href":"https:\/\/gazeta-lipjani.info\/index.php\/wp-json\/wp\/v2\/tags?post=1302"}],"curies":[{"name":"wp","href":"https:\/\/api.w.org\/{rel}","templated":true}]}}