{"id":1305,"date":"2025-10-03T21:10:30","date_gmt":"2025-10-03T19:10:30","guid":{"rendered":"https:\/\/gazeta-lipjani.info\/?p=1305"},"modified":"2025-10-03T21:13:41","modified_gmt":"2025-10-03T19:13:41","slug":"imri-ahmeti-banoret-e-hallaqit-te-madh-konfirmojne-mbeshtetjen-per-ldk-ne","status":"publish","type":"post","link":"https:\/\/gazeta-lipjani.info\/index.php\/2025\/10\/03\/imri-ahmeti-banoret-e-hallaqit-te-madh-konfirmojne-mbeshtetjen-per-ldk-ne\/","title":{"rendered":"Imri Ahmeti: Banor\u00ebt e Hallaqit t\u00eb Madh konfirmojn\u00eb mb\u00ebshtetjen p\u00ebr LDK-n\u00eb"},"content":{"rendered":"\n<p class=\"wp-block-paragraph\">Lipjan, 3 tetor 2025 \u2013 Kandidati i Lidhjes Demokratike t\u00eb Kosov\u00ebs (LDK) p\u00ebr kryetar t\u00eb Lipjanit, Imri Ahmeti, ka zhvilluar sonte nj\u00eb takim me qytetar\u00ebt e Hallaqit t\u00eb Madh, ku u prit me pjes\u00ebmarrje t\u00eb konsiderueshme dhe entuziaz\u00ebm nga banor\u00ebt e k\u00ebtij fshati.<\/p>\n\n\n\n<p class=\"wp-block-paragraph\">Banor\u00ebt e Hallaqit t\u00eb Madh shpreh\u00ebn hapur p\u00ebrkrahjen e tyre, duke theksuar se kan\u00eb zgjedhur alternativ\u00ebn q\u00eb sipas tyre garanton zhvillim, transparenc\u00eb dhe p\u00ebrfaq\u00ebsim real, elemente t\u00eb cilat, si\u00e7 u tha n\u00eb tubim, LDK i ka d\u00ebshmuar gjat\u00eb qeverisjes n\u00eb Lipjan.<\/p>\n\n\n\n<p class=\"wp-block-paragraph\">N\u00eb fjal\u00ebn e tij, Ahmeti tha se LDK \u00ebsht\u00eb e vendosur t\u00eb vazhdoj\u00eb projektet e m\u00ebdha q\u00eb kan\u00eb p\u00ebr q\u00ebllim ngritjen e standardeve t\u00eb jetes\u00ebs dhe zhvillimin e q\u00ebndruesh\u00ebm t\u00eb komun\u00ebs.<\/p>\n\n\n\n<p class=\"wp-block-paragraph\">\u201cBanor\u00ebt e Lipjanit e din\u00eb se fjala jon\u00eb \u00ebsht\u00eb e mbajtur. Ne kemi d\u00ebshmuar qeverisje me rezultate dhe do t\u00eb vazhdojm\u00eb t\u00eb ecim p\u00ebrpara bashk\u00eb me qytetar\u00ebt\u201d, deklaroi ai.<\/p>\n\n\n\n<p class=\"wp-block-paragraph\">Takimi i mbr\u00ebmjes n\u00eb Hallaq t\u00eb Madh u pa si nj\u00eb tjet\u00ebr d\u00ebshmi e mobilizimit dhe p\u00ebrkrahjes s\u00eb gjer\u00eb q\u00eb po fiton LDK n\u00eb prag t\u00eb zgjedhjeve t\u00eb 12 tetorit.<\/p>\n\n\n\n<p class=\"wp-block-paragraph\">Lipjani ec p\u00ebrpara!<\/p>\n","protected":false},"excerpt":{"rendered":"<p>Lipjan, 3 tetor 2025 \u2013 Kandidati i Lidhjes Demokratike t\u00eb Kosov\u00ebs (LDK) p\u00ebr kryetar t\u00eb Lipjanit, Imri Ahmeti, ka zhvilluar sonte nj\u00eb takim me qytetar\u00ebt e Hallaqit t\u00eb Madh, ku u prit me pjes\u00ebmarrje t\u00eb konsiderueshme dhe entuziaz\u00ebm nga banor\u00ebt e k\u00ebtij fshati. Banor\u00ebt e Hallaqit t\u00eb Madh shpreh\u00ebn hapur p\u00ebrkrahjen e tyre, duke theksuar [&hellip;]<\/p>\n","protected":false},"author":2,"featured_media":1306,"comment_status":"open","ping_status":"open","sticky":false,"template":"","format":"standard","meta":{"footnotes":""},"categories":[30,74],"tags":[],"class_list":["post-1305","post","type-post","status-publish","format-standard","has-post-thumbnail","category-lipjani","category-zgjedhje-2025"],"aioseo_notices":[],"aioseo_head":"\n\t\t<!-- All in One SEO 5.0.0.1 - aioseo.com -->\n\t<meta name=\"description\" content=\"Lipjan, 3 tetor 2025 \u2013 Kandidati i Lidhjes Demokratike t\u00eb Kosov\u00ebs (LDK) p\u00ebr kryetar t\u00eb Lipjanit, Imri Ahmeti, ka zhvilluar sonte nj\u00eb takim me qytetar\u00ebt e Hallaqit t\u00eb Madh, ku u prit me pjes\u00ebmarrje t\u00eb konsiderueshme dhe entuziaz\u00ebm nga banor\u00ebt e k\u00ebtij fshati. Banor\u00ebt e Hallaqit t\u00eb Madh shpreh\u00ebn hapur p\u00ebrkrahjen e tyre, duke theksuar\" \/>\n\t<meta name=\"robots\" content=\"max-image-preview:large\" \/>\n\t<meta name=\"author\" content=\"Redaksia\"\/>\n\t<link rel=\"canonical\" href=\"https:\/\/gazeta-lipjani.info\/index.php\/2025\/10\/03\/imri-ahmeti-banoret-e-hallaqit-te-madh-konfirmojne-mbeshtetjen-per-ldk-ne\/\" \/>\n\t<meta name=\"generator\" content=\"All in One SEO (AIOSEO) 5.0.0.1\" \/>\n\t\t<meta property=\"og:locale\" content=\"sq_AL\" \/>\n\t\t<meta property=\"og:site_name\" content=\"gazeta-lipjani.info - Me ne lajme eshte tek ju!\" \/>\n\t\t<meta property=\"og:type\" content=\"article\" \/>\n\t\t<meta property=\"og:title\" content=\"Imri Ahmeti: Banor\u00ebt e Hallaqit t\u00eb Madh konfirmojn\u00eb mb\u00ebshtetjen p\u00ebr LDK-n\u00eb - gazeta-lipjani.info\" \/>\n\t\t<meta property=\"og:description\" content=\"Lipjan, 3 tetor 2025 \u2013 Kandidati i Lidhjes Demokratike t\u00eb Kosov\u00ebs (LDK) p\u00ebr kryetar t\u00eb Lipjanit, Imri Ahmeti, ka zhvilluar sonte nj\u00eb takim me qytetar\u00ebt e Hallaqit t\u00eb Madh, ku u prit me pjes\u00ebmarrje t\u00eb konsiderueshme dhe entuziaz\u00ebm nga banor\u00ebt e k\u00ebtij fshati. Banor\u00ebt e Hallaqit t\u00eb Madh shpreh\u00ebn hapur p\u00ebrkrahjen e tyre, duke theksuar\" \/>\n\t\t<meta property=\"og:url\" content=\"https:\/\/gazeta-lipjani.info\/index.php\/2025\/10\/03\/imri-ahmeti-banoret-e-hallaqit-te-madh-konfirmojne-mbeshtetjen-per-ldk-ne\/\" \/>\n\t\t<meta property=\"og:image\" content=\"https:\/\/gazeta-lipjani.info\/wp-content\/uploads\/2025\/10\/IMG_5457.jpeg\" \/>\n\t\t<meta property=\"og:image:secure_url\" content=\"https:\/\/gazeta-lipjani.info\/wp-content\/uploads\/2025\/10\/IMG_5457.jpeg\" \/>\n\t\t<meta property=\"og:image:width\" content=\"1290\" \/>\n\t\t<meta property=\"og:image:height\" content=\"846\" \/>\n\t\t<meta property=\"article:published_time\" content=\"2025-10-03T19:10:30+00:00\" \/>\n\t\t<meta property=\"article:modified_time\" content=\"2025-10-03T19:13:41+00:00\" \/>\n\t\t<meta property=\"article:publisher\" content=\"https:\/\/facebook.com\/\/gazeta.lipjani.info\" \/>\n\t\t<meta name=\"twitter:card\" content=\"summary_large_image\" \/>\n\t\t<meta name=\"twitter:title\" content=\"Imri Ahmeti: Banor\u00ebt e Hallaqit t\u00eb Madh konfirmojn\u00eb mb\u00ebshtetjen p\u00ebr LDK-n\u00eb - gazeta-lipjani.info\" \/>\n\t\t<meta name=\"twitter:description\" content=\"Lipjan, 3 tetor 2025 \u2013 Kandidati i Lidhjes Demokratike t\u00eb Kosov\u00ebs (LDK) p\u00ebr kryetar t\u00eb Lipjanit, Imri Ahmeti, ka zhvilluar sonte nj\u00eb takim me qytetar\u00ebt e Hallaqit t\u00eb Madh, ku u prit me pjes\u00ebmarrje t\u00eb konsiderueshme dhe entuziaz\u00ebm nga banor\u00ebt e k\u00ebtij fshati. Banor\u00ebt e Hallaqit t\u00eb Madh shpreh\u00ebn hapur p\u00ebrkrahjen e tyre, duke theksuar\" \/>\n\t\t<meta name=\"twitter:image\" content=\"https:\/\/gazeta-lipjani.info\/wp-content\/uploads\/2025\/10\/IMG_5457.jpeg\" \/>\n\t\t<script type=\"application\/ld+json\" class=\"aioseo-schema\">\n\t\t\t{\"@context\":\"https:\\\/\\\/schema.org\",\"@graph\":[{\"@type\":\"BlogPosting\",\"@id\":\"https:\\\/\\\/gazeta-lipjani.info\\\/index.php\\\/2025\\\/10\\\/03\\\/imri-ahmeti-banoret-e-hallaqit-te-madh-konfirmojne-mbeshtetjen-per-ldk-ne\\\/#blogposting\",\"name\":\"Imri Ahmeti: Banor\\u00ebt e Hallaqit t\\u00eb Madh konfirmojn\\u00eb mb\\u00ebshtetjen p\\u00ebr LDK-n\\u00eb - gazeta-lipjani.info\",\"headline\":\"Imri Ahmeti: Banor\\u00ebt e Hallaqit t\\u00eb Madh konfirmojn\\u00eb mb\\u00ebshtetjen p\\u00ebr LDK-n\\u00eb\",\"author\":{\"@id\":\"https:\\\/\\\/gazeta-lipjani.info\\\/index.php\\\/author\\\/redaksia\\\/#author\"},\"publisher\":{\"@id\":\"https:\\\/\\\/gazeta-lipjani.info\\\/#organization\"},\"image\":{\"@type\":\"ImageObject\",\"url\":\"https:\\\/\\\/gazeta-lipjani.info\\\/wp-content\\\/uploads\\\/2025\\\/10\\\/IMG_5457.jpeg\",\"width\":1290,\"height\":846},\"datePublished\":\"2025-10-03T21:10:30+02:00\",\"dateModified\":\"2025-10-03T21:13:41+02:00\",\"inLanguage\":\"sq\",\"mainEntityOfPage\":{\"@id\":\"https:\\\/\\\/gazeta-lipjani.info\\\/index.php\\\/2025\\\/10\\\/03\\\/imri-ahmeti-banoret-e-hallaqit-te-madh-konfirmojne-mbeshtetjen-per-ldk-ne\\\/#webpage\"},\"isPartOf\":{\"@id\":\"https:\\\/\\\/gazeta-lipjani.info\\\/index.php\\\/2025\\\/10\\\/03\\\/imri-ahmeti-banoret-e-hallaqit-te-madh-konfirmojne-mbeshtetjen-per-ldk-ne\\\/#webpage\"},\"articleSection\":\"Lipjani, Zgjedhje 2025\"},{\"@type\":\"BreadcrumbList\",\"@id\":\"https:\\\/\\\/gazeta-lipjani.info\\\/index.php\\\/2025\\\/10\\\/03\\\/imri-ahmeti-banoret-e-hallaqit-te-madh-konfirmojne-mbeshtetjen-per-ldk-ne\\\/#breadcrumblist\",\"itemListElement\":[{\"@type\":\"ListItem\",\"@id\":\"https:\\\/\\\/gazeta-lipjani.info#listItem\",\"position\":1,\"name\":\"Home\",\"item\":\"https:\\\/\\\/gazeta-lipjani.info\",\"nextItem\":{\"@type\":\"ListItem\",\"@id\":\"https:\\\/\\\/gazeta-lipjani.info\\\/index.php\\\/category\\\/lipjani\\\/#listItem\",\"name\":\"Lipjani\"}},{\"@type\":\"ListItem\",\"@id\":\"https:\\\/\\\/gazeta-lipjani.info\\\/index.php\\\/category\\\/lipjani\\\/#listItem\",\"position\":2,\"name\":\"Lipjani\",\"item\":\"https:\\\/\\\/gazeta-lipjani.info\\\/index.php\\\/category\\\/lipjani\\\/\",\"nextItem\":{\"@type\":\"ListItem\",\"@id\":\"https:\\\/\\\/gazeta-lipjani.info\\\/index.php\\\/2025\\\/10\\\/03\\\/imri-ahmeti-banoret-e-hallaqit-te-madh-konfirmojne-mbeshtetjen-per-ldk-ne\\\/#listItem\",\"name\":\"Imri Ahmeti: Banor\\u00ebt e Hallaqit t\\u00eb Madh konfirmojn\\u00eb mb\\u00ebshtetjen p\\u00ebr LDK-n\\u00eb\"},\"previousItem\":{\"@type\":\"ListItem\",\"@id\":\"https:\\\/\\\/gazeta-lipjani.info#listItem\",\"name\":\"Home\"}},{\"@type\":\"ListItem\",\"@id\":\"https:\\\/\\\/gazeta-lipjani.info\\\/index.php\\\/2025\\\/10\\\/03\\\/imri-ahmeti-banoret-e-hallaqit-te-madh-konfirmojne-mbeshtetjen-per-ldk-ne\\\/#listItem\",\"position\":3,\"name\":\"Imri Ahmeti: Banor\\u00ebt e Hallaqit t\\u00eb Madh konfirmojn\\u00eb mb\\u00ebshtetjen p\\u00ebr LDK-n\\u00eb\",\"previousItem\":{\"@type\":\"ListItem\",\"@id\":\"https:\\\/\\\/gazeta-lipjani.info\\\/index.php\\\/category\\\/lipjani\\\/#listItem\",\"name\":\"Lipjani\"}}]},{\"@type\":\"Organization\",\"@id\":\"https:\\\/\\\/gazeta-lipjani.info\\\/#organization\",\"name\":\"gazeta-lipjani.info\",\"description\":\"Me ne lajme eshte tek ju!\",\"url\":\"https:\\\/\\\/gazeta-lipjani.info\\\/\",\"sameAs\":[\"https:\\\/\\\/facebook.com\\\/\\\/gazeta.lipjani.info\"]},{\"@type\":\"Person\",\"@id\":\"https:\\\/\\\/gazeta-lipjani.info\\\/index.php\\\/author\\\/redaksia\\\/#author\",\"url\":\"https:\\\/\\\/gazeta-lipjani.info\\\/index.php\\\/author\\\/redaksia\\\/\",\"name\":\"Redaksia\",\"image\":{\"@type\":\"ImageObject\",\"@id\":\"https:\\\/\\\/gazeta-lipjani.info\\\/index.php\\\/2025\\\/10\\\/03\\\/imri-ahmeti-banoret-e-hallaqit-te-madh-konfirmojne-mbeshtetjen-per-ldk-ne\\\/#authorImage\",\"url\":\"https:\\\/\\\/gazeta-lipjani.info\\\/wp-content\\\/litespeed\\\/avatar\\\/8fd2e79954be7e9ee769a7da892a6648.jpg?ver=1787711921\",\"width\":96,\"height\":96,\"caption\":\"Redaksia\"}},{\"@type\":\"WebPage\",\"@id\":\"https:\\\/\\\/gazeta-lipjani.info\\\/index.php\\\/2025\\\/10\\\/03\\\/imri-ahmeti-banoret-e-hallaqit-te-madh-konfirmojne-mbeshtetjen-per-ldk-ne\\\/#webpage\",\"url\":\"https:\\\/\\\/gazeta-lipjani.info\\\/index.php\\\/2025\\\/10\\\/03\\\/imri-ahmeti-banoret-e-hallaqit-te-madh-konfirmojne-mbeshtetjen-per-ldk-ne\\\/\",\"name\":\"Imri Ahmeti: Banor\\u00ebt e Hallaqit t\\u00eb Madh konfirmojn\\u00eb mb\\u00ebshtetjen p\\u00ebr LDK-n\\u00eb - gazeta-lipjani.info\",\"description\":\"Lipjan, 3 tetor 2025 \\u2013 Kandidati i Lidhjes Demokratike t\\u00eb Kosov\\u00ebs (LDK) p\\u00ebr kryetar t\\u00eb Lipjanit, Imri Ahmeti, ka zhvilluar sonte nj\\u00eb takim me qytetar\\u00ebt e Hallaqit t\\u00eb Madh, ku u prit me pjes\\u00ebmarrje t\\u00eb konsiderueshme dhe entuziaz\\u00ebm nga banor\\u00ebt e k\\u00ebtij fshati. Banor\\u00ebt e Hallaqit t\\u00eb Madh shpreh\\u00ebn hapur p\\u00ebrkrahjen e tyre, duke theksuar\",\"inLanguage\":\"sq\",\"isPartOf\":{\"@id\":\"https:\\\/\\\/gazeta-lipjani.info\\\/#website\"},\"breadcrumb\":{\"@id\":\"https:\\\/\\\/gazeta-lipjani.info\\\/index.php\\\/2025\\\/10\\\/03\\\/imri-ahmeti-banoret-e-hallaqit-te-madh-konfirmojne-mbeshtetjen-per-ldk-ne\\\/#breadcrumblist\"},\"author\":{\"@id\":\"https:\\\/\\\/gazeta-lipjani.info\\\/index.php\\\/author\\\/redaksia\\\/#author\"},\"creator\":{\"@id\":\"https:\\\/\\\/gazeta-lipjani.info\\\/index.php\\\/author\\\/redaksia\\\/#author\"},\"image\":{\"@type\":\"ImageObject\",\"url\":\"https:\\\/\\\/gazeta-lipjani.info\\\/wp-content\\\/uploads\\\/2025\\\/10\\\/IMG_5457.jpeg\",\"@id\":\"https:\\\/\\\/gazeta-lipjani.info\\\/index.php\\\/2025\\\/10\\\/03\\\/imri-ahmeti-banoret-e-hallaqit-te-madh-konfirmojne-mbeshtetjen-per-ldk-ne\\\/#mainImage\",\"width\":1290,\"height\":846},\"primaryImageOfPage\":{\"@id\":\"https:\\\/\\\/gazeta-lipjani.info\\\/index.php\\\/2025\\\/10\\\/03\\\/imri-ahmeti-banoret-e-hallaqit-te-madh-konfirmojne-mbeshtetjen-per-ldk-ne\\\/#mainImage\"},\"datePublished\":\"2025-10-03T21:10:30+02:00\",\"dateModified\":\"2025-10-03T21:13:41+02:00\"},{\"@type\":\"WebSite\",\"@id\":\"https:\\\/\\\/gazeta-lipjani.info\\\/#website\",\"url\":\"https:\\\/\\\/gazeta-lipjani.info\\\/\",\"name\":\"gazeta-lipjani.info\",\"description\":\"Me ne lajme eshte tek ju!\",\"inLanguage\":\"sq\",\"publisher\":{\"@id\":\"https:\\\/\\\/gazeta-lipjani.info\\\/#organization\"}}]}\n\t\t<\/script>\n\t\t<!-- All in One SEO -->\n\n","aioseo_head_json":{"title":"Imri Ahmeti: Banor\u00ebt e Hallaqit t\u00eb Madh konfirmojn\u00eb mb\u00ebshtetjen p\u00ebr LDK-n\u00eb - gazeta-lipjani.info","description":"Lipjan, 3 tetor 2025 \u2013 Kandidati i Lidhjes Demokratike t\u00eb Kosov\u00ebs (LDK) p\u00ebr kryetar t\u00eb Lipjanit, Imri Ahmeti, ka zhvilluar sonte nj\u00eb takim me qytetar\u00ebt e Hallaqit t\u00eb Madh, ku u prit me pjes\u00ebmarrje t\u00eb konsiderueshme dhe entuziaz\u00ebm nga banor\u00ebt e k\u00ebtij fshati. Banor\u00ebt e Hallaqit t\u00eb Madh shpreh\u00ebn hapur p\u00ebrkrahjen e tyre, duke theksuar","canonical_url":"https:\/\/gazeta-lipjani.info\/index.php\/2025\/10\/03\/imri-ahmeti-banoret-e-hallaqit-te-madh-konfirmojne-mbeshtetjen-per-ldk-ne\/","robots":"max-image-preview:large","keywords":"","webmasterTools":{"miscellaneous":""},"schema":{"@context":"https:\/\/schema.org","@graph":[{"@type":"BlogPosting","@id":"https:\/\/gazeta-lipjani.info\/index.php\/2025\/10\/03\/imri-ahmeti-banoret-e-hallaqit-te-madh-konfirmojne-mbeshtetjen-per-ldk-ne\/#blogposting","name":"Imri Ahmeti: Banor\u00ebt e Hallaqit t\u00eb Madh konfirmojn\u00eb mb\u00ebshtetjen p\u00ebr LDK-n\u00eb - gazeta-lipjani.info","headline":"Imri Ahmeti: Banor\u00ebt e Hallaqit t\u00eb Madh konfirmojn\u00eb mb\u00ebshtetjen p\u00ebr LDK-n\u00eb","author":{"@id":"https:\/\/gazeta-lipjani.info\/index.php\/author\/redaksia\/#author"},"publisher":{"@id":"https:\/\/gazeta-lipjani.info\/#organization"},"image":{"@type":"ImageObject","url":"https:\/\/gazeta-lipjani.info\/wp-content\/uploads\/2025\/10\/IMG_5457.jpeg","width":1290,"height":846},"datePublished":"2025-10-03T21:10:30+02:00","dateModified":"2025-10-03T21:13:41+02:00","inLanguage":"sq","mainEntityOfPage":{"@id":"https:\/\/gazeta-lipjani.info\/index.php\/2025\/10\/03\/imri-ahmeti-banoret-e-hallaqit-te-madh-konfirmojne-mbeshtetjen-per-ldk-ne\/#webpage"},"isPartOf":{"@id":"https:\/\/gazeta-lipjani.info\/index.php\/2025\/10\/03\/imri-ahmeti-banoret-e-hallaqit-te-madh-konfirmojne-mbeshtetjen-per-ldk-ne\/#webpage"},"articleSection":"Lipjani, Zgjedhje 2025"},{"@type":"BreadcrumbList","@id":"https:\/\/gazeta-lipjani.info\/index.php\/2025\/10\/03\/imri-ahmeti-banoret-e-hallaqit-te-madh-konfirmojne-mbeshtetjen-per-ldk-ne\/#breadcrumblist","itemListElement":[{"@type":"ListItem","@id":"https:\/\/gazeta-lipjani.info#listItem","position":1,"name":"Home","item":"https:\/\/gazeta-lipjani.info","nextItem":{"@type":"ListItem","@id":"https:\/\/gazeta-lipjani.info\/index.php\/category\/lipjani\/#listItem","name":"Lipjani"}},{"@type":"ListItem","@id":"https:\/\/gazeta-lipjani.info\/index.php\/category\/lipjani\/#listItem","position":2,"name":"Lipjani","item":"https:\/\/gazeta-lipjani.info\/index.php\/category\/lipjani\/","nextItem":{"@type":"ListItem","@id":"https:\/\/gazeta-lipjani.info\/index.php\/2025\/10\/03\/imri-ahmeti-banoret-e-hallaqit-te-madh-konfirmojne-mbeshtetjen-per-ldk-ne\/#listItem","name":"Imri Ahmeti: Banor\u00ebt e Hallaqit t\u00eb Madh konfirmojn\u00eb mb\u00ebshtetjen p\u00ebr LDK-n\u00eb"},"previousItem":{"@type":"ListItem","@id":"https:\/\/gazeta-lipjani.info#listItem","name":"Home"}},{"@type":"ListItem","@id":"https:\/\/gazeta-lipjani.info\/index.php\/2025\/10\/03\/imri-ahmeti-banoret-e-hallaqit-te-madh-konfirmojne-mbeshtetjen-per-ldk-ne\/#listItem","position":3,"name":"Imri Ahmeti: Banor\u00ebt e Hallaqit t\u00eb Madh konfirmojn\u00eb mb\u00ebshtetjen p\u00ebr LDK-n\u00eb","previousItem":{"@type":"ListItem","@id":"https:\/\/gazeta-lipjani.info\/index.php\/category\/lipjani\/#listItem","name":"Lipjani"}}]},{"@type":"Organization","@id":"https:\/\/gazeta-lipjani.info\/#organization","name":"gazeta-lipjani.info","description":"Me ne lajme eshte tek ju!","url":"https:\/\/gazeta-lipjani.info\/","sameAs":["https:\/\/facebook.com\/\/gazeta.lipjani.info"]},{"@type":"Person","@id":"https:\/\/gazeta-lipjani.info\/index.php\/author\/redaksia\/#author","url":"https:\/\/gazeta-lipjani.info\/index.php\/author\/redaksia\/","name":"Redaksia","image":{"@type":"ImageObject","@id":"https:\/\/gazeta-lipjani.info\/index.php\/2025\/10\/03\/imri-ahmeti-banoret-e-hallaqit-te-madh-konfirmojne-mbeshtetjen-per-ldk-ne\/#authorImage","url":"https:\/\/gazeta-lipjani.info\/wp-content\/litespeed\/avatar\/8fd2e79954be7e9ee769a7da892a6648.jpg?ver=1787711921","width":96,"height":96,"caption":"Redaksia"}},{"@type":"WebPage","@id":"https:\/\/gazeta-lipjani.info\/index.php\/2025\/10\/03\/imri-ahmeti-banoret-e-hallaqit-te-madh-konfirmojne-mbeshtetjen-per-ldk-ne\/#webpage","url":"https:\/\/gazeta-lipjani.info\/index.php\/2025\/10\/03\/imri-ahmeti-banoret-e-hallaqit-te-madh-konfirmojne-mbeshtetjen-per-ldk-ne\/","name":"Imri Ahmeti: Banor\u00ebt e Hallaqit t\u00eb Madh konfirmojn\u00eb mb\u00ebshtetjen p\u00ebr LDK-n\u00eb - gazeta-lipjani.info","description":"Lipjan, 3 tetor 2025 \u2013 Kandidati i Lidhjes Demokratike t\u00eb Kosov\u00ebs (LDK) p\u00ebr kryetar t\u00eb Lipjanit, Imri Ahmeti, ka zhvilluar sonte nj\u00eb takim me qytetar\u00ebt e Hallaqit t\u00eb Madh, ku u prit me pjes\u00ebmarrje t\u00eb konsiderueshme dhe entuziaz\u00ebm nga banor\u00ebt e k\u00ebtij fshati. Banor\u00ebt e Hallaqit t\u00eb Madh shpreh\u00ebn hapur p\u00ebrkrahjen e tyre, duke theksuar","inLanguage":"sq","isPartOf":{"@id":"https:\/\/gazeta-lipjani.info\/#website"},"breadcrumb":{"@id":"https:\/\/gazeta-lipjani.info\/index.php\/2025\/10\/03\/imri-ahmeti-banoret-e-hallaqit-te-madh-konfirmojne-mbeshtetjen-per-ldk-ne\/#breadcrumblist"},"author":{"@id":"https:\/\/gazeta-lipjani.info\/index.php\/author\/redaksia\/#author"},"creator":{"@id":"https:\/\/gazeta-lipjani.info\/index.php\/author\/redaksia\/#author"},"image":{"@type":"ImageObject","url":"https:\/\/gazeta-lipjani.info\/wp-content\/uploads\/2025\/10\/IMG_5457.jpeg","@id":"https:\/\/gazeta-lipjani.info\/index.php\/2025\/10\/03\/imri-ahmeti-banoret-e-hallaqit-te-madh-konfirmojne-mbeshtetjen-per-ldk-ne\/#mainImage","width":1290,"height":846},"primaryImageOfPage":{"@id":"https:\/\/gazeta-lipjani.info\/index.php\/2025\/10\/03\/imri-ahmeti-banoret-e-hallaqit-te-madh-konfirmojne-mbeshtetjen-per-ldk-ne\/#mainImage"},"datePublished":"2025-10-03T21:10:30+02:00","dateModified":"2025-10-03T21:13:41+02:00"},{"@type":"WebSite","@id":"https:\/\/gazeta-lipjani.info\/#website","url":"https:\/\/gazeta-lipjani.info\/","name":"gazeta-lipjani.info","description":"Me ne lajme eshte tek ju!","inLanguage":"sq","publisher":{"@id":"https:\/\/gazeta-lipjani.info\/#organization"}}]},"og:locale":"sq_AL","og:site_name":"gazeta-lipjani.info - Me ne lajme eshte tek ju!","og:type":"article","og:title":"Imri Ahmeti: Banor\u00ebt e Hallaqit t\u00eb Madh konfirmojn\u00eb mb\u00ebshtetjen p\u00ebr LDK-n\u00eb - gazeta-lipjani.info","og:description":"Lipjan, 3 tetor 2025 \u2013 Kandidati i Lidhjes Demokratike t\u00eb Kosov\u00ebs (LDK) p\u00ebr kryetar t\u00eb Lipjanit, Imri Ahmeti, ka zhvilluar sonte nj\u00eb takim me qytetar\u00ebt e Hallaqit t\u00eb Madh, ku u prit me pjes\u00ebmarrje t\u00eb konsiderueshme dhe entuziaz\u00ebm nga banor\u00ebt e k\u00ebtij fshati. Banor\u00ebt e Hallaqit t\u00eb Madh shpreh\u00ebn hapur p\u00ebrkrahjen e tyre, duke theksuar","og:url":"https:\/\/gazeta-lipjani.info\/index.php\/2025\/10\/03\/imri-ahmeti-banoret-e-hallaqit-te-madh-konfirmojne-mbeshtetjen-per-ldk-ne\/","og:image":"https:\/\/gazeta-lipjani.info\/wp-content\/uploads\/2025\/10\/IMG_5457.jpeg","og:image:secure_url":"https:\/\/gazeta-lipjani.info\/wp-content\/uploads\/2025\/10\/IMG_5457.jpeg","og:image:width":1290,"og:image:height":846,"article:published_time":"2025-10-03T19:10:30+00:00","article:modified_time":"2025-10-03T19:13:41+00:00","article:publisher":"https:\/\/facebook.com\/\/gazeta.lipjani.info","twitter:card":"summary_large_image","twitter:title":"Imri Ahmeti: Banor\u00ebt e Hallaqit t\u00eb Madh konfirmojn\u00eb mb\u00ebshtetjen p\u00ebr LDK-n\u00eb - gazeta-lipjani.info","twitter:description":"Lipjan, 3 tetor 2025 \u2013 Kandidati i Lidhjes Demokratike t\u00eb Kosov\u00ebs (LDK) p\u00ebr kryetar t\u00eb Lipjanit, Imri Ahmeti, ka zhvilluar sonte nj\u00eb takim me qytetar\u00ebt e Hallaqit t\u00eb Madh, ku u prit me pjes\u00ebmarrje t\u00eb konsiderueshme dhe entuziaz\u00ebm nga banor\u00ebt e k\u00ebtij fshati. Banor\u00ebt e Hallaqit t\u00eb Madh shpreh\u00ebn hapur p\u00ebrkrahjen e tyre, duke theksuar","twitter:image":"https:\/\/gazeta-lipjani.info\/wp-content\/uploads\/2025\/10\/IMG_5457.jpeg"},"aioseo_meta_data":{"post_id":"1305","title":null,"description":null,"keywords":null,"keyphrases":{"focus":{"keyphrase":"","score":0,"analysis":{"keyphraseInTitle":{"score":0,"maxScore":9,"error":1}}},"additional":[]},"primary_term":null,"canonical_url":null,"og_title":null,"og_description":null,"og_object_type":"default","og_image_type":"default","og_image_url":null,"og_image_width":null,"og_image_height":null,"og_image_custom_url":null,"og_image_custom_fields":null,"og_video":"","og_custom_url":null,"og_article_section":null,"og_article_tags":null,"twitter_use_og":false,"twitter_card":"default","twitter_image_type":"default","twitter_image_url":null,"twitter_image_custom_url":null,"twitter_image_custom_fields":null,"twitter_title":null,"twitter_description":null,"schema":{"blockGraphs":[],"customGraphs":[],"default":{"data":{"Article":[],"Course":[],"Dataset":[],"FAQPage":[],"Movie":[],"Person":[],"Product":[],"ProductReview":[],"Car":[],"Recipe":[],"Service":[],"SoftwareApplication":[],"WebPage":[]},"graphName":"BlogPosting","isEnabled":true},"graphs":[]},"schema_type":"default","schema_type_options":null,"pillar_content":false,"robots_default":true,"robots_noindex":false,"robots_noarchive":false,"robots_nosnippet":false,"robots_nofollow":false,"robots_noimageindex":false,"robots_noodp":false,"robots_notranslate":false,"robots_max_snippet":"-1","robots_max_videopreview":"-1","robots_max_imagepreview":"large","priority":null,"frequency":"default","local_seo":null,"breadcrumb_settings":null,"limit_modified_date":false,"ai":{"faqs":[],"keyPoints":[],"titles":[],"descriptions":[],"socialPosts":{"email":[],"linkedin":[],"twitter":[],"facebook":[],"instagram":[]}},"created":"2025-10-03 19:10:32","updated":"2025-10-03 19:26:00","focus_keyword":null,"additional_keywords":null,"truseo_locale":null,"seo_analyzer_scan_date":null},"aioseo_breadcrumb":"<div class=\"aioseo-breadcrumbs\"><span class=\"aioseo-breadcrumb\">\n\t\t\t<a href=\"https:\/\/gazeta-lipjani.info\" title=\"Home\">Home<\/a>\n\t\t<\/span><span class=\"aioseo-breadcrumb-separator\">&raquo;<\/span><span class=\"aioseo-breadcrumb\">\n\t\t\t<a href=\"https:\/\/gazeta-lipjani.info\/index.php\/category\/lipjani\/\" title=\"Lipjani\">Lipjani<\/a>\n\t\t<\/span><span class=\"aioseo-breadcrumb-separator\">&raquo;<\/span><span class=\"aioseo-breadcrumb\">\n\t\t\tImri Ahmeti: Banor\u00ebt e Hallaqit t\u00eb Madh konfirmojn\u00eb mb\u00ebshtetjen p\u00ebr LDK-n\u00eb\n\t\t<\/span><\/div>","aioseo_breadcrumb_json":[{"label":"Home","link":"https:\/\/gazeta-lipjani.info"},{"label":"Lipjani","link":"https:\/\/gazeta-lipjani.info\/index.php\/category\/lipjani\/"},{"label":"Imri Ahmeti: Banor\u00ebt e Hallaqit t\u00eb Madh konfirmojn\u00eb mb\u00ebshtetjen p\u00ebr LDK-n\u00eb","link":"https:\/\/gazeta-lipjani.info\/index.php\/2025\/10\/03\/imri-ahmeti-banoret-e-hallaqit-te-madh-konfirmojne-mbeshtetjen-per-ldk-ne\/"}],"_links":{"self":[{"href":"https:\/\/gazeta-lipjani.info\/index.php\/wp-json\/wp\/v2\/posts\/1305","targetHints":{"allow":["GET"]}}],"collection":[{"href":"https:\/\/gazeta-lipjani.info\/index.php\/wp-json\/wp\/v2\/posts"}],"about":[{"href":"https:\/\/gazeta-lipjani.info\/index.php\/wp-json\/wp\/v2\/types\/post"}],"author":[{"embeddable":true,"href":"https:\/\/gazeta-lipjani.info\/index.php\/wp-json\/wp\/v2\/users\/2"}],"replies":[{"embeddable":true,"href":"https:\/\/gazeta-lipjani.info\/index.php\/wp-json\/wp\/v2\/comments?post=1305"}],"version-history":[{"count":2,"href":"https:\/\/gazeta-lipjani.info\/index.php\/wp-json\/wp\/v2\/posts\/1305\/revisions"}],"predecessor-version":[{"id":1308,"href":"https:\/\/gazeta-lipjani.info\/index.php\/wp-json\/wp\/v2\/posts\/1305\/revisions\/1308"}],"wp:featuredmedia":[{"embeddable":true,"href":"https:\/\/gazeta-lipjani.info\/index.php\/wp-json\/wp\/v2\/media\/1306"}],"wp:attachment":[{"href":"https:\/\/gazeta-lipjani.info\/index.php\/wp-json\/wp\/v2\/media?parent=1305"}],"wp:term":[{"taxonomy":"category","embeddable":true,"href":"https:\/\/gazeta-lipjani.info\/index.php\/wp-json\/wp\/v2\/categories?post=1305"},{"taxonomy":"post_tag","embeddable":true,"href":"https:\/\/gazeta-lipjani.info\/index.php\/wp-json\/wp\/v2\/tags?post=1305"}],"curies":[{"name":"wp","href":"https:\/\/api.w.org\/{rel}","templated":true}]}}