{"id":1310,"date":"2025-10-04T21:39:25","date_gmt":"2025-10-04T19:39:25","guid":{"rendered":"https:\/\/gazeta-lipjani.info\/?p=1310"},"modified":"2025-10-04T21:39:25","modified_gmt":"2025-10-04T19:39:25","slug":"shukri-buja-janjeva-akllapi-teqja-dhe-brusi-e-dine-mire-kush-ka-punuar-per-ta","status":"publish","type":"post","link":"https:\/\/gazeta-lipjani.info\/index.php\/2025\/10\/04\/shukri-buja-janjeva-akllapi-teqja-dhe-brusi-e-dine-mire-kush-ka-punuar-per-ta\/","title":{"rendered":"Shukri Buja: Janjeva, Akllapi, Teqja dhe Brusi e din\u00eb mir\u00eb kush ka punuar p\u00ebr ta"},"content":{"rendered":"\n<p class=\"wp-block-paragraph\">Lipjan, 4 tetor 2025 \u2013 Kandidati i Partis\u00eb Demokratike t\u00eb Kosov\u00ebs (PDK) p\u00ebr kryetar t\u00eb Komun\u00ebs s\u00eb Lipjanit, Shukri Buja, ka vazhduar fushat\u00ebn zgjedhore me nj\u00eb takim entuziast me banor\u00ebt e Janjev\u00ebs, Akllapit, Teqes dhe Brusit.<\/p>\n\n\n\n<p class=\"wp-block-paragraph\">N\u00eb nj\u00eb atmosfer\u00eb t\u00eb ngroht\u00eb e mikprit\u00ebse, Buja dhe ekipi i tij u prit\u00ebn me mb\u00ebshtetje t\u00eb madhe nga banor\u00ebt e k\u00ebtyre lokaliteteve, t\u00eb cil\u00ebt, si\u00e7 u shpreh ai, \u201ce din\u00eb mir\u00eb kush ka kryer pun\u00eb e kush ka investuar p\u00ebr ta\u201d.<\/p>\n\n\n\n<p class=\"wp-block-paragraph\">\u201cE din\u00eb mir\u00eb kush ka investuar mbi 2 milion\u00eb euro p\u00ebr k\u00ebto lokalitete. Prandaj sonte e mir\u00ebprit\u00ebn Kryetarin, e mir\u00ebprit\u00ebn ekipin ton\u00eb fitues, si dhe e mir\u00ebprit\u00ebn PDK-n\u00eb. Ne po rikthehemi \u2014 po rikthehemi p\u00ebr m\u00eb mir\u00eb p\u00ebr Lipjanin, p\u00ebr Janjev\u00ebn, Akllapin, Teqen dhe Brusin\u201d, deklaroi Buja.<\/p>\n\n\n\n<p class=\"wp-block-paragraph\">Ky takim u vler\u00ebsua si d\u00ebshmi e besimit q\u00eb banor\u00ebt e k\u00ebtyre fshatrave vazhdojn\u00eb ta ken\u00eb ndaj PDK-s\u00eb dhe kandidatit t\u00eb saj, i cili theksoi se rikthimi i tij n\u00eb drejtimin e komun\u00ebs do t\u00eb sjell\u00eb zhvillim t\u00eb q\u00ebndruesh\u00ebm dhe investime t\u00eb reja infrastrukturore e ekonomike.<\/p>\n","protected":false},"excerpt":{"rendered":"<p>Lipjan, 4 tetor 2025 \u2013 Kandidati i Partis\u00eb Demokratike t\u00eb Kosov\u00ebs (PDK) p\u00ebr kryetar t\u00eb Komun\u00ebs s\u00eb Lipjanit, Shukri Buja, ka vazhduar fushat\u00ebn zgjedhore me nj\u00eb takim entuziast me banor\u00ebt e Janjev\u00ebs, Akllapit, Teqes dhe Brusit. N\u00eb nj\u00eb atmosfer\u00eb t\u00eb ngroht\u00eb e mikprit\u00ebse, Buja dhe ekipi i tij u prit\u00ebn me mb\u00ebshtetje t\u00eb madhe nga [&hellip;]<\/p>\n","protected":false},"author":2,"featured_media":1311,"comment_status":"open","ping_status":"open","sticky":false,"template":"","format":"standard","meta":{"footnotes":""},"categories":[30,74],"tags":[],"class_list":["post-1310","post","type-post","status-publish","format-standard","has-post-thumbnail","category-lipjani","category-zgjedhje-2025"],"aioseo_notices":[],"aioseo_head":"\n\t\t<!-- All in One SEO 5.0.0.1 - aioseo.com -->\n\t<meta name=\"description\" content=\"Lipjan, 4 tetor 2025 \u2013 Kandidati i Partis\u00eb Demokratike t\u00eb Kosov\u00ebs (PDK) p\u00ebr kryetar t\u00eb Komun\u00ebs s\u00eb Lipjanit, Shukri Buja, ka vazhduar fushat\u00ebn zgjedhore me nj\u00eb takim entuziast me banor\u00ebt e Janjev\u00ebs, Akllapit, Teqes dhe Brusit. N\u00eb nj\u00eb atmosfer\u00eb t\u00eb ngroht\u00eb e mikprit\u00ebse, Buja dhe ekipi i tij u prit\u00ebn me mb\u00ebshtetje t\u00eb madhe nga\" \/>\n\t<meta name=\"robots\" content=\"max-image-preview:large\" \/>\n\t<meta name=\"author\" content=\"Redaksia\"\/>\n\t<link rel=\"canonical\" href=\"https:\/\/gazeta-lipjani.info\/index.php\/2025\/10\/04\/shukri-buja-janjeva-akllapi-teqja-dhe-brusi-e-dine-mire-kush-ka-punuar-per-ta\/\" \/>\n\t<meta name=\"generator\" content=\"All in One SEO (AIOSEO) 5.0.0.1\" \/>\n\t\t<meta property=\"og:locale\" content=\"sq_AL\" \/>\n\t\t<meta property=\"og:site_name\" content=\"gazeta-lipjani.info - Me ne lajme eshte tek ju!\" \/>\n\t\t<meta property=\"og:type\" content=\"article\" \/>\n\t\t<meta property=\"og:title\" content=\"Shukri Buja: Janjeva, Akllapi, Teqja dhe Brusi e din\u00eb mir\u00eb kush ka punuar p\u00ebr ta - gazeta-lipjani.info\" \/>\n\t\t<meta property=\"og:description\" content=\"Lipjan, 4 tetor 2025 \u2013 Kandidati i Partis\u00eb Demokratike t\u00eb Kosov\u00ebs (PDK) p\u00ebr kryetar t\u00eb Komun\u00ebs s\u00eb Lipjanit, Shukri Buja, ka vazhduar fushat\u00ebn zgjedhore me nj\u00eb takim entuziast me banor\u00ebt e Janjev\u00ebs, Akllapit, Teqes dhe Brusit. N\u00eb nj\u00eb atmosfer\u00eb t\u00eb ngroht\u00eb e mikprit\u00ebse, Buja dhe ekipi i tij u prit\u00ebn me mb\u00ebshtetje t\u00eb madhe nga\" \/>\n\t\t<meta property=\"og:url\" content=\"https:\/\/gazeta-lipjani.info\/index.php\/2025\/10\/04\/shukri-buja-janjeva-akllapi-teqja-dhe-brusi-e-dine-mire-kush-ka-punuar-per-ta\/\" \/>\n\t\t<meta property=\"og:image\" content=\"https:\/\/gazeta-lipjani.info\/wp-content\/uploads\/2025\/10\/IMG_5495.jpeg\" \/>\n\t\t<meta property=\"og:image:secure_url\" content=\"https:\/\/gazeta-lipjani.info\/wp-content\/uploads\/2025\/10\/IMG_5495.jpeg\" \/>\n\t\t<meta property=\"og:image:width\" content=\"1599\" \/>\n\t\t<meta property=\"og:image:height\" content=\"1066\" \/>\n\t\t<meta property=\"article:published_time\" content=\"2025-10-04T19:39:25+00:00\" \/>\n\t\t<meta property=\"article:modified_time\" content=\"2025-10-04T19:39:25+00:00\" \/>\n\t\t<meta property=\"article:publisher\" content=\"https:\/\/facebook.com\/\/gazeta.lipjani.info\" \/>\n\t\t<meta name=\"twitter:card\" content=\"summary_large_image\" \/>\n\t\t<meta name=\"twitter:title\" content=\"Shukri Buja: Janjeva, Akllapi, Teqja dhe Brusi e din\u00eb mir\u00eb kush ka punuar p\u00ebr ta - gazeta-lipjani.info\" \/>\n\t\t<meta name=\"twitter:description\" content=\"Lipjan, 4 tetor 2025 \u2013 Kandidati i Partis\u00eb Demokratike t\u00eb Kosov\u00ebs (PDK) p\u00ebr kryetar t\u00eb Komun\u00ebs s\u00eb Lipjanit, Shukri Buja, ka vazhduar fushat\u00ebn zgjedhore me nj\u00eb takim entuziast me banor\u00ebt e Janjev\u00ebs, Akllapit, Teqes dhe Brusit. N\u00eb nj\u00eb atmosfer\u00eb t\u00eb ngroht\u00eb e mikprit\u00ebse, Buja dhe ekipi i tij u prit\u00ebn me mb\u00ebshtetje t\u00eb madhe nga\" \/>\n\t\t<meta name=\"twitter:image\" content=\"https:\/\/gazeta-lipjani.info\/wp-content\/uploads\/2025\/10\/IMG_5495.jpeg\" \/>\n\t\t<script type=\"application\/ld+json\" class=\"aioseo-schema\">\n\t\t\t{\"@context\":\"https:\\\/\\\/schema.org\",\"@graph\":[{\"@type\":\"BlogPosting\",\"@id\":\"https:\\\/\\\/gazeta-lipjani.info\\\/index.php\\\/2025\\\/10\\\/04\\\/shukri-buja-janjeva-akllapi-teqja-dhe-brusi-e-dine-mire-kush-ka-punuar-per-ta\\\/#blogposting\",\"name\":\"Shukri Buja: Janjeva, Akllapi, Teqja dhe Brusi e din\\u00eb mir\\u00eb kush ka punuar p\\u00ebr ta - gazeta-lipjani.info\",\"headline\":\"Shukri Buja: Janjeva, Akllapi, Teqja dhe Brusi e din\\u00eb mir\\u00eb kush ka punuar p\\u00ebr ta\",\"author\":{\"@id\":\"https:\\\/\\\/gazeta-lipjani.info\\\/index.php\\\/author\\\/redaksia\\\/#author\"},\"publisher\":{\"@id\":\"https:\\\/\\\/gazeta-lipjani.info\\\/#organization\"},\"image\":{\"@type\":\"ImageObject\",\"url\":\"https:\\\/\\\/gazeta-lipjani.info\\\/wp-content\\\/uploads\\\/2025\\\/10\\\/IMG_5495.jpeg\",\"width\":1599,\"height\":1066},\"datePublished\":\"2025-10-04T21:39:25+02:00\",\"dateModified\":\"2025-10-04T21:39:25+02:00\",\"inLanguage\":\"sq\",\"mainEntityOfPage\":{\"@id\":\"https:\\\/\\\/gazeta-lipjani.info\\\/index.php\\\/2025\\\/10\\\/04\\\/shukri-buja-janjeva-akllapi-teqja-dhe-brusi-e-dine-mire-kush-ka-punuar-per-ta\\\/#webpage\"},\"isPartOf\":{\"@id\":\"https:\\\/\\\/gazeta-lipjani.info\\\/index.php\\\/2025\\\/10\\\/04\\\/shukri-buja-janjeva-akllapi-teqja-dhe-brusi-e-dine-mire-kush-ka-punuar-per-ta\\\/#webpage\"},\"articleSection\":\"Lipjani, Zgjedhje 2025\"},{\"@type\":\"BreadcrumbList\",\"@id\":\"https:\\\/\\\/gazeta-lipjani.info\\\/index.php\\\/2025\\\/10\\\/04\\\/shukri-buja-janjeva-akllapi-teqja-dhe-brusi-e-dine-mire-kush-ka-punuar-per-ta\\\/#breadcrumblist\",\"itemListElement\":[{\"@type\":\"ListItem\",\"@id\":\"https:\\\/\\\/gazeta-lipjani.info#listItem\",\"position\":1,\"name\":\"Home\",\"item\":\"https:\\\/\\\/gazeta-lipjani.info\",\"nextItem\":{\"@type\":\"ListItem\",\"@id\":\"https:\\\/\\\/gazeta-lipjani.info\\\/index.php\\\/category\\\/lipjani\\\/#listItem\",\"name\":\"Lipjani\"}},{\"@type\":\"ListItem\",\"@id\":\"https:\\\/\\\/gazeta-lipjani.info\\\/index.php\\\/category\\\/lipjani\\\/#listItem\",\"position\":2,\"name\":\"Lipjani\",\"item\":\"https:\\\/\\\/gazeta-lipjani.info\\\/index.php\\\/category\\\/lipjani\\\/\",\"nextItem\":{\"@type\":\"ListItem\",\"@id\":\"https:\\\/\\\/gazeta-lipjani.info\\\/index.php\\\/2025\\\/10\\\/04\\\/shukri-buja-janjeva-akllapi-teqja-dhe-brusi-e-dine-mire-kush-ka-punuar-per-ta\\\/#listItem\",\"name\":\"Shukri Buja: Janjeva, Akllapi, Teqja dhe Brusi e din\\u00eb mir\\u00eb kush ka punuar p\\u00ebr ta\"},\"previousItem\":{\"@type\":\"ListItem\",\"@id\":\"https:\\\/\\\/gazeta-lipjani.info#listItem\",\"name\":\"Home\"}},{\"@type\":\"ListItem\",\"@id\":\"https:\\\/\\\/gazeta-lipjani.info\\\/index.php\\\/2025\\\/10\\\/04\\\/shukri-buja-janjeva-akllapi-teqja-dhe-brusi-e-dine-mire-kush-ka-punuar-per-ta\\\/#listItem\",\"position\":3,\"name\":\"Shukri Buja: Janjeva, Akllapi, Teqja dhe Brusi e din\\u00eb mir\\u00eb kush ka punuar p\\u00ebr ta\",\"previousItem\":{\"@type\":\"ListItem\",\"@id\":\"https:\\\/\\\/gazeta-lipjani.info\\\/index.php\\\/category\\\/lipjani\\\/#listItem\",\"name\":\"Lipjani\"}}]},{\"@type\":\"Organization\",\"@id\":\"https:\\\/\\\/gazeta-lipjani.info\\\/#organization\",\"name\":\"gazeta-lipjani.info\",\"description\":\"Me ne lajme eshte tek ju!\",\"url\":\"https:\\\/\\\/gazeta-lipjani.info\\\/\",\"sameAs\":[\"https:\\\/\\\/facebook.com\\\/\\\/gazeta.lipjani.info\"]},{\"@type\":\"Person\",\"@id\":\"https:\\\/\\\/gazeta-lipjani.info\\\/index.php\\\/author\\\/redaksia\\\/#author\",\"url\":\"https:\\\/\\\/gazeta-lipjani.info\\\/index.php\\\/author\\\/redaksia\\\/\",\"name\":\"Redaksia\",\"image\":{\"@type\":\"ImageObject\",\"@id\":\"https:\\\/\\\/gazeta-lipjani.info\\\/index.php\\\/2025\\\/10\\\/04\\\/shukri-buja-janjeva-akllapi-teqja-dhe-brusi-e-dine-mire-kush-ka-punuar-per-ta\\\/#authorImage\",\"url\":\"https:\\\/\\\/gazeta-lipjani.info\\\/wp-content\\\/litespeed\\\/avatar\\\/8fd2e79954be7e9ee769a7da892a6648.jpg?ver=1787711921\",\"width\":96,\"height\":96,\"caption\":\"Redaksia\"}},{\"@type\":\"WebPage\",\"@id\":\"https:\\\/\\\/gazeta-lipjani.info\\\/index.php\\\/2025\\\/10\\\/04\\\/shukri-buja-janjeva-akllapi-teqja-dhe-brusi-e-dine-mire-kush-ka-punuar-per-ta\\\/#webpage\",\"url\":\"https:\\\/\\\/gazeta-lipjani.info\\\/index.php\\\/2025\\\/10\\\/04\\\/shukri-buja-janjeva-akllapi-teqja-dhe-brusi-e-dine-mire-kush-ka-punuar-per-ta\\\/\",\"name\":\"Shukri Buja: Janjeva, Akllapi, Teqja dhe Brusi e din\\u00eb mir\\u00eb kush ka punuar p\\u00ebr ta - gazeta-lipjani.info\",\"description\":\"Lipjan, 4 tetor 2025 \\u2013 Kandidati i Partis\\u00eb Demokratike t\\u00eb Kosov\\u00ebs (PDK) p\\u00ebr kryetar t\\u00eb Komun\\u00ebs s\\u00eb Lipjanit, Shukri Buja, ka vazhduar fushat\\u00ebn zgjedhore me nj\\u00eb takim entuziast me banor\\u00ebt e Janjev\\u00ebs, Akllapit, Teqes dhe Brusit. N\\u00eb nj\\u00eb atmosfer\\u00eb t\\u00eb ngroht\\u00eb e mikprit\\u00ebse, Buja dhe ekipi i tij u prit\\u00ebn me mb\\u00ebshtetje t\\u00eb madhe nga\",\"inLanguage\":\"sq\",\"isPartOf\":{\"@id\":\"https:\\\/\\\/gazeta-lipjani.info\\\/#website\"},\"breadcrumb\":{\"@id\":\"https:\\\/\\\/gazeta-lipjani.info\\\/index.php\\\/2025\\\/10\\\/04\\\/shukri-buja-janjeva-akllapi-teqja-dhe-brusi-e-dine-mire-kush-ka-punuar-per-ta\\\/#breadcrumblist\"},\"author\":{\"@id\":\"https:\\\/\\\/gazeta-lipjani.info\\\/index.php\\\/author\\\/redaksia\\\/#author\"},\"creator\":{\"@id\":\"https:\\\/\\\/gazeta-lipjani.info\\\/index.php\\\/author\\\/redaksia\\\/#author\"},\"image\":{\"@type\":\"ImageObject\",\"url\":\"https:\\\/\\\/gazeta-lipjani.info\\\/wp-content\\\/uploads\\\/2025\\\/10\\\/IMG_5495.jpeg\",\"@id\":\"https:\\\/\\\/gazeta-lipjani.info\\\/index.php\\\/2025\\\/10\\\/04\\\/shukri-buja-janjeva-akllapi-teqja-dhe-brusi-e-dine-mire-kush-ka-punuar-per-ta\\\/#mainImage\",\"width\":1599,\"height\":1066},\"primaryImageOfPage\":{\"@id\":\"https:\\\/\\\/gazeta-lipjani.info\\\/index.php\\\/2025\\\/10\\\/04\\\/shukri-buja-janjeva-akllapi-teqja-dhe-brusi-e-dine-mire-kush-ka-punuar-per-ta\\\/#mainImage\"},\"datePublished\":\"2025-10-04T21:39:25+02:00\",\"dateModified\":\"2025-10-04T21:39:25+02:00\"},{\"@type\":\"WebSite\",\"@id\":\"https:\\\/\\\/gazeta-lipjani.info\\\/#website\",\"url\":\"https:\\\/\\\/gazeta-lipjani.info\\\/\",\"name\":\"gazeta-lipjani.info\",\"description\":\"Me ne lajme eshte tek ju!\",\"inLanguage\":\"sq\",\"publisher\":{\"@id\":\"https:\\\/\\\/gazeta-lipjani.info\\\/#organization\"}}]}\n\t\t<\/script>\n\t\t<!-- All in One SEO -->\n\n","aioseo_head_json":{"title":"Shukri Buja: Janjeva, Akllapi, Teqja dhe Brusi e din\u00eb mir\u00eb kush ka punuar p\u00ebr ta - gazeta-lipjani.info","description":"Lipjan, 4 tetor 2025 \u2013 Kandidati i Partis\u00eb Demokratike t\u00eb Kosov\u00ebs (PDK) p\u00ebr kryetar t\u00eb Komun\u00ebs s\u00eb Lipjanit, Shukri Buja, ka vazhduar fushat\u00ebn zgjedhore me nj\u00eb takim entuziast me banor\u00ebt e Janjev\u00ebs, Akllapit, Teqes dhe Brusit. N\u00eb nj\u00eb atmosfer\u00eb t\u00eb ngroht\u00eb e mikprit\u00ebse, Buja dhe ekipi i tij u prit\u00ebn me mb\u00ebshtetje t\u00eb madhe nga","canonical_url":"https:\/\/gazeta-lipjani.info\/index.php\/2025\/10\/04\/shukri-buja-janjeva-akllapi-teqja-dhe-brusi-e-dine-mire-kush-ka-punuar-per-ta\/","robots":"max-image-preview:large","keywords":"","webmasterTools":{"miscellaneous":""},"schema":{"@context":"https:\/\/schema.org","@graph":[{"@type":"BlogPosting","@id":"https:\/\/gazeta-lipjani.info\/index.php\/2025\/10\/04\/shukri-buja-janjeva-akllapi-teqja-dhe-brusi-e-dine-mire-kush-ka-punuar-per-ta\/#blogposting","name":"Shukri Buja: Janjeva, Akllapi, Teqja dhe Brusi e din\u00eb mir\u00eb kush ka punuar p\u00ebr ta - gazeta-lipjani.info","headline":"Shukri Buja: Janjeva, Akllapi, Teqja dhe Brusi e din\u00eb mir\u00eb kush ka punuar p\u00ebr ta","author":{"@id":"https:\/\/gazeta-lipjani.info\/index.php\/author\/redaksia\/#author"},"publisher":{"@id":"https:\/\/gazeta-lipjani.info\/#organization"},"image":{"@type":"ImageObject","url":"https:\/\/gazeta-lipjani.info\/wp-content\/uploads\/2025\/10\/IMG_5495.jpeg","width":1599,"height":1066},"datePublished":"2025-10-04T21:39:25+02:00","dateModified":"2025-10-04T21:39:25+02:00","inLanguage":"sq","mainEntityOfPage":{"@id":"https:\/\/gazeta-lipjani.info\/index.php\/2025\/10\/04\/shukri-buja-janjeva-akllapi-teqja-dhe-brusi-e-dine-mire-kush-ka-punuar-per-ta\/#webpage"},"isPartOf":{"@id":"https:\/\/gazeta-lipjani.info\/index.php\/2025\/10\/04\/shukri-buja-janjeva-akllapi-teqja-dhe-brusi-e-dine-mire-kush-ka-punuar-per-ta\/#webpage"},"articleSection":"Lipjani, Zgjedhje 2025"},{"@type":"BreadcrumbList","@id":"https:\/\/gazeta-lipjani.info\/index.php\/2025\/10\/04\/shukri-buja-janjeva-akllapi-teqja-dhe-brusi-e-dine-mire-kush-ka-punuar-per-ta\/#breadcrumblist","itemListElement":[{"@type":"ListItem","@id":"https:\/\/gazeta-lipjani.info#listItem","position":1,"name":"Home","item":"https:\/\/gazeta-lipjani.info","nextItem":{"@type":"ListItem","@id":"https:\/\/gazeta-lipjani.info\/index.php\/category\/lipjani\/#listItem","name":"Lipjani"}},{"@type":"ListItem","@id":"https:\/\/gazeta-lipjani.info\/index.php\/category\/lipjani\/#listItem","position":2,"name":"Lipjani","item":"https:\/\/gazeta-lipjani.info\/index.php\/category\/lipjani\/","nextItem":{"@type":"ListItem","@id":"https:\/\/gazeta-lipjani.info\/index.php\/2025\/10\/04\/shukri-buja-janjeva-akllapi-teqja-dhe-brusi-e-dine-mire-kush-ka-punuar-per-ta\/#listItem","name":"Shukri Buja: Janjeva, Akllapi, Teqja dhe Brusi e din\u00eb mir\u00eb kush ka punuar p\u00ebr ta"},"previousItem":{"@type":"ListItem","@id":"https:\/\/gazeta-lipjani.info#listItem","name":"Home"}},{"@type":"ListItem","@id":"https:\/\/gazeta-lipjani.info\/index.php\/2025\/10\/04\/shukri-buja-janjeva-akllapi-teqja-dhe-brusi-e-dine-mire-kush-ka-punuar-per-ta\/#listItem","position":3,"name":"Shukri Buja: Janjeva, Akllapi, Teqja dhe Brusi e din\u00eb mir\u00eb kush ka punuar p\u00ebr ta","previousItem":{"@type":"ListItem","@id":"https:\/\/gazeta-lipjani.info\/index.php\/category\/lipjani\/#listItem","name":"Lipjani"}}]},{"@type":"Organization","@id":"https:\/\/gazeta-lipjani.info\/#organization","name":"gazeta-lipjani.info","description":"Me ne lajme eshte tek ju!","url":"https:\/\/gazeta-lipjani.info\/","sameAs":["https:\/\/facebook.com\/\/gazeta.lipjani.info"]},{"@type":"Person","@id":"https:\/\/gazeta-lipjani.info\/index.php\/author\/redaksia\/#author","url":"https:\/\/gazeta-lipjani.info\/index.php\/author\/redaksia\/","name":"Redaksia","image":{"@type":"ImageObject","@id":"https:\/\/gazeta-lipjani.info\/index.php\/2025\/10\/04\/shukri-buja-janjeva-akllapi-teqja-dhe-brusi-e-dine-mire-kush-ka-punuar-per-ta\/#authorImage","url":"https:\/\/gazeta-lipjani.info\/wp-content\/litespeed\/avatar\/8fd2e79954be7e9ee769a7da892a6648.jpg?ver=1787711921","width":96,"height":96,"caption":"Redaksia"}},{"@type":"WebPage","@id":"https:\/\/gazeta-lipjani.info\/index.php\/2025\/10\/04\/shukri-buja-janjeva-akllapi-teqja-dhe-brusi-e-dine-mire-kush-ka-punuar-per-ta\/#webpage","url":"https:\/\/gazeta-lipjani.info\/index.php\/2025\/10\/04\/shukri-buja-janjeva-akllapi-teqja-dhe-brusi-e-dine-mire-kush-ka-punuar-per-ta\/","name":"Shukri Buja: Janjeva, Akllapi, Teqja dhe Brusi e din\u00eb mir\u00eb kush ka punuar p\u00ebr ta - gazeta-lipjani.info","description":"Lipjan, 4 tetor 2025 \u2013 Kandidati i Partis\u00eb Demokratike t\u00eb Kosov\u00ebs (PDK) p\u00ebr kryetar t\u00eb Komun\u00ebs s\u00eb Lipjanit, Shukri Buja, ka vazhduar fushat\u00ebn zgjedhore me nj\u00eb takim entuziast me banor\u00ebt e Janjev\u00ebs, Akllapit, Teqes dhe Brusit. N\u00eb nj\u00eb atmosfer\u00eb t\u00eb ngroht\u00eb e mikprit\u00ebse, Buja dhe ekipi i tij u prit\u00ebn me mb\u00ebshtetje t\u00eb madhe nga","inLanguage":"sq","isPartOf":{"@id":"https:\/\/gazeta-lipjani.info\/#website"},"breadcrumb":{"@id":"https:\/\/gazeta-lipjani.info\/index.php\/2025\/10\/04\/shukri-buja-janjeva-akllapi-teqja-dhe-brusi-e-dine-mire-kush-ka-punuar-per-ta\/#breadcrumblist"},"author":{"@id":"https:\/\/gazeta-lipjani.info\/index.php\/author\/redaksia\/#author"},"creator":{"@id":"https:\/\/gazeta-lipjani.info\/index.php\/author\/redaksia\/#author"},"image":{"@type":"ImageObject","url":"https:\/\/gazeta-lipjani.info\/wp-content\/uploads\/2025\/10\/IMG_5495.jpeg","@id":"https:\/\/gazeta-lipjani.info\/index.php\/2025\/10\/04\/shukri-buja-janjeva-akllapi-teqja-dhe-brusi-e-dine-mire-kush-ka-punuar-per-ta\/#mainImage","width":1599,"height":1066},"primaryImageOfPage":{"@id":"https:\/\/gazeta-lipjani.info\/index.php\/2025\/10\/04\/shukri-buja-janjeva-akllapi-teqja-dhe-brusi-e-dine-mire-kush-ka-punuar-per-ta\/#mainImage"},"datePublished":"2025-10-04T21:39:25+02:00","dateModified":"2025-10-04T21:39:25+02:00"},{"@type":"WebSite","@id":"https:\/\/gazeta-lipjani.info\/#website","url":"https:\/\/gazeta-lipjani.info\/","name":"gazeta-lipjani.info","description":"Me ne lajme eshte tek ju!","inLanguage":"sq","publisher":{"@id":"https:\/\/gazeta-lipjani.info\/#organization"}}]},"og:locale":"sq_AL","og:site_name":"gazeta-lipjani.info - Me ne lajme eshte tek ju!","og:type":"article","og:title":"Shukri Buja: Janjeva, Akllapi, Teqja dhe Brusi e din\u00eb mir\u00eb kush ka punuar p\u00ebr ta - gazeta-lipjani.info","og:description":"Lipjan, 4 tetor 2025 \u2013 Kandidati i Partis\u00eb Demokratike t\u00eb Kosov\u00ebs (PDK) p\u00ebr kryetar t\u00eb Komun\u00ebs s\u00eb Lipjanit, Shukri Buja, ka vazhduar fushat\u00ebn zgjedhore me nj\u00eb takim entuziast me banor\u00ebt e Janjev\u00ebs, Akllapit, Teqes dhe Brusit. N\u00eb nj\u00eb atmosfer\u00eb t\u00eb ngroht\u00eb e mikprit\u00ebse, Buja dhe ekipi i tij u prit\u00ebn me mb\u00ebshtetje t\u00eb madhe nga","og:url":"https:\/\/gazeta-lipjani.info\/index.php\/2025\/10\/04\/shukri-buja-janjeva-akllapi-teqja-dhe-brusi-e-dine-mire-kush-ka-punuar-per-ta\/","og:image":"https:\/\/gazeta-lipjani.info\/wp-content\/uploads\/2025\/10\/IMG_5495.jpeg","og:image:secure_url":"https:\/\/gazeta-lipjani.info\/wp-content\/uploads\/2025\/10\/IMG_5495.jpeg","og:image:width":1599,"og:image:height":1066,"article:published_time":"2025-10-04T19:39:25+00:00","article:modified_time":"2025-10-04T19:39:25+00:00","article:publisher":"https:\/\/facebook.com\/\/gazeta.lipjani.info","twitter:card":"summary_large_image","twitter:title":"Shukri Buja: Janjeva, Akllapi, Teqja dhe Brusi e din\u00eb mir\u00eb kush ka punuar p\u00ebr ta - gazeta-lipjani.info","twitter:description":"Lipjan, 4 tetor 2025 \u2013 Kandidati i Partis\u00eb Demokratike t\u00eb Kosov\u00ebs (PDK) p\u00ebr kryetar t\u00eb Komun\u00ebs s\u00eb Lipjanit, Shukri Buja, ka vazhduar fushat\u00ebn zgjedhore me nj\u00eb takim entuziast me banor\u00ebt e Janjev\u00ebs, Akllapit, Teqes dhe Brusit. N\u00eb nj\u00eb atmosfer\u00eb t\u00eb ngroht\u00eb e mikprit\u00ebse, Buja dhe ekipi i tij u prit\u00ebn me mb\u00ebshtetje t\u00eb madhe nga","twitter:image":"https:\/\/gazeta-lipjani.info\/wp-content\/uploads\/2025\/10\/IMG_5495.jpeg"},"aioseo_meta_data":{"post_id":"1310","title":null,"description":null,"keywords":null,"keyphrases":{"focus":{"keyphrase":"","score":0,"analysis":{"keyphraseInTitle":{"score":0,"maxScore":9,"error":1}}},"additional":[]},"primary_term":null,"canonical_url":null,"og_title":null,"og_description":null,"og_object_type":"default","og_image_type":"default","og_image_url":null,"og_image_width":null,"og_image_height":null,"og_image_custom_url":null,"og_image_custom_fields":null,"og_video":"","og_custom_url":null,"og_article_section":null,"og_article_tags":null,"twitter_use_og":false,"twitter_card":"default","twitter_image_type":"default","twitter_image_url":null,"twitter_image_custom_url":null,"twitter_image_custom_fields":null,"twitter_title":null,"twitter_description":null,"schema":{"blockGraphs":[],"customGraphs":[],"default":{"data":{"Article":[],"Course":[],"Dataset":[],"FAQPage":[],"Movie":[],"Person":[],"Product":[],"ProductReview":[],"Car":[],"Recipe":[],"Service":[],"SoftwareApplication":[],"WebPage":[]},"graphName":"BlogPosting","isEnabled":true},"graphs":[]},"schema_type":"default","schema_type_options":null,"pillar_content":false,"robots_default":true,"robots_noindex":false,"robots_noarchive":false,"robots_nosnippet":false,"robots_nofollow":false,"robots_noimageindex":false,"robots_noodp":false,"robots_notranslate":false,"robots_max_snippet":"-1","robots_max_videopreview":"-1","robots_max_imagepreview":"large","priority":null,"frequency":"default","local_seo":null,"breadcrumb_settings":null,"limit_modified_date":false,"ai":{"faqs":[],"keyPoints":[],"titles":[],"descriptions":[],"socialPosts":{"email":[],"linkedin":[],"twitter":[],"facebook":[],"instagram":[]}},"created":"2025-10-04 19:39:25","updated":"2025-10-04 19:44:46","focus_keyword":null,"additional_keywords":null,"truseo_locale":null,"seo_analyzer_scan_date":null},"aioseo_breadcrumb":"<div class=\"aioseo-breadcrumbs\"><span class=\"aioseo-breadcrumb\">\n\t\t\t<a href=\"https:\/\/gazeta-lipjani.info\" title=\"Home\">Home<\/a>\n\t\t<\/span><span class=\"aioseo-breadcrumb-separator\">&raquo;<\/span><span class=\"aioseo-breadcrumb\">\n\t\t\t<a href=\"https:\/\/gazeta-lipjani.info\/index.php\/category\/lipjani\/\" title=\"Lipjani\">Lipjani<\/a>\n\t\t<\/span><span class=\"aioseo-breadcrumb-separator\">&raquo;<\/span><span class=\"aioseo-breadcrumb\">\n\t\t\tShukri Buja: Janjeva, Akllapi, Teqja dhe Brusi e din\u00eb mir\u00eb kush ka punuar p\u00ebr ta\n\t\t<\/span><\/div>","aioseo_breadcrumb_json":[{"label":"Home","link":"https:\/\/gazeta-lipjani.info"},{"label":"Lipjani","link":"https:\/\/gazeta-lipjani.info\/index.php\/category\/lipjani\/"},{"label":"Shukri Buja: Janjeva, Akllapi, Teqja dhe Brusi e din\u00eb mir\u00eb kush ka punuar p\u00ebr ta","link":"https:\/\/gazeta-lipjani.info\/index.php\/2025\/10\/04\/shukri-buja-janjeva-akllapi-teqja-dhe-brusi-e-dine-mire-kush-ka-punuar-per-ta\/"}],"_links":{"self":[{"href":"https:\/\/gazeta-lipjani.info\/index.php\/wp-json\/wp\/v2\/posts\/1310","targetHints":{"allow":["GET"]}}],"collection":[{"href":"https:\/\/gazeta-lipjani.info\/index.php\/wp-json\/wp\/v2\/posts"}],"about":[{"href":"https:\/\/gazeta-lipjani.info\/index.php\/wp-json\/wp\/v2\/types\/post"}],"author":[{"embeddable":true,"href":"https:\/\/gazeta-lipjani.info\/index.php\/wp-json\/wp\/v2\/users\/2"}],"replies":[{"embeddable":true,"href":"https:\/\/gazeta-lipjani.info\/index.php\/wp-json\/wp\/v2\/comments?post=1310"}],"version-history":[{"count":1,"href":"https:\/\/gazeta-lipjani.info\/index.php\/wp-json\/wp\/v2\/posts\/1310\/revisions"}],"predecessor-version":[{"id":1312,"href":"https:\/\/gazeta-lipjani.info\/index.php\/wp-json\/wp\/v2\/posts\/1310\/revisions\/1312"}],"wp:featuredmedia":[{"embeddable":true,"href":"https:\/\/gazeta-lipjani.info\/index.php\/wp-json\/wp\/v2\/media\/1311"}],"wp:attachment":[{"href":"https:\/\/gazeta-lipjani.info\/index.php\/wp-json\/wp\/v2\/media?parent=1310"}],"wp:term":[{"taxonomy":"category","embeddable":true,"href":"https:\/\/gazeta-lipjani.info\/index.php\/wp-json\/wp\/v2\/categories?post=1310"},{"taxonomy":"post_tag","embeddable":true,"href":"https:\/\/gazeta-lipjani.info\/index.php\/wp-json\/wp\/v2\/tags?post=1310"}],"curies":[{"name":"wp","href":"https:\/\/api.w.org\/{rel}","templated":true}]}}