{"id":1313,"date":"2025-10-04T21:43:56","date_gmt":"2025-10-04T19:43:56","guid":{"rendered":"https:\/\/gazeta-lipjani.info\/?p=1313"},"modified":"2025-10-04T21:48:04","modified_gmt":"2025-10-04T19:48:04","slug":"ilir-qeriqi-me-ministr-rizvanollin-ne-shale-energjia-e-qytetareve-frymezim-per-ndryshim","status":"publish","type":"post","link":"https:\/\/gazeta-lipjani.info\/index.php\/2025\/10\/04\/ilir-qeriqi-me-ministr-rizvanollin-ne-shale-energjia-e-qytetareve-frymezim-per-ndryshim\/","title":{"rendered":"Ilir Qeriqi me ministre Rizvanollin n\u00eb Shal\u00eb: Energjia e qytetar\u00ebve, frym\u00ebzim p\u00ebr ndryshim"},"content":{"rendered":"\n<p class=\"wp-block-paragraph\">Shal\u1ebd, 4 tetor 2025 \u2013 Kandidati i L\u00ebvizjes Vet\u00ebvendosje (LVV) p\u00ebr kryetar t\u00eb Komun\u00ebs s\u00eb Lipjanit, Ilir Qeriqi, ka zhvilluar sonte nj\u00eb takim me qytetar\u00ebt e fshatit Shal\u00eb, ku u shoq\u00ebrua nga ministrja e Ekonomis\u00eb, Artane Rizvanolli, dhe kryetari i Qendr\u00ebs s\u00eb L\u00ebvizjes n\u00eb Lipjan, Adnan Rrustemi.<\/p>\n\n\n\n<p class=\"wp-block-paragraph\">Takimi u karakterizua nga pjes\u00ebmarrja e madhe e banor\u00ebve dhe nj\u00eb atmosfer\u00eb entuziaste, t\u00eb cil\u00ebn Qeriqi e p\u00ebrshkroi si \u201cenergji t\u00eb jasht\u00ebzakonshme\u201d.<\/p>\n\n\n\n<p class=\"wp-block-paragraph\">\u201cNj\u00eb takim i ngroht\u00eb me qytetar\u00ebt q\u00eb d\u00ebshmojn\u00eb p\u00ebrkushtim, pun\u00eb dhe besim n\u00eb ndryshimin q\u00eb po e nd\u00ebrtojm\u00eb bashk\u00eb. \u00c7do takim si ky na jep forc\u00eb e motivim p\u00ebr t\u00eb vazhduar me edhe m\u00eb shum\u00eb p\u00ebrkushtim. Faleminderit p\u00ebr mikpritjen, p\u00ebr energjin\u00eb dhe p\u00ebr mb\u00ebshtetjen q\u00eb na jepni \u00e7do dit\u00eb!\u201d, deklaroi Qeriqi.<\/p>\n\n\n\n<p class=\"wp-block-paragraph\">Gjat\u00eb takimit, u theksua r\u00ebnd\u00ebsia e investimeve n\u00eb ekonomi lokale, energji dhe zhvillim t\u00eb q\u00ebndruesh\u00ebm, si pjes\u00eb e vizionit t\u00eb L\u00ebvizjes Vet\u00ebvendosje p\u00ebr nj\u00eb Lipjan m\u00eb t\u00eb zhvilluar dhe m\u00eb af\u00ebr qytetar\u00ebve.<\/p>\n\n\n\n<p class=\"wp-block-paragraph\">Ky aktivitet \u00ebsht\u00eb pjes\u00eb e turit zgjedhor t\u00eb Qeriqit n\u00eb terren, q\u00eb po zhvillohet n\u00eb prag t\u00eb zgjedhjeve komunale t\u00eb 12 tetorit, me synim komunikimin e drejtp\u00ebrdrejt\u00eb me qytetar\u00ebt dhe prezantimin e programit t\u00eb ndryshimit.<\/p>\n","protected":false},"excerpt":{"rendered":"<p>Shal\u1ebd, 4 tetor 2025 \u2013 Kandidati i L\u00ebvizjes Vet\u00ebvendosje (LVV) p\u00ebr kryetar t\u00eb Komun\u00ebs s\u00eb Lipjanit, Ilir Qeriqi, ka zhvilluar sonte nj\u00eb takim me qytetar\u00ebt e fshatit Shal\u00eb, ku u shoq\u00ebrua nga ministrja e Ekonomis\u00eb, Artane Rizvanolli, dhe kryetari i Qendr\u00ebs s\u00eb L\u00ebvizjes n\u00eb Lipjan, Adnan Rrustemi. Takimi u karakterizua nga pjes\u00ebmarrja e madhe e [&hellip;]<\/p>\n","protected":false},"author":2,"featured_media":1315,"comment_status":"open","ping_status":"open","sticky":false,"template":"","format":"standard","meta":{"footnotes":""},"categories":[30,74],"tags":[],"class_list":["post-1313","post","type-post","status-publish","format-standard","has-post-thumbnail","category-lipjani","category-zgjedhje-2025"],"aioseo_notices":[],"aioseo_head":"\n\t\t<!-- All in One SEO 5.0.0.1 - aioseo.com -->\n\t<meta name=\"description\" content=\"Shal\u1ebd, 4 tetor 2025 \u2013 Kandidati i L\u00ebvizjes Vet\u00ebvendosje (LVV) p\u00ebr kryetar t\u00eb Komun\u00ebs s\u00eb Lipjanit, Ilir Qeriqi, ka zhvilluar sonte nj\u00eb takim me qytetar\u00ebt e fshatit Shal\u00eb, ku u shoq\u00ebrua nga ministrja e Ekonomis\u00eb, Artane Rizvanolli, dhe kryetari i Qendr\u00ebs s\u00eb L\u00ebvizjes n\u00eb Lipjan, Adnan Rrustemi. Takimi u karakterizua nga pjes\u00ebmarrja e madhe e\" \/>\n\t<meta name=\"robots\" content=\"max-image-preview:large\" \/>\n\t<meta name=\"author\" content=\"Redaksia\"\/>\n\t<link rel=\"canonical\" href=\"https:\/\/gazeta-lipjani.info\/index.php\/2025\/10\/04\/ilir-qeriqi-me-ministr-rizvanollin-ne-shale-energjia-e-qytetareve-frymezim-per-ndryshim\/\" \/>\n\t<meta name=\"generator\" content=\"All in One SEO (AIOSEO) 5.0.0.1\" \/>\n\t\t<meta property=\"og:locale\" content=\"sq_AL\" \/>\n\t\t<meta property=\"og:site_name\" content=\"gazeta-lipjani.info - Me ne lajme eshte tek ju!\" \/>\n\t\t<meta property=\"og:type\" content=\"article\" \/>\n\t\t<meta property=\"og:title\" content=\"Ilir Qeriqi me ministre Rizvanollin n\u00eb Shal\u00eb: Energjia e qytetar\u00ebve, frym\u00ebzim p\u00ebr ndryshim - gazeta-lipjani.info\" \/>\n\t\t<meta property=\"og:description\" content=\"Shal\u1ebd, 4 tetor 2025 \u2013 Kandidati i L\u00ebvizjes Vet\u00ebvendosje (LVV) p\u00ebr kryetar t\u00eb Komun\u00ebs s\u00eb Lipjanit, Ilir Qeriqi, ka zhvilluar sonte nj\u00eb takim me qytetar\u00ebt e fshatit Shal\u00eb, ku u shoq\u00ebrua nga ministrja e Ekonomis\u00eb, Artane Rizvanolli, dhe kryetari i Qendr\u00ebs s\u00eb L\u00ebvizjes n\u00eb Lipjan, Adnan Rrustemi. Takimi u karakterizua nga pjes\u00ebmarrja e madhe e\" \/>\n\t\t<meta property=\"og:url\" content=\"https:\/\/gazeta-lipjani.info\/index.php\/2025\/10\/04\/ilir-qeriqi-me-ministr-rizvanollin-ne-shale-energjia-e-qytetareve-frymezim-per-ndryshim\/\" \/>\n\t\t<meta property=\"og:image\" content=\"https:\/\/gazeta-lipjani.info\/wp-content\/uploads\/2025\/10\/IMG_5496.jpeg\" \/>\n\t\t<meta property=\"og:image:secure_url\" content=\"https:\/\/gazeta-lipjani.info\/wp-content\/uploads\/2025\/10\/IMG_5496.jpeg\" \/>\n\t\t<meta property=\"og:image:width\" content=\"2048\" \/>\n\t\t<meta property=\"og:image:height\" content=\"1416\" \/>\n\t\t<meta property=\"article:published_time\" content=\"2025-10-04T19:43:56+00:00\" \/>\n\t\t<meta property=\"article:modified_time\" content=\"2025-10-04T19:48:04+00:00\" \/>\n\t\t<meta property=\"article:publisher\" content=\"https:\/\/facebook.com\/\/gazeta.lipjani.info\" \/>\n\t\t<meta name=\"twitter:card\" content=\"summary_large_image\" \/>\n\t\t<meta name=\"twitter:title\" content=\"Ilir Qeriqi me ministre Rizvanollin n\u00eb Shal\u00eb: Energjia e qytetar\u00ebve, frym\u00ebzim p\u00ebr ndryshim - gazeta-lipjani.info\" \/>\n\t\t<meta name=\"twitter:description\" content=\"Shal\u1ebd, 4 tetor 2025 \u2013 Kandidati i L\u00ebvizjes Vet\u00ebvendosje (LVV) p\u00ebr kryetar t\u00eb Komun\u00ebs s\u00eb Lipjanit, Ilir Qeriqi, ka zhvilluar sonte nj\u00eb takim me qytetar\u00ebt e fshatit Shal\u00eb, ku u shoq\u00ebrua nga ministrja e Ekonomis\u00eb, Artane Rizvanolli, dhe kryetari i Qendr\u00ebs s\u00eb L\u00ebvizjes n\u00eb Lipjan, Adnan Rrustemi. Takimi u karakterizua nga pjes\u00ebmarrja e madhe e\" \/>\n\t\t<meta name=\"twitter:image\" content=\"https:\/\/gazeta-lipjani.info\/wp-content\/uploads\/2025\/10\/IMG_5496.jpeg\" \/>\n\t\t<script type=\"application\/ld+json\" class=\"aioseo-schema\">\n\t\t\t{\"@context\":\"https:\\\/\\\/schema.org\",\"@graph\":[{\"@type\":\"BlogPosting\",\"@id\":\"https:\\\/\\\/gazeta-lipjani.info\\\/index.php\\\/2025\\\/10\\\/04\\\/ilir-qeriqi-me-ministr-rizvanollin-ne-shale-energjia-e-qytetareve-frymezim-per-ndryshim\\\/#blogposting\",\"name\":\"Ilir Qeriqi me ministre Rizvanollin n\\u00eb Shal\\u00eb: Energjia e qytetar\\u00ebve, frym\\u00ebzim p\\u00ebr ndryshim - gazeta-lipjani.info\",\"headline\":\"Ilir Qeriqi me ministre Rizvanollin n\\u00eb Shal\\u00eb: Energjia e qytetar\\u00ebve, frym\\u00ebzim p\\u00ebr ndryshim\",\"author\":{\"@id\":\"https:\\\/\\\/gazeta-lipjani.info\\\/index.php\\\/author\\\/redaksia\\\/#author\"},\"publisher\":{\"@id\":\"https:\\\/\\\/gazeta-lipjani.info\\\/#organization\"},\"image\":{\"@type\":\"ImageObject\",\"url\":\"https:\\\/\\\/gazeta-lipjani.info\\\/wp-content\\\/uploads\\\/2025\\\/10\\\/IMG_5496.jpeg\",\"width\":2048,\"height\":1416},\"datePublished\":\"2025-10-04T21:43:56+02:00\",\"dateModified\":\"2025-10-04T21:48:04+02:00\",\"inLanguage\":\"sq\",\"mainEntityOfPage\":{\"@id\":\"https:\\\/\\\/gazeta-lipjani.info\\\/index.php\\\/2025\\\/10\\\/04\\\/ilir-qeriqi-me-ministr-rizvanollin-ne-shale-energjia-e-qytetareve-frymezim-per-ndryshim\\\/#webpage\"},\"isPartOf\":{\"@id\":\"https:\\\/\\\/gazeta-lipjani.info\\\/index.php\\\/2025\\\/10\\\/04\\\/ilir-qeriqi-me-ministr-rizvanollin-ne-shale-energjia-e-qytetareve-frymezim-per-ndryshim\\\/#webpage\"},\"articleSection\":\"Lipjani, Zgjedhje 2025\"},{\"@type\":\"BreadcrumbList\",\"@id\":\"https:\\\/\\\/gazeta-lipjani.info\\\/index.php\\\/2025\\\/10\\\/04\\\/ilir-qeriqi-me-ministr-rizvanollin-ne-shale-energjia-e-qytetareve-frymezim-per-ndryshim\\\/#breadcrumblist\",\"itemListElement\":[{\"@type\":\"ListItem\",\"@id\":\"https:\\\/\\\/gazeta-lipjani.info#listItem\",\"position\":1,\"name\":\"Home\",\"item\":\"https:\\\/\\\/gazeta-lipjani.info\",\"nextItem\":{\"@type\":\"ListItem\",\"@id\":\"https:\\\/\\\/gazeta-lipjani.info\\\/index.php\\\/category\\\/lipjani\\\/#listItem\",\"name\":\"Lipjani\"}},{\"@type\":\"ListItem\",\"@id\":\"https:\\\/\\\/gazeta-lipjani.info\\\/index.php\\\/category\\\/lipjani\\\/#listItem\",\"position\":2,\"name\":\"Lipjani\",\"item\":\"https:\\\/\\\/gazeta-lipjani.info\\\/index.php\\\/category\\\/lipjani\\\/\",\"nextItem\":{\"@type\":\"ListItem\",\"@id\":\"https:\\\/\\\/gazeta-lipjani.info\\\/index.php\\\/2025\\\/10\\\/04\\\/ilir-qeriqi-me-ministr-rizvanollin-ne-shale-energjia-e-qytetareve-frymezim-per-ndryshim\\\/#listItem\",\"name\":\"Ilir Qeriqi me ministre Rizvanollin n\\u00eb Shal\\u00eb: Energjia e qytetar\\u00ebve, frym\\u00ebzim p\\u00ebr ndryshim\"},\"previousItem\":{\"@type\":\"ListItem\",\"@id\":\"https:\\\/\\\/gazeta-lipjani.info#listItem\",\"name\":\"Home\"}},{\"@type\":\"ListItem\",\"@id\":\"https:\\\/\\\/gazeta-lipjani.info\\\/index.php\\\/2025\\\/10\\\/04\\\/ilir-qeriqi-me-ministr-rizvanollin-ne-shale-energjia-e-qytetareve-frymezim-per-ndryshim\\\/#listItem\",\"position\":3,\"name\":\"Ilir Qeriqi me ministre Rizvanollin n\\u00eb Shal\\u00eb: Energjia e qytetar\\u00ebve, frym\\u00ebzim p\\u00ebr ndryshim\",\"previousItem\":{\"@type\":\"ListItem\",\"@id\":\"https:\\\/\\\/gazeta-lipjani.info\\\/index.php\\\/category\\\/lipjani\\\/#listItem\",\"name\":\"Lipjani\"}}]},{\"@type\":\"Organization\",\"@id\":\"https:\\\/\\\/gazeta-lipjani.info\\\/#organization\",\"name\":\"gazeta-lipjani.info\",\"description\":\"Me ne lajme eshte tek ju!\",\"url\":\"https:\\\/\\\/gazeta-lipjani.info\\\/\",\"sameAs\":[\"https:\\\/\\\/facebook.com\\\/\\\/gazeta.lipjani.info\"]},{\"@type\":\"Person\",\"@id\":\"https:\\\/\\\/gazeta-lipjani.info\\\/index.php\\\/author\\\/redaksia\\\/#author\",\"url\":\"https:\\\/\\\/gazeta-lipjani.info\\\/index.php\\\/author\\\/redaksia\\\/\",\"name\":\"Redaksia\",\"image\":{\"@type\":\"ImageObject\",\"@id\":\"https:\\\/\\\/gazeta-lipjani.info\\\/index.php\\\/2025\\\/10\\\/04\\\/ilir-qeriqi-me-ministr-rizvanollin-ne-shale-energjia-e-qytetareve-frymezim-per-ndryshim\\\/#authorImage\",\"url\":\"https:\\\/\\\/gazeta-lipjani.info\\\/wp-content\\\/litespeed\\\/avatar\\\/8fd2e79954be7e9ee769a7da892a6648.jpg?ver=1787711921\",\"width\":96,\"height\":96,\"caption\":\"Redaksia\"}},{\"@type\":\"WebPage\",\"@id\":\"https:\\\/\\\/gazeta-lipjani.info\\\/index.php\\\/2025\\\/10\\\/04\\\/ilir-qeriqi-me-ministr-rizvanollin-ne-shale-energjia-e-qytetareve-frymezim-per-ndryshim\\\/#webpage\",\"url\":\"https:\\\/\\\/gazeta-lipjani.info\\\/index.php\\\/2025\\\/10\\\/04\\\/ilir-qeriqi-me-ministr-rizvanollin-ne-shale-energjia-e-qytetareve-frymezim-per-ndryshim\\\/\",\"name\":\"Ilir Qeriqi me ministre Rizvanollin n\\u00eb Shal\\u00eb: Energjia e qytetar\\u00ebve, frym\\u00ebzim p\\u00ebr ndryshim - gazeta-lipjani.info\",\"description\":\"Shal\\u1ebd, 4 tetor 2025 \\u2013 Kandidati i L\\u00ebvizjes Vet\\u00ebvendosje (LVV) p\\u00ebr kryetar t\\u00eb Komun\\u00ebs s\\u00eb Lipjanit, Ilir Qeriqi, ka zhvilluar sonte nj\\u00eb takim me qytetar\\u00ebt e fshatit Shal\\u00eb, ku u shoq\\u00ebrua nga ministrja e Ekonomis\\u00eb, Artane Rizvanolli, dhe kryetari i Qendr\\u00ebs s\\u00eb L\\u00ebvizjes n\\u00eb Lipjan, Adnan Rrustemi. Takimi u karakterizua nga pjes\\u00ebmarrja e madhe e\",\"inLanguage\":\"sq\",\"isPartOf\":{\"@id\":\"https:\\\/\\\/gazeta-lipjani.info\\\/#website\"},\"breadcrumb\":{\"@id\":\"https:\\\/\\\/gazeta-lipjani.info\\\/index.php\\\/2025\\\/10\\\/04\\\/ilir-qeriqi-me-ministr-rizvanollin-ne-shale-energjia-e-qytetareve-frymezim-per-ndryshim\\\/#breadcrumblist\"},\"author\":{\"@id\":\"https:\\\/\\\/gazeta-lipjani.info\\\/index.php\\\/author\\\/redaksia\\\/#author\"},\"creator\":{\"@id\":\"https:\\\/\\\/gazeta-lipjani.info\\\/index.php\\\/author\\\/redaksia\\\/#author\"},\"image\":{\"@type\":\"ImageObject\",\"url\":\"https:\\\/\\\/gazeta-lipjani.info\\\/wp-content\\\/uploads\\\/2025\\\/10\\\/IMG_5496.jpeg\",\"@id\":\"https:\\\/\\\/gazeta-lipjani.info\\\/index.php\\\/2025\\\/10\\\/04\\\/ilir-qeriqi-me-ministr-rizvanollin-ne-shale-energjia-e-qytetareve-frymezim-per-ndryshim\\\/#mainImage\",\"width\":2048,\"height\":1416},\"primaryImageOfPage\":{\"@id\":\"https:\\\/\\\/gazeta-lipjani.info\\\/index.php\\\/2025\\\/10\\\/04\\\/ilir-qeriqi-me-ministr-rizvanollin-ne-shale-energjia-e-qytetareve-frymezim-per-ndryshim\\\/#mainImage\"},\"datePublished\":\"2025-10-04T21:43:56+02:00\",\"dateModified\":\"2025-10-04T21:48:04+02:00\"},{\"@type\":\"WebSite\",\"@id\":\"https:\\\/\\\/gazeta-lipjani.info\\\/#website\",\"url\":\"https:\\\/\\\/gazeta-lipjani.info\\\/\",\"name\":\"gazeta-lipjani.info\",\"description\":\"Me ne lajme eshte tek ju!\",\"inLanguage\":\"sq\",\"publisher\":{\"@id\":\"https:\\\/\\\/gazeta-lipjani.info\\\/#organization\"}}]}\n\t\t<\/script>\n\t\t<!-- All in One SEO -->\n\n","aioseo_head_json":{"title":"Ilir Qeriqi me ministre Rizvanollin n\u00eb Shal\u00eb: Energjia e qytetar\u00ebve, frym\u00ebzim p\u00ebr ndryshim - gazeta-lipjani.info","description":"Shal\u1ebd, 4 tetor 2025 \u2013 Kandidati i L\u00ebvizjes Vet\u00ebvendosje (LVV) p\u00ebr kryetar t\u00eb Komun\u00ebs s\u00eb Lipjanit, Ilir Qeriqi, ka zhvilluar sonte nj\u00eb takim me qytetar\u00ebt e fshatit Shal\u00eb, ku u shoq\u00ebrua nga ministrja e Ekonomis\u00eb, Artane Rizvanolli, dhe kryetari i Qendr\u00ebs s\u00eb L\u00ebvizjes n\u00eb Lipjan, Adnan Rrustemi. Takimi u karakterizua nga pjes\u00ebmarrja e madhe e","canonical_url":"https:\/\/gazeta-lipjani.info\/index.php\/2025\/10\/04\/ilir-qeriqi-me-ministr-rizvanollin-ne-shale-energjia-e-qytetareve-frymezim-per-ndryshim\/","robots":"max-image-preview:large","keywords":"","webmasterTools":{"miscellaneous":""},"schema":{"@context":"https:\/\/schema.org","@graph":[{"@type":"BlogPosting","@id":"https:\/\/gazeta-lipjani.info\/index.php\/2025\/10\/04\/ilir-qeriqi-me-ministr-rizvanollin-ne-shale-energjia-e-qytetareve-frymezim-per-ndryshim\/#blogposting","name":"Ilir Qeriqi me ministre Rizvanollin n\u00eb Shal\u00eb: Energjia e qytetar\u00ebve, frym\u00ebzim p\u00ebr ndryshim - gazeta-lipjani.info","headline":"Ilir Qeriqi me ministre Rizvanollin n\u00eb Shal\u00eb: Energjia e qytetar\u00ebve, frym\u00ebzim p\u00ebr ndryshim","author":{"@id":"https:\/\/gazeta-lipjani.info\/index.php\/author\/redaksia\/#author"},"publisher":{"@id":"https:\/\/gazeta-lipjani.info\/#organization"},"image":{"@type":"ImageObject","url":"https:\/\/gazeta-lipjani.info\/wp-content\/uploads\/2025\/10\/IMG_5496.jpeg","width":2048,"height":1416},"datePublished":"2025-10-04T21:43:56+02:00","dateModified":"2025-10-04T21:48:04+02:00","inLanguage":"sq","mainEntityOfPage":{"@id":"https:\/\/gazeta-lipjani.info\/index.php\/2025\/10\/04\/ilir-qeriqi-me-ministr-rizvanollin-ne-shale-energjia-e-qytetareve-frymezim-per-ndryshim\/#webpage"},"isPartOf":{"@id":"https:\/\/gazeta-lipjani.info\/index.php\/2025\/10\/04\/ilir-qeriqi-me-ministr-rizvanollin-ne-shale-energjia-e-qytetareve-frymezim-per-ndryshim\/#webpage"},"articleSection":"Lipjani, Zgjedhje 2025"},{"@type":"BreadcrumbList","@id":"https:\/\/gazeta-lipjani.info\/index.php\/2025\/10\/04\/ilir-qeriqi-me-ministr-rizvanollin-ne-shale-energjia-e-qytetareve-frymezim-per-ndryshim\/#breadcrumblist","itemListElement":[{"@type":"ListItem","@id":"https:\/\/gazeta-lipjani.info#listItem","position":1,"name":"Home","item":"https:\/\/gazeta-lipjani.info","nextItem":{"@type":"ListItem","@id":"https:\/\/gazeta-lipjani.info\/index.php\/category\/lipjani\/#listItem","name":"Lipjani"}},{"@type":"ListItem","@id":"https:\/\/gazeta-lipjani.info\/index.php\/category\/lipjani\/#listItem","position":2,"name":"Lipjani","item":"https:\/\/gazeta-lipjani.info\/index.php\/category\/lipjani\/","nextItem":{"@type":"ListItem","@id":"https:\/\/gazeta-lipjani.info\/index.php\/2025\/10\/04\/ilir-qeriqi-me-ministr-rizvanollin-ne-shale-energjia-e-qytetareve-frymezim-per-ndryshim\/#listItem","name":"Ilir Qeriqi me ministre Rizvanollin n\u00eb Shal\u00eb: Energjia e qytetar\u00ebve, frym\u00ebzim p\u00ebr ndryshim"},"previousItem":{"@type":"ListItem","@id":"https:\/\/gazeta-lipjani.info#listItem","name":"Home"}},{"@type":"ListItem","@id":"https:\/\/gazeta-lipjani.info\/index.php\/2025\/10\/04\/ilir-qeriqi-me-ministr-rizvanollin-ne-shale-energjia-e-qytetareve-frymezim-per-ndryshim\/#listItem","position":3,"name":"Ilir Qeriqi me ministre Rizvanollin n\u00eb Shal\u00eb: Energjia e qytetar\u00ebve, frym\u00ebzim p\u00ebr ndryshim","previousItem":{"@type":"ListItem","@id":"https:\/\/gazeta-lipjani.info\/index.php\/category\/lipjani\/#listItem","name":"Lipjani"}}]},{"@type":"Organization","@id":"https:\/\/gazeta-lipjani.info\/#organization","name":"gazeta-lipjani.info","description":"Me ne lajme eshte tek ju!","url":"https:\/\/gazeta-lipjani.info\/","sameAs":["https:\/\/facebook.com\/\/gazeta.lipjani.info"]},{"@type":"Person","@id":"https:\/\/gazeta-lipjani.info\/index.php\/author\/redaksia\/#author","url":"https:\/\/gazeta-lipjani.info\/index.php\/author\/redaksia\/","name":"Redaksia","image":{"@type":"ImageObject","@id":"https:\/\/gazeta-lipjani.info\/index.php\/2025\/10\/04\/ilir-qeriqi-me-ministr-rizvanollin-ne-shale-energjia-e-qytetareve-frymezim-per-ndryshim\/#authorImage","url":"https:\/\/gazeta-lipjani.info\/wp-content\/litespeed\/avatar\/8fd2e79954be7e9ee769a7da892a6648.jpg?ver=1787711921","width":96,"height":96,"caption":"Redaksia"}},{"@type":"WebPage","@id":"https:\/\/gazeta-lipjani.info\/index.php\/2025\/10\/04\/ilir-qeriqi-me-ministr-rizvanollin-ne-shale-energjia-e-qytetareve-frymezim-per-ndryshim\/#webpage","url":"https:\/\/gazeta-lipjani.info\/index.php\/2025\/10\/04\/ilir-qeriqi-me-ministr-rizvanollin-ne-shale-energjia-e-qytetareve-frymezim-per-ndryshim\/","name":"Ilir Qeriqi me ministre Rizvanollin n\u00eb Shal\u00eb: Energjia e qytetar\u00ebve, frym\u00ebzim p\u00ebr ndryshim - gazeta-lipjani.info","description":"Shal\u1ebd, 4 tetor 2025 \u2013 Kandidati i L\u00ebvizjes Vet\u00ebvendosje (LVV) p\u00ebr kryetar t\u00eb Komun\u00ebs s\u00eb Lipjanit, Ilir Qeriqi, ka zhvilluar sonte nj\u00eb takim me qytetar\u00ebt e fshatit Shal\u00eb, ku u shoq\u00ebrua nga ministrja e Ekonomis\u00eb, Artane Rizvanolli, dhe kryetari i Qendr\u00ebs s\u00eb L\u00ebvizjes n\u00eb Lipjan, Adnan Rrustemi. Takimi u karakterizua nga pjes\u00ebmarrja e madhe e","inLanguage":"sq","isPartOf":{"@id":"https:\/\/gazeta-lipjani.info\/#website"},"breadcrumb":{"@id":"https:\/\/gazeta-lipjani.info\/index.php\/2025\/10\/04\/ilir-qeriqi-me-ministr-rizvanollin-ne-shale-energjia-e-qytetareve-frymezim-per-ndryshim\/#breadcrumblist"},"author":{"@id":"https:\/\/gazeta-lipjani.info\/index.php\/author\/redaksia\/#author"},"creator":{"@id":"https:\/\/gazeta-lipjani.info\/index.php\/author\/redaksia\/#author"},"image":{"@type":"ImageObject","url":"https:\/\/gazeta-lipjani.info\/wp-content\/uploads\/2025\/10\/IMG_5496.jpeg","@id":"https:\/\/gazeta-lipjani.info\/index.php\/2025\/10\/04\/ilir-qeriqi-me-ministr-rizvanollin-ne-shale-energjia-e-qytetareve-frymezim-per-ndryshim\/#mainImage","width":2048,"height":1416},"primaryImageOfPage":{"@id":"https:\/\/gazeta-lipjani.info\/index.php\/2025\/10\/04\/ilir-qeriqi-me-ministr-rizvanollin-ne-shale-energjia-e-qytetareve-frymezim-per-ndryshim\/#mainImage"},"datePublished":"2025-10-04T21:43:56+02:00","dateModified":"2025-10-04T21:48:04+02:00"},{"@type":"WebSite","@id":"https:\/\/gazeta-lipjani.info\/#website","url":"https:\/\/gazeta-lipjani.info\/","name":"gazeta-lipjani.info","description":"Me ne lajme eshte tek ju!","inLanguage":"sq","publisher":{"@id":"https:\/\/gazeta-lipjani.info\/#organization"}}]},"og:locale":"sq_AL","og:site_name":"gazeta-lipjani.info - Me ne lajme eshte tek ju!","og:type":"article","og:title":"Ilir Qeriqi me ministre Rizvanollin n\u00eb Shal\u00eb: Energjia e qytetar\u00ebve, frym\u00ebzim p\u00ebr ndryshim - gazeta-lipjani.info","og:description":"Shal\u1ebd, 4 tetor 2025 \u2013 Kandidati i L\u00ebvizjes Vet\u00ebvendosje (LVV) p\u00ebr kryetar t\u00eb Komun\u00ebs s\u00eb Lipjanit, Ilir Qeriqi, ka zhvilluar sonte nj\u00eb takim me qytetar\u00ebt e fshatit Shal\u00eb, ku u shoq\u00ebrua nga ministrja e Ekonomis\u00eb, Artane Rizvanolli, dhe kryetari i Qendr\u00ebs s\u00eb L\u00ebvizjes n\u00eb Lipjan, Adnan Rrustemi. Takimi u karakterizua nga pjes\u00ebmarrja e madhe e","og:url":"https:\/\/gazeta-lipjani.info\/index.php\/2025\/10\/04\/ilir-qeriqi-me-ministr-rizvanollin-ne-shale-energjia-e-qytetareve-frymezim-per-ndryshim\/","og:image":"https:\/\/gazeta-lipjani.info\/wp-content\/uploads\/2025\/10\/IMG_5496.jpeg","og:image:secure_url":"https:\/\/gazeta-lipjani.info\/wp-content\/uploads\/2025\/10\/IMG_5496.jpeg","og:image:width":2048,"og:image:height":1416,"article:published_time":"2025-10-04T19:43:56+00:00","article:modified_time":"2025-10-04T19:48:04+00:00","article:publisher":"https:\/\/facebook.com\/\/gazeta.lipjani.info","twitter:card":"summary_large_image","twitter:title":"Ilir Qeriqi me ministre Rizvanollin n\u00eb Shal\u00eb: Energjia e qytetar\u00ebve, frym\u00ebzim p\u00ebr ndryshim - gazeta-lipjani.info","twitter:description":"Shal\u1ebd, 4 tetor 2025 \u2013 Kandidati i L\u00ebvizjes Vet\u00ebvendosje (LVV) p\u00ebr kryetar t\u00eb Komun\u00ebs s\u00eb Lipjanit, Ilir Qeriqi, ka zhvilluar sonte nj\u00eb takim me qytetar\u00ebt e fshatit Shal\u00eb, ku u shoq\u00ebrua nga ministrja e Ekonomis\u00eb, Artane Rizvanolli, dhe kryetari i Qendr\u00ebs s\u00eb L\u00ebvizjes n\u00eb Lipjan, Adnan Rrustemi. Takimi u karakterizua nga pjes\u00ebmarrja e madhe e","twitter:image":"https:\/\/gazeta-lipjani.info\/wp-content\/uploads\/2025\/10\/IMG_5496.jpeg"},"aioseo_meta_data":{"post_id":"1313","title":null,"description":null,"keywords":null,"keyphrases":{"focus":{"keyphrase":"","score":0,"analysis":{"keyphraseInTitle":{"score":0,"maxScore":9,"error":1}}},"additional":[]},"primary_term":null,"canonical_url":null,"og_title":null,"og_description":null,"og_object_type":"default","og_image_type":"default","og_image_url":null,"og_image_width":null,"og_image_height":null,"og_image_custom_url":null,"og_image_custom_fields":null,"og_video":"","og_custom_url":null,"og_article_section":null,"og_article_tags":null,"twitter_use_og":false,"twitter_card":"default","twitter_image_type":"default","twitter_image_url":null,"twitter_image_custom_url":null,"twitter_image_custom_fields":null,"twitter_title":null,"twitter_description":null,"schema":{"blockGraphs":[],"customGraphs":[],"default":{"data":{"Article":[],"Course":[],"Dataset":[],"FAQPage":[],"Movie":[],"Person":[],"Product":[],"ProductReview":[],"Car":[],"Recipe":[],"Service":[],"SoftwareApplication":[],"WebPage":[]},"graphName":"BlogPosting","isEnabled":true},"graphs":[]},"schema_type":"default","schema_type_options":null,"pillar_content":false,"robots_default":true,"robots_noindex":false,"robots_noarchive":false,"robots_nosnippet":false,"robots_nofollow":false,"robots_noimageindex":false,"robots_noodp":false,"robots_notranslate":false,"robots_max_snippet":"-1","robots_max_videopreview":"-1","robots_max_imagepreview":"large","priority":null,"frequency":"default","local_seo":null,"breadcrumb_settings":null,"limit_modified_date":false,"ai":{"faqs":[],"keyPoints":[],"titles":[],"descriptions":[],"socialPosts":{"email":[],"linkedin":[],"twitter":[],"facebook":[],"instagram":[]}},"created":"2025-10-04 19:43:57","updated":"2025-10-04 20:00:58","focus_keyword":null,"additional_keywords":null,"truseo_locale":null,"seo_analyzer_scan_date":null},"aioseo_breadcrumb":"<div class=\"aioseo-breadcrumbs\"><span class=\"aioseo-breadcrumb\">\n\t\t\t<a href=\"https:\/\/gazeta-lipjani.info\" title=\"Home\">Home<\/a>\n\t\t<\/span><span class=\"aioseo-breadcrumb-separator\">&raquo;<\/span><span class=\"aioseo-breadcrumb\">\n\t\t\t<a href=\"https:\/\/gazeta-lipjani.info\/index.php\/category\/lipjani\/\" title=\"Lipjani\">Lipjani<\/a>\n\t\t<\/span><span class=\"aioseo-breadcrumb-separator\">&raquo;<\/span><span class=\"aioseo-breadcrumb\">\n\t\t\tIlir Qeriqi me ministre Rizvanollin n\u00eb Shal\u00eb: Energjia e qytetar\u00ebve, frym\u00ebzim p\u00ebr ndryshim\n\t\t<\/span><\/div>","aioseo_breadcrumb_json":[{"label":"Home","link":"https:\/\/gazeta-lipjani.info"},{"label":"Lipjani","link":"https:\/\/gazeta-lipjani.info\/index.php\/category\/lipjani\/"},{"label":"Ilir Qeriqi me ministre Rizvanollin n\u00eb Shal\u00eb: Energjia e qytetar\u00ebve, frym\u00ebzim p\u00ebr ndryshim","link":"https:\/\/gazeta-lipjani.info\/index.php\/2025\/10\/04\/ilir-qeriqi-me-ministr-rizvanollin-ne-shale-energjia-e-qytetareve-frymezim-per-ndryshim\/"}],"_links":{"self":[{"href":"https:\/\/gazeta-lipjani.info\/index.php\/wp-json\/wp\/v2\/posts\/1313","targetHints":{"allow":["GET"]}}],"collection":[{"href":"https:\/\/gazeta-lipjani.info\/index.php\/wp-json\/wp\/v2\/posts"}],"about":[{"href":"https:\/\/gazeta-lipjani.info\/index.php\/wp-json\/wp\/v2\/types\/post"}],"author":[{"embeddable":true,"href":"https:\/\/gazeta-lipjani.info\/index.php\/wp-json\/wp\/v2\/users\/2"}],"replies":[{"embeddable":true,"href":"https:\/\/gazeta-lipjani.info\/index.php\/wp-json\/wp\/v2\/comments?post=1313"}],"version-history":[{"count":1,"href":"https:\/\/gazeta-lipjani.info\/index.php\/wp-json\/wp\/v2\/posts\/1313\/revisions"}],"predecessor-version":[{"id":1314,"href":"https:\/\/gazeta-lipjani.info\/index.php\/wp-json\/wp\/v2\/posts\/1313\/revisions\/1314"}],"wp:featuredmedia":[{"embeddable":true,"href":"https:\/\/gazeta-lipjani.info\/index.php\/wp-json\/wp\/v2\/media\/1315"}],"wp:attachment":[{"href":"https:\/\/gazeta-lipjani.info\/index.php\/wp-json\/wp\/v2\/media?parent=1313"}],"wp:term":[{"taxonomy":"category","embeddable":true,"href":"https:\/\/gazeta-lipjani.info\/index.php\/wp-json\/wp\/v2\/categories?post=1313"},{"taxonomy":"post_tag","embeddable":true,"href":"https:\/\/gazeta-lipjani.info\/index.php\/wp-json\/wp\/v2\/tags?post=1313"}],"curies":[{"name":"wp","href":"https:\/\/api.w.org\/{rel}","templated":true}]}}