{"id":1359,"date":"2025-12-05T17:32:20","date_gmt":"2025-12-05T16:32:20","guid":{"rendered":"https:\/\/gazeta-lipjani.info\/?p=1359"},"modified":"2025-12-05T17:32:21","modified_gmt":"2025-12-05T16:32:21","slug":"betohet-imri-ahmeti-i-rizgjedhur-per-here-te-katert-kryetar-i-komunes-se-lipjanit","status":"publish","type":"post","link":"https:\/\/gazeta-lipjani.info\/index.php\/2025\/12\/05\/betohet-imri-ahmeti-i-rizgjedhur-per-here-te-katert-kryetar-i-komunes-se-lipjanit\/","title":{"rendered":"Betohet Imri Ahmeti, i rizgjedhur p\u00ebr her\u00eb t\u00eb kat\u00ebrt Kryetar i Komun\u00ebs s\u00eb Lipjanit"},"content":{"rendered":"\n<p>05 dhjetor 2025 \u2014 lipjani.info<\/p>\n\n\n\n<p>N\u00eb sall\u00ebn e Kuvendit t\u00eb Komun\u00ebs s\u00eb Lipjanit sot u mbajt Seanca Inauguruese, ku kryetari i rizgjedhur, z. Imri Ahmeti, dha betimin p\u00ebr mandatin e tij t\u00eb kat\u00ebrt n\u00eb krye t\u00eb komun\u00ebs. Ceremonia u zhvillua n\u00eb prani t\u00eb an\u00ebtar\u00ebve t\u00eb rinj t\u00eb Kuvendit, p\u00ebrfaq\u00ebsuesve institucional\u00eb dhe mysafir\u00ebve t\u00eb shumt\u00eb.<\/p>\n\n\n\n<p>Seanc\u00ebn e hapi dhe e udh\u00ebhoqi an\u00ebtari m\u00eb i vjet\u00ebr i Kuvendit, z. Nexhmedin Lekiqi nga radh\u00ebt e Lidhjes Demokratike t\u00eb Kosov\u00ebs. Gjat\u00eb mbledhjes u b\u00eb betimi i 31 an\u00ebtar\u00ebve t\u00eb rinj t\u00eb Kuvendit Komunal, t\u00eb cil\u00ebt dol\u00ebn fitues n\u00eb zgjedhjet lokale t\u00eb 12 tetorit 2025. Po ashtu, me 16 vota pro, z. Daut Azemi u zgjodh kryesues i ri i Kuvendit t\u00eb Komun\u00ebs s\u00eb Lipjanit.<\/p>\n\n\n\n<p>Pas dh\u00ebnies s\u00eb betimit, Kryetari Imri Ahmeti mbajti nj\u00eb fjalim fal\u00ebnderues, duke shprehur mir\u00ebnjohje t\u00eb ve\u00e7ant\u00eb p\u00ebr besimin e qytetar\u00ebve q\u00eb e kan\u00eb zgjedhur p\u00ebr t\u00eb kat\u00ebrt\u00ebn her\u00eb radhazi.<\/p>\n\n\n\n<p>\u201cSot po fillojm\u00eb mandatin e ri me besimin e qytetar\u00ebve. Me p\u00ebrul\u00ebsi dhe mir\u00ebnjohje t\u00eb thell\u00eb, i fal\u00ebnderoj t\u00eb gjith\u00eb. Besimi p\u00ebr mandatin e kat\u00ebrt \u00ebsht\u00eb nder i madh p\u00ebr mua dhe m\u00eb motivon t\u00eb punoj me ndershm\u00ebri, transparenc\u00eb dhe p\u00ebrkushtim n\u00eb sh\u00ebrbim t\u00eb \u00e7do familjeje, \u00e7do lagjeje dhe \u00e7do fshati t\u00eb komun\u00ebs son\u00eb\u201d, tha Kryetari Ahmeti.<\/p>\n\n\n\n<p>Ai theksoi se rezultati zgjedhor \u00ebsht\u00eb nj\u00eb p\u00ebrgjegj\u00ebsi e madhe dhe nj\u00eb nxitje shtes\u00eb p\u00ebr t\u00eb vazhduar projektet zhvillimore q\u00eb synojn\u00eb modernizimin dhe p\u00ebrparimin e Komun\u00ebs s\u00eb Lipjanit.<\/p>\n\n\n\n<p>N\u00eb fund t\u00eb fjal\u00ebs s\u00eb tij, Ahmeti p\u00ebrs\u00ebriti fal\u00ebnderimin p\u00ebr mb\u00ebshtetjen e vazhdueshme t\u00eb qytetar\u00ebve:<\/p>\n\n\n\n<p>\u201cFaleminderit nga zemra, Lipjan.\u201d<\/p>\n\n\n\n<p>Seanca Inauguruese sh\u00ebnoi fillimin zyrtar t\u00eb mandatit t\u00eb ri qeveris\u00ebs, nd\u00ebrsa pritjet p\u00ebr vazhdimin e pun\u00ebve dhe projekteve t\u00eb nisura mbeten t\u00eb larta nga komuniteti lipjanas.<\/p>\n","protected":false},"excerpt":{"rendered":"<p>05 dhjetor 2025 \u2014 lipjani.info N\u00eb sall\u00ebn e Kuvendit t\u00eb Komun\u00ebs s\u00eb Lipjanit sot u mbajt Seanca Inauguruese, ku kryetari i rizgjedhur, z. Imri Ahmeti, dha betimin p\u00ebr mandatin e tij t\u00eb kat\u00ebrt n\u00eb krye t\u00eb komun\u00ebs. Ceremonia u zhvillua n\u00eb prani t\u00eb an\u00ebtar\u00ebve t\u00eb rinj t\u00eb Kuvendit, p\u00ebrfaq\u00ebsuesve institucional\u00eb dhe mysafir\u00ebve t\u00eb shumt\u00eb. Seanc\u00ebn [&hellip;]<\/p>\n","protected":false},"author":2,"featured_media":1360,"comment_status":"closed","ping_status":"closed","sticky":false,"template":"","format":"standard","meta":{"footnotes":""},"categories":[30],"tags":[],"class_list":{"0":"post-1359","1":"post","2":"type-post","3":"status-publish","4":"format-standard","5":"has-post-thumbnail","7":"category-lipjani"},"aioseo_notices":[],"_links":{"self":[{"href":"https:\/\/gazeta-lipjani.info\/index.php\/wp-json\/wp\/v2\/posts\/1359","targetHints":{"allow":["GET"]}}],"collection":[{"href":"https:\/\/gazeta-lipjani.info\/index.php\/wp-json\/wp\/v2\/posts"}],"about":[{"href":"https:\/\/gazeta-lipjani.info\/index.php\/wp-json\/wp\/v2\/types\/post"}],"author":[{"embeddable":true,"href":"https:\/\/gazeta-lipjani.info\/index.php\/wp-json\/wp\/v2\/users\/2"}],"replies":[{"embeddable":true,"href":"https:\/\/gazeta-lipjani.info\/index.php\/wp-json\/wp\/v2\/comments?post=1359"}],"version-history":[{"count":1,"href":"https:\/\/gazeta-lipjani.info\/index.php\/wp-json\/wp\/v2\/posts\/1359\/revisions"}],"predecessor-version":[{"id":1361,"href":"https:\/\/gazeta-lipjani.info\/index.php\/wp-json\/wp\/v2\/posts\/1359\/revisions\/1361"}],"wp:featuredmedia":[{"embeddable":true,"href":"https:\/\/gazeta-lipjani.info\/index.php\/wp-json\/wp\/v2\/media\/1360"}],"wp:attachment":[{"href":"https:\/\/gazeta-lipjani.info\/index.php\/wp-json\/wp\/v2\/media?parent=1359"}],"wp:term":[{"taxonomy":"category","embeddable":true,"href":"https:\/\/gazeta-lipjani.info\/index.php\/wp-json\/wp\/v2\/categories?post=1359"},{"taxonomy":"post_tag","embeddable":true,"href":"https:\/\/gazeta-lipjani.info\/index.php\/wp-json\/wp\/v2\/tags?post=1359"}],"curies":[{"name":"wp","href":"https:\/\/api.w.org\/{rel}","templated":true}]}}