{"id":1473,"date":"2026-09-02T20:46:13","date_gmt":"2026-09-02T18:46:13","guid":{"rendered":"https:\/\/gazeta-lipjani.info\/?p=1473"},"modified":"2026-09-02T20:53:10","modified_gmt":"2026-09-02T18:53:10","slug":"imri-ahmeti-pa-demokraci-te-brendshme-dialog-dhe-tolerance-ldk-ja-nuk-eshte-vetvetja","status":"publish","type":"post","link":"https:\/\/gazeta-lipjani.info\/index.php\/2026\/09\/02\/imri-ahmeti-pa-demokraci-te-brendshme-dialog-dhe-tolerance-ldk-ja-nuk-eshte-vetvetja\/","title":{"rendered":"Imri Ahmeti: \u201cPa demokraci t\u00eb brendshme, dialog dhe toleranc\u00eb, LDK-ja nuk \u00ebsht\u00eb vetvetja\u201d"},"content":{"rendered":"\n<p class=\"wp-block-paragraph\"><strong>Lipjan, 2 shtator 2026<\/strong> \u2013 Kryetari i Komun\u00ebs s\u00eb Lipjanit dhe nj\u00eb nga figurat e para t\u00eb Lidhjes Demokratike t\u00eb Kosov\u00ebs, <strong>Imri Ahmeti<\/strong>, ka reaguar p\u00ebrmes nj\u00eb postimi n\u00eb Facebook lidhur me m\u00ebnyr\u00ebn e funksionimit dhe debatit t\u00eb brendsh\u00ebm n\u00eb LDK.<\/p>\n\n\n\n<p class=\"wp-block-paragraph\">Ahmeti ka k\u00ebrkuar m\u00eb shum\u00eb demokraci t\u00eb brendshme, dialog, mir\u00ebkuptim dhe toleranc\u00eb brenda subjektit politik, duke theksuar se k\u00ebto kan\u00eb qen\u00eb nd\u00ebr vlerat mbi t\u00eb cilat \u00ebsht\u00eb nd\u00ebrtuar LDK-ja.<\/p>\n\n\n\n<p class=\"wp-block-paragraph\">\u201c<strong>LDK-ja ka lindur nga demokracia, toleranca, bashk\u00ebpunimi dhe durimi<\/strong>\u201d, ka shkruar Ahmeti, duke shtuar se k\u00ebto vlera nuk duhet t\u00eb mbeten vet\u00ebm pjes\u00eb e historis\u00eb s\u00eb subjektit, por duhet t\u00eb sh\u00ebrbejn\u00eb si udh\u00ebrr\u00ebfyes p\u00ebr m\u00ebnyr\u00ebn e funksionimit t\u00eb tij edhe sot.<\/p>\n\n\n\n<p class=\"wp-block-paragraph\">Sipas tij, n\u00eb politik\u00ebn e brendshme t\u00eb LDK-s\u00eb duhet t\u00eb mbizot\u00ebrojn\u00eb parimet e d\u00ebgjimit, bindjes p\u00ebrmes argumentit dhe bashkimit, n\u00eb vend t\u00eb imponimit dhe p\u00ebr\u00e7arjes.<\/p>\n\n\n\n<p class=\"wp-block-paragraph\">\u201cT\u00eb d\u00ebgjosh para se t\u00eb vendos\u00ebsh, t\u00eb bind\u00ebsh e jo t\u00eb imponosh, t\u00eb bashkosh e jo t\u00eb lin\u00e7osh, jan\u00eb parime fundamentale t\u00eb funksionimit t\u00eb LDK-s\u00eb\u201d, ka deklaruar Ahmeti.<\/p>\n\n\n\n<p class=\"wp-block-paragraph\"><strong>Kritik\u00eb ndaj \u201clin\u00e7imeve\u201d dhe akuzave<\/strong><\/p>\n\n\n\n<p class=\"wp-block-paragraph\">Ahmeti ka b\u00ebr\u00eb t\u00eb ditur se flet nga brenda LDK-s\u00eb dhe se \u00ebsht\u00eb pjes\u00eb e saj q\u00eb nga themelimi, duke kund\u00ebrshtuar at\u00eb q\u00eb e konsideron si nj\u00eb kultur\u00eb t\u00eb re t\u00eb fyerjeve, akuzave dhe lin\u00e7imeve ndaj figurave q\u00eb, sipas tij, kan\u00eb kontribuar n\u00eb mbijetes\u00ebn dhe funksionimin e partis\u00eb n\u00eb periudhat m\u00eb t\u00eb v\u00ebshtira.<\/p>\n\n\n\n<p class=\"wp-block-paragraph\">\u201c<strong>Flas nga brenda. Q\u00eb nga themelimi e deri m\u00eb sot, n\u00eb t\u00eb mir\u00eb e n\u00eb sfida<\/strong>\u201d, ka shkruar ai.<\/p>\n\n\n\n<p class=\"wp-block-paragraph\">N\u00eb k\u00ebt\u00eb kontekst, Ahmeti ka shprehur kund\u00ebrshtimin e tij ndaj trajtimit q\u00eb, sipas tij, u b\u00ebhet atyre q\u00eb kan\u00eb qen\u00eb pjes\u00eb e hershme dhe aktive e LDK-s\u00eb, nd\u00ebrsa kritikoi nj\u00ebkoh\u00ebsisht favorizimin e personave q\u00eb ai i cil\u00ebson si \u201cturist\u00eb politik\u00eb\u201d.<\/p>\n\n\n\n<p class=\"wp-block-paragraph\">Ai ka ngritur edhe pyetjen se nga ka ardhur kultura e \u201cfyerjeve, lin\u00e7imeve dhe akuzave\u201d, duke n\u00ebnvizuar se nj\u00eb qasje e till\u00eb, sipas tij, nuk p\u00ebrfaq\u00ebson trash\u00ebgimin\u00eb politike t\u00eb LDK-s\u00eb.<\/p>\n\n\n\n<p class=\"wp-block-paragraph\"><strong>\u201cLDK-ja nuk nd\u00ebrtohet me grusht apo me z\u00eb t\u00eb ngritur\u201d<\/strong><\/p>\n\n\n\n<p class=\"wp-block-paragraph\">N\u00eb pjes\u00ebn tjet\u00ebr t\u00eb reagimit, Ahmeti ka insistuar se LDK-ja duhet ta ruaj\u00eb identitetin dhe ve\u00e7antin\u00eb e saj politike.<\/p>\n\n\n\n<p class=\"wp-block-paragraph\">\u201c<strong>Ajo nuk nd\u00ebrtohet me grusht, me z\u00eb t\u00eb ngritur apo me ton t\u00eb lart\u00eb. Kjo nuk i shkon p\u00ebr fytyr\u00eb LDK-s\u00eb dhe nuk \u00ebsht\u00eb m\u00ebnyra se si \u00ebsht\u00eb nd\u00ebrtuar historia e saj<\/strong>\u201d, ka shkruar ai.<\/p>\n\n\n\n<p class=\"wp-block-paragraph\">Ahmeti ka theksuar se modeli politik i LDK-s\u00eb nuk duhet t\u00eb kopjoj\u00eb modele t\u00eb tjera, duke k\u00ebrkuar ruajtjen e asaj q\u00eb e konsideron si bazamentin historik dhe politik t\u00eb subjektit.<\/p>\n\n\n\n<p class=\"wp-block-paragraph\">\u201cShtrati dhe bazamenti brenda t\u00eb cilit lindi, u zhvillua dhe mbijetoi LDK-ja n\u00eb rrethana t\u00eb ndryshme, nuk mund t\u00eb tjet\u00ebrsohen n\u00eb kopje t\u00eb asnj\u00eb modeli tjet\u00ebr politik. <strong>LDK-ja \u00ebsht\u00eb e ve\u00e7ant\u00eb dhe pik\u00ebrisht k\u00ebt\u00eb ve\u00e7anti duhet ta ruajm\u00eb<\/strong>\u201d, thuhet n\u00eb reagimin e tij.<\/p>\n\n\n\n<p class=\"wp-block-paragraph\">N\u00eb fund, Ahmeti ka b\u00ebr\u00eb thirrje p\u00ebr m\u00eb shum\u00eb dialog, mir\u00ebkuptim dhe respekt nd\u00ebrmjet an\u00ebtar\u00ebve t\u00eb LDK-s\u00eb, duke e p\u00ebrmbyllur mesazhin me iden\u00eb se p\u00ebrgjegj\u00ebsia p\u00ebr t\u00eb ardhmen e subjektit \u00ebsht\u00eb e p\u00ebrbashk\u00ebt.<\/p>\n\n\n\n<p class=\"wp-block-paragraph\">\u201c<strong>\u00cbsht\u00eb koha p\u00ebr m\u00eb shum\u00eb dialog, mir\u00ebkuptim dhe m\u00eb shum\u00eb respekt p\u00ebr nj\u00ebri-tjetrin. LDK-ja \u00ebsht\u00eb p\u00ebrgjegj\u00ebsi e p\u00ebrbashk\u00ebt. P\u00ebr Kosov\u00ebn ton\u00eb<\/strong>\u201d, ka p\u00ebrfunduar Ahmeti.<\/p>\n\n\n\n<p class=\"wp-block-paragraph\"><\/p>\n","protected":false},"excerpt":{"rendered":"<p>Lipjan, 2 shtator 2026 \u2013 Kryetari i Komun\u00ebs s\u00eb Lipjanit dhe nj\u00eb nga figurat e para t\u00eb Lidhjes Demokratike t\u00eb Kosov\u00ebs, Imri Ahmeti, ka reaguar p\u00ebrmes nj\u00eb postimi n\u00eb Facebook lidhur me m\u00ebnyr\u00ebn e funksionimit dhe debatit t\u00eb brendsh\u00ebm n\u00eb LDK. Ahmeti ka k\u00ebrkuar m\u00eb shum\u00eb demokraci t\u00eb brendshme, dialog, mir\u00ebkuptim dhe toleranc\u00eb brenda subjektit [&hellip;]<\/p>\n","protected":false},"author":2,"featured_media":1475,"comment_status":"closed","ping_status":"closed","sticky":false,"template":"","format":"standard","meta":{"footnotes":""},"categories":[12],"tags":[],"class_list":["post-1473","post","type-post","status-publish","format-standard","has-post-thumbnail","category-kosova"],"aioseo_notices":[],"aioseo_head":"\n\t\t<!-- All in One SEO 5.0.0.1 - aioseo.com -->\n\t<meta name=\"description\" content=\"Lipjan, 2 shtator 2026 \u2013 Kryetari i Komun\u00ebs s\u00eb Lipjanit dhe nj\u00eb nga figurat e para t\u00eb Lidhjes Demokratike t\u00eb Kosov\u00ebs, Imri Ahmeti, ka reaguar p\u00ebrmes nj\u00eb postimi n\u00eb Facebook lidhur me m\u00ebnyr\u00ebn e funksionimit dhe debatit t\u00eb brendsh\u00ebm n\u00eb LDK. Ahmeti ka k\u00ebrkuar m\u00eb shum\u00eb demokraci t\u00eb brendshme, dialog, mir\u00ebkuptim dhe toleranc\u00eb brenda subjektit\" \/>\n\t<meta name=\"robots\" content=\"max-image-preview:large\" \/>\n\t<meta name=\"author\" content=\"Redaksia\"\/>\n\t<link rel=\"canonical\" href=\"https:\/\/gazeta-lipjani.info\/index.php\/2026\/09\/02\/imri-ahmeti-pa-demokraci-te-brendshme-dialog-dhe-tolerance-ldk-ja-nuk-eshte-vetvetja\/\" \/>\n\t<meta name=\"generator\" content=\"All in One SEO (AIOSEO) 5.0.0.1\" \/>\n\t\t<meta property=\"og:locale\" content=\"sq_AL\" \/>\n\t\t<meta property=\"og:site_name\" content=\"gazeta-lipjani.info - Me ne lajme eshte tek ju!\" \/>\n\t\t<meta property=\"og:type\" content=\"article\" \/>\n\t\t<meta property=\"og:title\" content=\"Imri Ahmeti: \u201cPa demokraci t\u00eb brendshme, dialog dhe toleranc\u00eb, LDK-ja nuk \u00ebsht\u00eb vetvetja\u201d - gazeta-lipjani.info\" \/>\n\t\t<meta property=\"og:description\" content=\"Lipjan, 2 shtator 2026 \u2013 Kryetari i Komun\u00ebs s\u00eb Lipjanit dhe nj\u00eb nga figurat e para t\u00eb Lidhjes Demokratike t\u00eb Kosov\u00ebs, Imri Ahmeti, ka reaguar p\u00ebrmes nj\u00eb postimi n\u00eb Facebook lidhur me m\u00ebnyr\u00ebn e funksionimit dhe debatit t\u00eb brendsh\u00ebm n\u00eb LDK. Ahmeti ka k\u00ebrkuar m\u00eb shum\u00eb demokraci t\u00eb brendshme, dialog, mir\u00ebkuptim dhe toleranc\u00eb brenda subjektit\" \/>\n\t\t<meta property=\"og:url\" content=\"https:\/\/gazeta-lipjani.info\/index.php\/2026\/09\/02\/imri-ahmeti-pa-demokraci-te-brendshme-dialog-dhe-tolerance-ldk-ja-nuk-eshte-vetvetja\/\" \/>\n\t\t<meta property=\"og:image\" content=\"https:\/\/gazeta-lipjani.info\/wp-content\/uploads\/2026\/09\/IMG_9353.jpeg\" \/>\n\t\t<meta property=\"og:image:secure_url\" content=\"https:\/\/gazeta-lipjani.info\/wp-content\/uploads\/2026\/09\/IMG_9353.jpeg\" \/>\n\t\t<meta property=\"og:image:width\" content=\"2048\" \/>\n\t\t<meta property=\"og:image:height\" content=\"2048\" \/>\n\t\t<meta property=\"article:published_time\" content=\"2026-09-02T18:46:13+00:00\" \/>\n\t\t<meta property=\"article:modified_time\" content=\"2026-09-02T18:53:10+00:00\" \/>\n\t\t<meta property=\"article:publisher\" content=\"https:\/\/facebook.com\/\/gazeta.lipjani.info\" \/>\n\t\t<meta name=\"twitter:card\" content=\"summary_large_image\" \/>\n\t\t<meta name=\"twitter:title\" content=\"Imri Ahmeti: \u201cPa demokraci t\u00eb brendshme, dialog dhe toleranc\u00eb, LDK-ja nuk \u00ebsht\u00eb vetvetja\u201d - gazeta-lipjani.info\" \/>\n\t\t<meta name=\"twitter:description\" content=\"Lipjan, 2 shtator 2026 \u2013 Kryetari i Komun\u00ebs s\u00eb Lipjanit dhe nj\u00eb nga figurat e para t\u00eb Lidhjes Demokratike t\u00eb Kosov\u00ebs, Imri Ahmeti, ka reaguar p\u00ebrmes nj\u00eb postimi n\u00eb Facebook lidhur me m\u00ebnyr\u00ebn e funksionimit dhe debatit t\u00eb brendsh\u00ebm n\u00eb LDK. Ahmeti ka k\u00ebrkuar m\u00eb shum\u00eb demokraci t\u00eb brendshme, dialog, mir\u00ebkuptim dhe toleranc\u00eb brenda subjektit\" \/>\n\t\t<meta name=\"twitter:image\" content=\"https:\/\/gazeta-lipjani.info\/wp-content\/uploads\/2026\/09\/IMG_9353.jpeg\" \/>\n\t\t<script type=\"application\/ld+json\" class=\"aioseo-schema\">\n\t\t\t{\"@context\":\"https:\\\/\\\/schema.org\",\"@graph\":[{\"@type\":\"BlogPosting\",\"@id\":\"https:\\\/\\\/gazeta-lipjani.info\\\/index.php\\\/2026\\\/09\\\/02\\\/imri-ahmeti-pa-demokraci-te-brendshme-dialog-dhe-tolerance-ldk-ja-nuk-eshte-vetvetja\\\/#blogposting\",\"name\":\"Imri Ahmeti: \\u201cPa demokraci t\\u00eb brendshme, dialog dhe toleranc\\u00eb, LDK-ja nuk \\u00ebsht\\u00eb vetvetja\\u201d - gazeta-lipjani.info\",\"headline\":\"Imri Ahmeti: \\u201cPa demokraci t\\u00eb brendshme, dialog dhe toleranc\\u00eb, LDK-ja nuk \\u00ebsht\\u00eb vetvetja\\u201d\",\"author\":{\"@id\":\"https:\\\/\\\/gazeta-lipjani.info\\\/index.php\\\/author\\\/redaksia\\\/#author\"},\"publisher\":{\"@id\":\"https:\\\/\\\/gazeta-lipjani.info\\\/#organization\"},\"image\":{\"@type\":\"ImageObject\",\"url\":\"https:\\\/\\\/gazeta-lipjani.info\\\/wp-content\\\/uploads\\\/2026\\\/09\\\/IMG_9353.jpeg\",\"width\":2048,\"height\":2048},\"datePublished\":\"2026-09-02T20:46:13+02:00\",\"dateModified\":\"2026-09-02T20:53:10+02:00\",\"inLanguage\":\"sq\",\"mainEntityOfPage\":{\"@id\":\"https:\\\/\\\/gazeta-lipjani.info\\\/index.php\\\/2026\\\/09\\\/02\\\/imri-ahmeti-pa-demokraci-te-brendshme-dialog-dhe-tolerance-ldk-ja-nuk-eshte-vetvetja\\\/#webpage\"},\"isPartOf\":{\"@id\":\"https:\\\/\\\/gazeta-lipjani.info\\\/index.php\\\/2026\\\/09\\\/02\\\/imri-ahmeti-pa-demokraci-te-brendshme-dialog-dhe-tolerance-ldk-ja-nuk-eshte-vetvetja\\\/#webpage\"},\"articleSection\":\"Kosova\"},{\"@type\":\"BreadcrumbList\",\"@id\":\"https:\\\/\\\/gazeta-lipjani.info\\\/index.php\\\/2026\\\/09\\\/02\\\/imri-ahmeti-pa-demokraci-te-brendshme-dialog-dhe-tolerance-ldk-ja-nuk-eshte-vetvetja\\\/#breadcrumblist\",\"itemListElement\":[{\"@type\":\"ListItem\",\"@id\":\"https:\\\/\\\/gazeta-lipjani.info#listItem\",\"position\":1,\"name\":\"Home\",\"item\":\"https:\\\/\\\/gazeta-lipjani.info\",\"nextItem\":{\"@type\":\"ListItem\",\"@id\":\"https:\\\/\\\/gazeta-lipjani.info\\\/index.php\\\/category\\\/kosova\\\/#listItem\",\"name\":\"Kosova\"}},{\"@type\":\"ListItem\",\"@id\":\"https:\\\/\\\/gazeta-lipjani.info\\\/index.php\\\/category\\\/kosova\\\/#listItem\",\"position\":2,\"name\":\"Kosova\",\"item\":\"https:\\\/\\\/gazeta-lipjani.info\\\/index.php\\\/category\\\/kosova\\\/\",\"nextItem\":{\"@type\":\"ListItem\",\"@id\":\"https:\\\/\\\/gazeta-lipjani.info\\\/index.php\\\/2026\\\/09\\\/02\\\/imri-ahmeti-pa-demokraci-te-brendshme-dialog-dhe-tolerance-ldk-ja-nuk-eshte-vetvetja\\\/#listItem\",\"name\":\"Imri Ahmeti: \\u201cPa demokraci t\\u00eb brendshme, dialog dhe toleranc\\u00eb, LDK-ja nuk \\u00ebsht\\u00eb vetvetja\\u201d\"},\"previousItem\":{\"@type\":\"ListItem\",\"@id\":\"https:\\\/\\\/gazeta-lipjani.info#listItem\",\"name\":\"Home\"}},{\"@type\":\"ListItem\",\"@id\":\"https:\\\/\\\/gazeta-lipjani.info\\\/index.php\\\/2026\\\/09\\\/02\\\/imri-ahmeti-pa-demokraci-te-brendshme-dialog-dhe-tolerance-ldk-ja-nuk-eshte-vetvetja\\\/#listItem\",\"position\":3,\"name\":\"Imri Ahmeti: \\u201cPa demokraci t\\u00eb brendshme, dialog dhe toleranc\\u00eb, LDK-ja nuk \\u00ebsht\\u00eb vetvetja\\u201d\",\"previousItem\":{\"@type\":\"ListItem\",\"@id\":\"https:\\\/\\\/gazeta-lipjani.info\\\/index.php\\\/category\\\/kosova\\\/#listItem\",\"name\":\"Kosova\"}}]},{\"@type\":\"Organization\",\"@id\":\"https:\\\/\\\/gazeta-lipjani.info\\\/#organization\",\"name\":\"gazeta-lipjani.info\",\"description\":\"Me ne lajme eshte tek ju!\",\"url\":\"https:\\\/\\\/gazeta-lipjani.info\\\/\",\"sameAs\":[\"https:\\\/\\\/facebook.com\\\/\\\/gazeta.lipjani.info\"]},{\"@type\":\"Person\",\"@id\":\"https:\\\/\\\/gazeta-lipjani.info\\\/index.php\\\/author\\\/redaksia\\\/#author\",\"url\":\"https:\\\/\\\/gazeta-lipjani.info\\\/index.php\\\/author\\\/redaksia\\\/\",\"name\":\"Redaksia\",\"image\":{\"@type\":\"ImageObject\",\"@id\":\"https:\\\/\\\/gazeta-lipjani.info\\\/index.php\\\/2026\\\/09\\\/02\\\/imri-ahmeti-pa-demokraci-te-brendshme-dialog-dhe-tolerance-ldk-ja-nuk-eshte-vetvetja\\\/#authorImage\",\"url\":\"https:\\\/\\\/gazeta-lipjani.info\\\/wp-content\\\/litespeed\\\/avatar\\\/8fd2e79954be7e9ee769a7da892a6648.jpg?ver=1788317605\",\"width\":96,\"height\":96,\"caption\":\"Redaksia\"}},{\"@type\":\"WebPage\",\"@id\":\"https:\\\/\\\/gazeta-lipjani.info\\\/index.php\\\/2026\\\/09\\\/02\\\/imri-ahmeti-pa-demokraci-te-brendshme-dialog-dhe-tolerance-ldk-ja-nuk-eshte-vetvetja\\\/#webpage\",\"url\":\"https:\\\/\\\/gazeta-lipjani.info\\\/index.php\\\/2026\\\/09\\\/02\\\/imri-ahmeti-pa-demokraci-te-brendshme-dialog-dhe-tolerance-ldk-ja-nuk-eshte-vetvetja\\\/\",\"name\":\"Imri Ahmeti: \\u201cPa demokraci t\\u00eb brendshme, dialog dhe toleranc\\u00eb, LDK-ja nuk \\u00ebsht\\u00eb vetvetja\\u201d - gazeta-lipjani.info\",\"description\":\"Lipjan, 2 shtator 2026 \\u2013 Kryetari i Komun\\u00ebs s\\u00eb Lipjanit dhe nj\\u00eb nga figurat e para t\\u00eb Lidhjes Demokratike t\\u00eb Kosov\\u00ebs, Imri Ahmeti, ka reaguar p\\u00ebrmes nj\\u00eb postimi n\\u00eb Facebook lidhur me m\\u00ebnyr\\u00ebn e funksionimit dhe debatit t\\u00eb brendsh\\u00ebm n\\u00eb LDK. Ahmeti ka k\\u00ebrkuar m\\u00eb shum\\u00eb demokraci t\\u00eb brendshme, dialog, mir\\u00ebkuptim dhe toleranc\\u00eb brenda subjektit\",\"inLanguage\":\"sq\",\"isPartOf\":{\"@id\":\"https:\\\/\\\/gazeta-lipjani.info\\\/#website\"},\"breadcrumb\":{\"@id\":\"https:\\\/\\\/gazeta-lipjani.info\\\/index.php\\\/2026\\\/09\\\/02\\\/imri-ahmeti-pa-demokraci-te-brendshme-dialog-dhe-tolerance-ldk-ja-nuk-eshte-vetvetja\\\/#breadcrumblist\"},\"author\":{\"@id\":\"https:\\\/\\\/gazeta-lipjani.info\\\/index.php\\\/author\\\/redaksia\\\/#author\"},\"creator\":{\"@id\":\"https:\\\/\\\/gazeta-lipjani.info\\\/index.php\\\/author\\\/redaksia\\\/#author\"},\"image\":{\"@type\":\"ImageObject\",\"url\":\"https:\\\/\\\/gazeta-lipjani.info\\\/wp-content\\\/uploads\\\/2026\\\/09\\\/IMG_9353.jpeg\",\"@id\":\"https:\\\/\\\/gazeta-lipjani.info\\\/index.php\\\/2026\\\/09\\\/02\\\/imri-ahmeti-pa-demokraci-te-brendshme-dialog-dhe-tolerance-ldk-ja-nuk-eshte-vetvetja\\\/#mainImage\",\"width\":2048,\"height\":2048},\"primaryImageOfPage\":{\"@id\":\"https:\\\/\\\/gazeta-lipjani.info\\\/index.php\\\/2026\\\/09\\\/02\\\/imri-ahmeti-pa-demokraci-te-brendshme-dialog-dhe-tolerance-ldk-ja-nuk-eshte-vetvetja\\\/#mainImage\"},\"datePublished\":\"2026-09-02T20:46:13+02:00\",\"dateModified\":\"2026-09-02T20:53:10+02:00\"},{\"@type\":\"WebSite\",\"@id\":\"https:\\\/\\\/gazeta-lipjani.info\\\/#website\",\"url\":\"https:\\\/\\\/gazeta-lipjani.info\\\/\",\"name\":\"gazeta-lipjani.info\",\"description\":\"Me ne lajme eshte tek ju!\",\"inLanguage\":\"sq\",\"publisher\":{\"@id\":\"https:\\\/\\\/gazeta-lipjani.info\\\/#organization\"}}]}\n\t\t<\/script>\n\t\t<!-- All in One SEO -->\n\n","aioseo_head_json":{"title":"Imri Ahmeti: \u201cPa demokraci t\u00eb brendshme, dialog dhe toleranc\u00eb, LDK-ja nuk \u00ebsht\u00eb vetvetja\u201d - gazeta-lipjani.info","description":"Lipjan, 2 shtator 2026 \u2013 Kryetari i Komun\u00ebs s\u00eb Lipjanit dhe nj\u00eb nga figurat e para t\u00eb Lidhjes Demokratike t\u00eb Kosov\u00ebs, Imri Ahmeti, ka reaguar p\u00ebrmes nj\u00eb postimi n\u00eb Facebook lidhur me m\u00ebnyr\u00ebn e funksionimit dhe debatit t\u00eb brendsh\u00ebm n\u00eb LDK. Ahmeti ka k\u00ebrkuar m\u00eb shum\u00eb demokraci t\u00eb brendshme, dialog, mir\u00ebkuptim dhe toleranc\u00eb brenda subjektit","canonical_url":"https:\/\/gazeta-lipjani.info\/index.php\/2026\/09\/02\/imri-ahmeti-pa-demokraci-te-brendshme-dialog-dhe-tolerance-ldk-ja-nuk-eshte-vetvetja\/","robots":"max-image-preview:large","keywords":"","webmasterTools":{"miscellaneous":""},"schema":{"@context":"https:\/\/schema.org","@graph":[{"@type":"BlogPosting","@id":"https:\/\/gazeta-lipjani.info\/index.php\/2026\/09\/02\/imri-ahmeti-pa-demokraci-te-brendshme-dialog-dhe-tolerance-ldk-ja-nuk-eshte-vetvetja\/#blogposting","name":"Imri Ahmeti: \u201cPa demokraci t\u00eb brendshme, dialog dhe toleranc\u00eb, LDK-ja nuk \u00ebsht\u00eb vetvetja\u201d - gazeta-lipjani.info","headline":"Imri Ahmeti: \u201cPa demokraci t\u00eb brendshme, dialog dhe toleranc\u00eb, LDK-ja nuk \u00ebsht\u00eb vetvetja\u201d","author":{"@id":"https:\/\/gazeta-lipjani.info\/index.php\/author\/redaksia\/#author"},"publisher":{"@id":"https:\/\/gazeta-lipjani.info\/#organization"},"image":{"@type":"ImageObject","url":"https:\/\/gazeta-lipjani.info\/wp-content\/uploads\/2026\/09\/IMG_9353.jpeg","width":2048,"height":2048},"datePublished":"2026-09-02T20:46:13+02:00","dateModified":"2026-09-02T20:53:10+02:00","inLanguage":"sq","mainEntityOfPage":{"@id":"https:\/\/gazeta-lipjani.info\/index.php\/2026\/09\/02\/imri-ahmeti-pa-demokraci-te-brendshme-dialog-dhe-tolerance-ldk-ja-nuk-eshte-vetvetja\/#webpage"},"isPartOf":{"@id":"https:\/\/gazeta-lipjani.info\/index.php\/2026\/09\/02\/imri-ahmeti-pa-demokraci-te-brendshme-dialog-dhe-tolerance-ldk-ja-nuk-eshte-vetvetja\/#webpage"},"articleSection":"Kosova"},{"@type":"BreadcrumbList","@id":"https:\/\/gazeta-lipjani.info\/index.php\/2026\/09\/02\/imri-ahmeti-pa-demokraci-te-brendshme-dialog-dhe-tolerance-ldk-ja-nuk-eshte-vetvetja\/#breadcrumblist","itemListElement":[{"@type":"ListItem","@id":"https:\/\/gazeta-lipjani.info#listItem","position":1,"name":"Home","item":"https:\/\/gazeta-lipjani.info","nextItem":{"@type":"ListItem","@id":"https:\/\/gazeta-lipjani.info\/index.php\/category\/kosova\/#listItem","name":"Kosova"}},{"@type":"ListItem","@id":"https:\/\/gazeta-lipjani.info\/index.php\/category\/kosova\/#listItem","position":2,"name":"Kosova","item":"https:\/\/gazeta-lipjani.info\/index.php\/category\/kosova\/","nextItem":{"@type":"ListItem","@id":"https:\/\/gazeta-lipjani.info\/index.php\/2026\/09\/02\/imri-ahmeti-pa-demokraci-te-brendshme-dialog-dhe-tolerance-ldk-ja-nuk-eshte-vetvetja\/#listItem","name":"Imri Ahmeti: \u201cPa demokraci t\u00eb brendshme, dialog dhe toleranc\u00eb, LDK-ja nuk \u00ebsht\u00eb vetvetja\u201d"},"previousItem":{"@type":"ListItem","@id":"https:\/\/gazeta-lipjani.info#listItem","name":"Home"}},{"@type":"ListItem","@id":"https:\/\/gazeta-lipjani.info\/index.php\/2026\/09\/02\/imri-ahmeti-pa-demokraci-te-brendshme-dialog-dhe-tolerance-ldk-ja-nuk-eshte-vetvetja\/#listItem","position":3,"name":"Imri Ahmeti: \u201cPa demokraci t\u00eb brendshme, dialog dhe toleranc\u00eb, LDK-ja nuk \u00ebsht\u00eb vetvetja\u201d","previousItem":{"@type":"ListItem","@id":"https:\/\/gazeta-lipjani.info\/index.php\/category\/kosova\/#listItem","name":"Kosova"}}]},{"@type":"Organization","@id":"https:\/\/gazeta-lipjani.info\/#organization","name":"gazeta-lipjani.info","description":"Me ne lajme eshte tek ju!","url":"https:\/\/gazeta-lipjani.info\/","sameAs":["https:\/\/facebook.com\/\/gazeta.lipjani.info"]},{"@type":"Person","@id":"https:\/\/gazeta-lipjani.info\/index.php\/author\/redaksia\/#author","url":"https:\/\/gazeta-lipjani.info\/index.php\/author\/redaksia\/","name":"Redaksia","image":{"@type":"ImageObject","@id":"https:\/\/gazeta-lipjani.info\/index.php\/2026\/09\/02\/imri-ahmeti-pa-demokraci-te-brendshme-dialog-dhe-tolerance-ldk-ja-nuk-eshte-vetvetja\/#authorImage","url":"https:\/\/gazeta-lipjani.info\/wp-content\/litespeed\/avatar\/8fd2e79954be7e9ee769a7da892a6648.jpg?ver=1788317605","width":96,"height":96,"caption":"Redaksia"}},{"@type":"WebPage","@id":"https:\/\/gazeta-lipjani.info\/index.php\/2026\/09\/02\/imri-ahmeti-pa-demokraci-te-brendshme-dialog-dhe-tolerance-ldk-ja-nuk-eshte-vetvetja\/#webpage","url":"https:\/\/gazeta-lipjani.info\/index.php\/2026\/09\/02\/imri-ahmeti-pa-demokraci-te-brendshme-dialog-dhe-tolerance-ldk-ja-nuk-eshte-vetvetja\/","name":"Imri Ahmeti: \u201cPa demokraci t\u00eb brendshme, dialog dhe toleranc\u00eb, LDK-ja nuk \u00ebsht\u00eb vetvetja\u201d - gazeta-lipjani.info","description":"Lipjan, 2 shtator 2026 \u2013 Kryetari i Komun\u00ebs s\u00eb Lipjanit dhe nj\u00eb nga figurat e para t\u00eb Lidhjes Demokratike t\u00eb Kosov\u00ebs, Imri Ahmeti, ka reaguar p\u00ebrmes nj\u00eb postimi n\u00eb Facebook lidhur me m\u00ebnyr\u00ebn e funksionimit dhe debatit t\u00eb brendsh\u00ebm n\u00eb LDK. Ahmeti ka k\u00ebrkuar m\u00eb shum\u00eb demokraci t\u00eb brendshme, dialog, mir\u00ebkuptim dhe toleranc\u00eb brenda subjektit","inLanguage":"sq","isPartOf":{"@id":"https:\/\/gazeta-lipjani.info\/#website"},"breadcrumb":{"@id":"https:\/\/gazeta-lipjani.info\/index.php\/2026\/09\/02\/imri-ahmeti-pa-demokraci-te-brendshme-dialog-dhe-tolerance-ldk-ja-nuk-eshte-vetvetja\/#breadcrumblist"},"author":{"@id":"https:\/\/gazeta-lipjani.info\/index.php\/author\/redaksia\/#author"},"creator":{"@id":"https:\/\/gazeta-lipjani.info\/index.php\/author\/redaksia\/#author"},"image":{"@type":"ImageObject","url":"https:\/\/gazeta-lipjani.info\/wp-content\/uploads\/2026\/09\/IMG_9353.jpeg","@id":"https:\/\/gazeta-lipjani.info\/index.php\/2026\/09\/02\/imri-ahmeti-pa-demokraci-te-brendshme-dialog-dhe-tolerance-ldk-ja-nuk-eshte-vetvetja\/#mainImage","width":2048,"height":2048},"primaryImageOfPage":{"@id":"https:\/\/gazeta-lipjani.info\/index.php\/2026\/09\/02\/imri-ahmeti-pa-demokraci-te-brendshme-dialog-dhe-tolerance-ldk-ja-nuk-eshte-vetvetja\/#mainImage"},"datePublished":"2026-09-02T20:46:13+02:00","dateModified":"2026-09-02T20:53:10+02:00"},{"@type":"WebSite","@id":"https:\/\/gazeta-lipjani.info\/#website","url":"https:\/\/gazeta-lipjani.info\/","name":"gazeta-lipjani.info","description":"Me ne lajme eshte tek ju!","inLanguage":"sq","publisher":{"@id":"https:\/\/gazeta-lipjani.info\/#organization"}}]},"og:locale":"sq_AL","og:site_name":"gazeta-lipjani.info - Me ne lajme eshte tek ju!","og:type":"article","og:title":"Imri Ahmeti: \u201cPa demokraci t\u00eb brendshme, dialog dhe toleranc\u00eb, LDK-ja nuk \u00ebsht\u00eb vetvetja\u201d - gazeta-lipjani.info","og:description":"Lipjan, 2 shtator 2026 \u2013 Kryetari i Komun\u00ebs s\u00eb Lipjanit dhe nj\u00eb nga figurat e para t\u00eb Lidhjes Demokratike t\u00eb Kosov\u00ebs, Imri Ahmeti, ka reaguar p\u00ebrmes nj\u00eb postimi n\u00eb Facebook lidhur me m\u00ebnyr\u00ebn e funksionimit dhe debatit t\u00eb brendsh\u00ebm n\u00eb LDK. Ahmeti ka k\u00ebrkuar m\u00eb shum\u00eb demokraci t\u00eb brendshme, dialog, mir\u00ebkuptim dhe toleranc\u00eb brenda subjektit","og:url":"https:\/\/gazeta-lipjani.info\/index.php\/2026\/09\/02\/imri-ahmeti-pa-demokraci-te-brendshme-dialog-dhe-tolerance-ldk-ja-nuk-eshte-vetvetja\/","og:image":"https:\/\/gazeta-lipjani.info\/wp-content\/uploads\/2026\/09\/IMG_9353.jpeg","og:image:secure_url":"https:\/\/gazeta-lipjani.info\/wp-content\/uploads\/2026\/09\/IMG_9353.jpeg","og:image:width":2048,"og:image:height":2048,"article:published_time":"2026-09-02T18:46:13+00:00","article:modified_time":"2026-09-02T18:53:10+00:00","article:publisher":"https:\/\/facebook.com\/\/gazeta.lipjani.info","twitter:card":"summary_large_image","twitter:title":"Imri Ahmeti: \u201cPa demokraci t\u00eb brendshme, dialog dhe toleranc\u00eb, LDK-ja nuk \u00ebsht\u00eb vetvetja\u201d - gazeta-lipjani.info","twitter:description":"Lipjan, 2 shtator 2026 \u2013 Kryetari i Komun\u00ebs s\u00eb Lipjanit dhe nj\u00eb nga figurat e para t\u00eb Lidhjes Demokratike t\u00eb Kosov\u00ebs, Imri Ahmeti, ka reaguar p\u00ebrmes nj\u00eb postimi n\u00eb Facebook lidhur me m\u00ebnyr\u00ebn e funksionimit dhe debatit t\u00eb brendsh\u00ebm n\u00eb LDK. Ahmeti ka k\u00ebrkuar m\u00eb shum\u00eb demokraci t\u00eb brendshme, dialog, mir\u00ebkuptim dhe toleranc\u00eb brenda subjektit","twitter:image":"https:\/\/gazeta-lipjani.info\/wp-content\/uploads\/2026\/09\/IMG_9353.jpeg"},"aioseo_meta_data":{"post_id":"1473","title":null,"description":null,"keywords":null,"keyphrases":{"focus":{"keyphrase":"","score":0,"analysis":{"keyphraseInTitle":{"score":0,"maxScore":9,"error":1}}},"additional":[]},"primary_term":null,"canonical_url":null,"og_title":null,"og_description":null,"og_object_type":"default","og_image_type":"default","og_image_url":null,"og_image_width":null,"og_image_height":null,"og_image_custom_url":null,"og_image_custom_fields":null,"og_video":"","og_custom_url":null,"og_article_section":null,"og_article_tags":null,"twitter_use_og":false,"twitter_card":"default","twitter_image_type":"default","twitter_image_url":null,"twitter_image_custom_url":null,"twitter_image_custom_fields":null,"twitter_title":null,"twitter_description":null,"schema":{"blockGraphs":[],"customGraphs":[],"default":{"data":{"Article":[],"Course":[],"Dataset":[],"FAQPage":[],"Movie":[],"Person":[],"Product":[],"ProductReview":[],"Car":[],"Recipe":[],"Service":[],"SoftwareApplication":[],"WebPage":[]},"graphName":"BlogPosting","isEnabled":true},"graphs":[]},"schema_type":"default","schema_type_options":null,"pillar_content":false,"robots_default":true,"robots_noindex":false,"robots_noarchive":false,"robots_nosnippet":false,"robots_nofollow":false,"robots_noimageindex":false,"robots_noodp":false,"robots_notranslate":false,"robots_max_snippet":"-1","robots_max_videopreview":"-1","robots_max_imagepreview":"large","priority":null,"frequency":"default","local_seo":null,"breadcrumb_settings":null,"limit_modified_date":false,"ai":{"faqs":[],"keyPoints":[],"schemas":[],"titles":[],"descriptions":[],"socialPosts":{"email":{"subject":"","preview":"","content":""},"linkedin":[],"twitter":[],"facebook":[],"instagram":[]}},"created":"2026-09-02 18:46:18","updated":"2026-09-03 00:33:09","focus_keyword":null,"additional_keywords":null,"truseo_locale":null,"seo_analyzer_scan_date":null},"aioseo_breadcrumb":"<div class=\"aioseo-breadcrumbs\"><span class=\"aioseo-breadcrumb\">\n\t\t\t<a href=\"https:\/\/gazeta-lipjani.info\" title=\"Home\">Home<\/a>\n\t\t<\/span><span class=\"aioseo-breadcrumb-separator\">&raquo;<\/span><span class=\"aioseo-breadcrumb\">\n\t\t\t<a href=\"https:\/\/gazeta-lipjani.info\/index.php\/category\/kosova\/\" title=\"Kosova\">Kosova<\/a>\n\t\t<\/span><span class=\"aioseo-breadcrumb-separator\">&raquo;<\/span><span class=\"aioseo-breadcrumb\">\n\t\t\tImri Ahmeti: \u201cPa demokraci t\u00eb brendshme, dialog dhe toleranc\u00eb, LDK-ja nuk \u00ebsht\u00eb vetvetja\u201d\n\t\t<\/span><\/div>","aioseo_breadcrumb_json":[{"label":"Home","link":"https:\/\/gazeta-lipjani.info"},{"label":"Kosova","link":"https:\/\/gazeta-lipjani.info\/index.php\/category\/kosova\/"},{"label":"Imri Ahmeti: \u201cPa demokraci t\u00eb brendshme, dialog dhe toleranc\u00eb, LDK-ja nuk \u00ebsht\u00eb vetvetja\u201d","link":"https:\/\/gazeta-lipjani.info\/index.php\/2026\/09\/02\/imri-ahmeti-pa-demokraci-te-brendshme-dialog-dhe-tolerance-ldk-ja-nuk-eshte-vetvetja\/"}],"_links":{"self":[{"href":"https:\/\/gazeta-lipjani.info\/index.php\/wp-json\/wp\/v2\/posts\/1473","targetHints":{"allow":["GET"]}}],"collection":[{"href":"https:\/\/gazeta-lipjani.info\/index.php\/wp-json\/wp\/v2\/posts"}],"about":[{"href":"https:\/\/gazeta-lipjani.info\/index.php\/wp-json\/wp\/v2\/types\/post"}],"author":[{"embeddable":true,"href":"https:\/\/gazeta-lipjani.info\/index.php\/wp-json\/wp\/v2\/users\/2"}],"replies":[{"embeddable":true,"href":"https:\/\/gazeta-lipjani.info\/index.php\/wp-json\/wp\/v2\/comments?post=1473"}],"version-history":[{"count":3,"href":"https:\/\/gazeta-lipjani.info\/index.php\/wp-json\/wp\/v2\/posts\/1473\/revisions"}],"predecessor-version":[{"id":1478,"href":"https:\/\/gazeta-lipjani.info\/index.php\/wp-json\/wp\/v2\/posts\/1473\/revisions\/1478"}],"wp:featuredmedia":[{"embeddable":true,"href":"https:\/\/gazeta-lipjani.info\/index.php\/wp-json\/wp\/v2\/media\/1475"}],"wp:attachment":[{"href":"https:\/\/gazeta-lipjani.info\/index.php\/wp-json\/wp\/v2\/media?parent=1473"}],"wp:term":[{"taxonomy":"category","embeddable":true,"href":"https:\/\/gazeta-lipjani.info\/index.php\/wp-json\/wp\/v2\/categories?post=1473"},{"taxonomy":"post_tag","embeddable":true,"href":"https:\/\/gazeta-lipjani.info\/index.php\/wp-json\/wp\/v2\/tags?post=1473"}],"curies":[{"name":"wp","href":"https:\/\/api.w.org\/{rel}","templated":true}]}}