{"id":195,"date":"2024-02-09T13:21:52","date_gmt":"2024-02-09T12:21:52","guid":{"rendered":"https:\/\/gazeta-lipjani.info\/?p=195"},"modified":"2024-02-09T13:21:52","modified_gmt":"2024-02-09T12:21:52","slug":"xhaka-dhe-shaqiri-serish-perballe-kundershtareve-te-preferuar-kesaj-radhe-ne-ligen-e-kombeve","status":"publish","type":"post","link":"https:\/\/gazeta-lipjani.info\/index.php\/2024\/02\/09\/xhaka-dhe-shaqiri-serish-perballe-kundershtareve-te-preferuar-kesaj-radhe-ne-ligen-e-kombeve\/","title":{"rendered":"Xhaka dhe Shaqiri s\u00ebrish p\u00ebrball\u00eb kund\u00ebrshtar\u00ebve t\u00eb preferuar, k\u00ebsaj radhe n\u00eb Lig\u00ebn e Kombeve"},"content":{"rendered":"\n<p><strong>Zvicra e Granit Xhak\u00ebs dhe Xherdan Shaqirit, do t\u00eb luaj\u00eb n\u00eb Grupin 4 t\u00eb Lig\u00ebs A, p\u00ebrball\u00eb Spanj\u00ebs, Danimark\u00ebs dhe kund\u00ebrshtar\u00ebve t\u00eb tyre t\u00eb preferuar Serbis\u00eb.<\/strong><\/p>\n\n\n\n<p>Sot \u00ebsht\u00eb hedhur shorti p\u00ebr Lig\u00ebn e Kombeve, ku v\u00ebmendja p\u00ebr ne ishte n\u00eb Lig\u00ebn C, ku do t\u00eb luaj\u00eb Kosova, por p\u00ebr fansat e shumt\u00eb t\u00eb futbollit v\u00ebmendja ishte te Liga A, ku shum\u00eb komb\u00ebtare t\u00eb forta do t\u00eb p\u00ebrballen nj\u00ebra me tjet\u00ebr.<\/p>\n\n\n\n<p>Shorti n\u00eb Lig\u00ebn A ka sjell grupe t\u00eb forta, ku nd\u00ebr ta q\u00eb spikat \u00ebsht\u00eb edhe grupi A4, ku jan\u00eb Spanja, Danimarka, Zvicra dhe Serbia.<\/p>\n\n\n\n<p>N\u00eb ndeshjen e par\u00eb n\u00eb Rusi t\u00eb dy kishin sh\u00ebnuar gola, nd\u00ebrsa n\u00eb ndeshjen e zhvilluar n\u00eb Katar, ishte Xhardan Shaqiri q\u00eb sh\u00ebnoi nj\u00eb nga golat n\u00eb fitore 3-2.<\/p>\n\n\n\n<p>Do t\u00eb jen\u00eb dy p\u00ebrballje t\u00eb Granit Xhak\u00ebs dhe Xherdan Shaqirit ndaj kund\u00ebrshtar\u00ebve t\u00eb preferuar q\u00eb i mposht\u00eb dy her\u00eb n\u00eb dy kampionatet e fundit bot\u00ebrore.<\/p>\n","protected":false},"excerpt":{"rendered":"<p>Zvicra e Granit Xhak\u00ebs dhe Xherdan Shaqirit, do t\u00eb luaj\u00eb n\u00eb Grupin 4 t\u00eb Lig\u00ebs A, p\u00ebrball\u00eb Spanj\u00ebs, Danimark\u00ebs dhe kund\u00ebrshtar\u00ebve t\u00eb tyre t\u00eb preferuar Serbis\u00eb. Sot \u00ebsht\u00eb hedhur shorti p\u00ebr Lig\u00ebn e Kombeve, ku v\u00ebmendja p\u00ebr ne ishte n\u00eb Lig\u00ebn C, ku do t\u00eb luaj\u00eb Kosova, por p\u00ebr fansat e shumt\u00eb t\u00eb futbollit v\u00ebmendja [&hellip;]<\/p>\n","protected":false},"author":2,"featured_media":196,"comment_status":"open","ping_status":"open","sticky":false,"template":"","format":"standard","meta":{"footnotes":""},"categories":[8],"tags":[],"class_list":{"0":"post-195","1":"post","2":"type-post","3":"status-publish","4":"format-standard","5":"has-post-thumbnail","7":"category-sport"},"aioseo_notices":[],"_links":{"self":[{"href":"https:\/\/gazeta-lipjani.info\/index.php\/wp-json\/wp\/v2\/posts\/195","targetHints":{"allow":["GET"]}}],"collection":[{"href":"https:\/\/gazeta-lipjani.info\/index.php\/wp-json\/wp\/v2\/posts"}],"about":[{"href":"https:\/\/gazeta-lipjani.info\/index.php\/wp-json\/wp\/v2\/types\/post"}],"author":[{"embeddable":true,"href":"https:\/\/gazeta-lipjani.info\/index.php\/wp-json\/wp\/v2\/users\/2"}],"replies":[{"embeddable":true,"href":"https:\/\/gazeta-lipjani.info\/index.php\/wp-json\/wp\/v2\/comments?post=195"}],"version-history":[{"count":1,"href":"https:\/\/gazeta-lipjani.info\/index.php\/wp-json\/wp\/v2\/posts\/195\/revisions"}],"predecessor-version":[{"id":197,"href":"https:\/\/gazeta-lipjani.info\/index.php\/wp-json\/wp\/v2\/posts\/195\/revisions\/197"}],"wp:featuredmedia":[{"embeddable":true,"href":"https:\/\/gazeta-lipjani.info\/index.php\/wp-json\/wp\/v2\/media\/196"}],"wp:attachment":[{"href":"https:\/\/gazeta-lipjani.info\/index.php\/wp-json\/wp\/v2\/media?parent=195"}],"wp:term":[{"taxonomy":"category","embeddable":true,"href":"https:\/\/gazeta-lipjani.info\/index.php\/wp-json\/wp\/v2\/categories?post=195"},{"taxonomy":"post_tag","embeddable":true,"href":"https:\/\/gazeta-lipjani.info\/index.php\/wp-json\/wp\/v2\/tags?post=195"}],"curies":[{"name":"wp","href":"https:\/\/api.w.org\/{rel}","templated":true}]}}