{"id":301,"date":"2024-02-21T00:09:12","date_gmt":"2024-02-20T23:09:12","guid":{"rendered":"https:\/\/gazeta-lipjani.info\/?p=301"},"modified":"2024-02-21T00:09:13","modified_gmt":"2024-02-20T23:09:13","slug":"dua-lipa-takohet-me-nenen-e-te-dashurit-te-saj","status":"publish","type":"post","link":"https:\/\/gazeta-lipjani.info\/index.php\/2024\/02\/21\/dua-lipa-takohet-me-nenen-e-te-dashurit-te-saj\/","title":{"rendered":"Dua Lipa takohet me n\u00ebn\u00ebn e t\u00eb dashurit t\u00eb saj"},"content":{"rendered":"\n<p><strong>K\u00ebng\u00ebtarja shqiptare me fam\u00eb bot\u00ebrore, Dua Lipa \u00ebsht\u00eb takuar me n\u00ebn\u00ebn e t\u00eb dashurit t\u00eb saj, Callum Turner.<\/strong><\/p>\n\n\n\n<hr class=\"wp-block-separator has-alpha-channel-opacity\" \/>\n\n\n\n<p>Nuk dihet se a \u00ebsht\u00eb takuar m\u00eb par\u00eb m\u00eb t\u00eb, por publikisht \u00ebsht\u00eb par\u00eb p\u00ebr t\u00eb par\u00ebn her\u00eb n\u00ebn shoq\u00ebrin\u00eb e Callumit dhe n\u00ebn\u00ebs s\u00eb tij.<\/p>\n\n\n\n<p>Dua shihet duke p\u00ebrqafuar n\u00ebn\u00ebn e Turner po ashtu nj\u00ebjt\u00eb edhe ai.<\/p>\n\n\n\n<p>A po b\u00ebhet m\u00eb serioze lidhja mes Lip\u00ebs dhe Tuner?<\/p>\n\n\n\n<p>K\u00ebt\u00eb presim ta shohim n\u00eb dit\u00ebt vijuese.<\/p>\n\n\n\n<figure class=\"wp-block-image\"><img decoding=\"async\" src=\"https:\/\/gazetametro.net\/wp-content\/uploads\/2024\/02\/IMG_8227-1.jpeg\" alt=\"\" class=\"wp-image-1352642\" \/><\/figure>\n\n\n\n<figure class=\"wp-block-image\"><img decoding=\"async\" src=\"https:\/\/gazetametro.net\/wp-content\/uploads\/2024\/02\/IMG_8228.jpeg\" alt=\"\" class=\"wp-image-1352643\" \/><\/figure>\n\n\n\n<figure class=\"wp-block-image\"><img decoding=\"async\" src=\"https:\/\/gazetametro.net\/wp-content\/uploads\/2024\/02\/IMG_8229.jpeg\" alt=\"\" class=\"wp-image-1352644\" \/><\/figure>\n\n\n\n<figure class=\"wp-block-image\"><img decoding=\"async\" src=\"https:\/\/gazetametro.net\/wp-content\/uploads\/2024\/02\/IMG_8225-1.jpeg\" alt=\"\" class=\"wp-image-1352641\" \/><\/figure>\n","protected":false},"excerpt":{"rendered":"<p>K\u00ebng\u00ebtarja shqiptare me fam\u00eb bot\u00ebrore, Dua Lipa \u00ebsht\u00eb takuar me n\u00ebn\u00ebn e t\u00eb dashurit t\u00eb saj, Callum Turner. Nuk dihet se a \u00ebsht\u00eb takuar m\u00eb par\u00eb m\u00eb t\u00eb, por publikisht \u00ebsht\u00eb par\u00eb p\u00ebr t\u00eb par\u00ebn her\u00eb n\u00ebn shoq\u00ebrin\u00eb e Callumit dhe n\u00ebn\u00ebs s\u00eb tij. Dua shihet duke p\u00ebrqafuar n\u00ebn\u00ebn e Turner po ashtu nj\u00ebjt\u00eb edhe [&hellip;]<\/p>\n","protected":false},"author":2,"featured_media":302,"comment_status":"open","ping_status":"open","sticky":false,"template":"","format":"standard","meta":{"footnotes":""},"categories":[10],"tags":[],"class_list":{"0":"post-301","1":"post","2":"type-post","3":"status-publish","4":"format-standard","5":"has-post-thumbnail","7":"category-roze"},"aioseo_notices":[],"_links":{"self":[{"href":"https:\/\/gazeta-lipjani.info\/index.php\/wp-json\/wp\/v2\/posts\/301","targetHints":{"allow":["GET"]}}],"collection":[{"href":"https:\/\/gazeta-lipjani.info\/index.php\/wp-json\/wp\/v2\/posts"}],"about":[{"href":"https:\/\/gazeta-lipjani.info\/index.php\/wp-json\/wp\/v2\/types\/post"}],"author":[{"embeddable":true,"href":"https:\/\/gazeta-lipjani.info\/index.php\/wp-json\/wp\/v2\/users\/2"}],"replies":[{"embeddable":true,"href":"https:\/\/gazeta-lipjani.info\/index.php\/wp-json\/wp\/v2\/comments?post=301"}],"version-history":[{"count":1,"href":"https:\/\/gazeta-lipjani.info\/index.php\/wp-json\/wp\/v2\/posts\/301\/revisions"}],"predecessor-version":[{"id":303,"href":"https:\/\/gazeta-lipjani.info\/index.php\/wp-json\/wp\/v2\/posts\/301\/revisions\/303"}],"wp:featuredmedia":[{"embeddable":true,"href":"https:\/\/gazeta-lipjani.info\/index.php\/wp-json\/wp\/v2\/media\/302"}],"wp:attachment":[{"href":"https:\/\/gazeta-lipjani.info\/index.php\/wp-json\/wp\/v2\/media?parent=301"}],"wp:term":[{"taxonomy":"category","embeddable":true,"href":"https:\/\/gazeta-lipjani.info\/index.php\/wp-json\/wp\/v2\/categories?post=301"},{"taxonomy":"post_tag","embeddable":true,"href":"https:\/\/gazeta-lipjani.info\/index.php\/wp-json\/wp\/v2\/tags?post=301"}],"curies":[{"name":"wp","href":"https:\/\/api.w.org\/{rel}","templated":true}]}}