{"id":308,"date":"2024-02-25T02:40:51","date_gmt":"2024-02-25T01:40:51","guid":{"rendered":"https:\/\/gazeta-lipjani.info\/?p=308"},"modified":"2024-02-25T02:40:51","modified_gmt":"2024-02-25T01:40:51","slug":"fitim-selimi-kujt-vall-po-i-vie-turp-me-e-dashte-e-me-e-theksu-lavdine","status":"publish","type":"post","link":"https:\/\/gazeta-lipjani.info\/index.php\/2024\/02\/25\/fitim-selimi-kujt-vall-po-i-vie-turp-me-e-dashte-e-me-e-theksu-lavdine\/","title":{"rendered":"Fitim Selimi: \u201cKujt vall po i vie turp me e dasht\u00eb e me e theksu lavdin\u00eb?!\u201d"},"content":{"rendered":"\n<p>P\u00ebr nder\u00eb t\u00eb dit\u00ebs se Pavar\u00ebsis\u00eb s\u00eb Kosov\u00ebs, nj\u00eb ushtar i liris\u00eb e nje epror i policis\u00eb s\u00eb Kosov\u00ebs i paska vendos\u00eb flamujt komb\u00ebtar e shtet\u00ebror si dhe figur\u00ebn e Adem Jasharit n\u00eb hapsirat e stacionit t\u00eb policis\u00eb!<br>Nj\u00eb shqiptar &#8211; zyrtar policor paska nxitu me i largu k\u00ebto simbole!<br>P\u00ebr shkak t\u00eb reagimit me fjal\u00eb, p\u00ebrkitazi me k\u00ebt\u00eb p\u00ebrdhosje t\u00eb simboleve e figurave komb\u00ebtare, eprori Zymer Kodra \u00ebsht\u00eb pezulluar nga puna!<br>Zymer Kodra \u00ebsht\u00eb nj\u00ebri nga pjestar\u00ebt e Policis\u00eb s\u00eb Kosov\u00ebs i pajisur me t\u00eb gjitha tiparet e lakmueshme njer\u00ebzore e komb\u00ebtare, me ndershm\u00ebri e kolegialitet si dhe me korrekt\u00ebsi n\u00eb p\u00ebrfillje t\u00eb k\u00ebrkesave profesionale. \u00cbsht\u00eb i p\u00ebrkushtuar, me disciplin\u00eb e gatishm\u00ebri t\u00eb lart\u00eb, p\u00ebr tu v\u00ebn\u00eb n\u00eb sh\u00ebrbim t\u00eb qytetarit.<br>Me pezullimin e Zymerit, \u00ebsht\u00eb pezulluar nevoja p\u00ebr t\u00eb dasht\u00eb lirin\u00eb dhe shtetin, \u00ebsht\u00eb pezulluar nevoja p\u00ebr t\u00eb mir\u00ebnjohur sakrific\u00ebn!<br>Ju p\u00ebrgjegj\u00ebs t\u00eb policis\u00eb!<br>Cil\u00ebn norm\u00eb, cilin ligj apo cil\u00ebn t\u00eb drejt\u00eb po vraponi me e mbrojt\u00eb?<br>Institucioneve tona, nderit e dinjitetit t\u00eb tyre, mu k\u00ebto simbole do t\u00eb iu shkonin m\u00eb s\u00eb miri.<br>Kush m\u00eb shum\u00eb se figura e Adem Jasharit do ta meritonte kryevendin n\u00eb institucione?<br>Kush me shum\u00eb se flamujt ton\u00eb do ta meritonin te theksohen ne institucione?<br>N\u00ebse s jemi n\u00eb gjendje ti mbrojm\u00eb e p\u00ebrqafojm\u00eb edhe institucionalisht vlerat tona kulmore shpirt\u00ebrore, duke iu kriju hapsir\u00eb atyre, ne do t\u00eb godasim n\u00eb esenc\u00ebn ton\u00eb, n\u00eb njeriun ton\u00eb sakrifikues!<br>Kujt vall po i vie turp me e dasht\u00eb e me e theksu lavdin\u00eb?!<br>Nese nuk jemi insistues me i largu flamujt me kat\u00ebr S, q\u00eb valojn\u00eb n\u00eb Lipjan dhe n\u00eb t\u00ebr\u00eb territorin e Kosov\u00ebs, p\u00ebr hat\u00ebr t\u00eb kujt duhet ti p\u00ebrjashtojm\u00eb simbolet tona?!<br>E si t\u00eb heshtet pastaj nese dikush pa kurr\u00ebfar zori, b\u00ebn\u00eb veprime q\u00eb do ti shkonin m\u00eb s\u00eb miri atij policit t\u00eb famsh\u00ebm t\u00eb Magur\u00ebs nga koha e okupimit!<br>Uroj t\u00eb menqurohemi nj\u00eb dit\u00eb!<\/p>\n\n\n\n<p>Shih postim n\u00eb facebook:<\/p>\n\n\n\n<p><a href=\"https:\/\/m.facebook.com\/story.php?story_fbid=10160812146054160&amp;id=546314159\" rel=\"ugc\" title=\"\">https:\/\/m.facebook.com\/story.php?story_fbid=10160812146054160&amp;id=546314159<\/a><\/p>\n","protected":false},"excerpt":{"rendered":"<p>P\u00ebr nder\u00eb t\u00eb dit\u00ebs se Pavar\u00ebsis\u00eb s\u00eb Kosov\u00ebs, nj\u00eb ushtar i liris\u00eb e nje epror i policis\u00eb s\u00eb Kosov\u00ebs i paska vendos\u00eb flamujt komb\u00ebtar e shtet\u00ebror si dhe figur\u00ebn e Adem Jasharit n\u00eb hapsirat e stacionit t\u00eb policis\u00eb!Nj\u00eb shqiptar &#8211; zyrtar policor paska nxitu me i largu k\u00ebto simbole!P\u00ebr shkak t\u00eb reagimit me fjal\u00eb, p\u00ebrkitazi [&hellip;]<\/p>\n","protected":false},"author":2,"featured_media":309,"comment_status":"open","ping_status":"open","sticky":false,"template":"","format":"standard","meta":{"footnotes":""},"categories":[28],"tags":[],"class_list":{"0":"post-308","1":"post","2":"type-post","3":"status-publish","4":"format-standard","5":"has-post-thumbnail","7":"category-op-ed"},"aioseo_notices":[],"_links":{"self":[{"href":"https:\/\/gazeta-lipjani.info\/index.php\/wp-json\/wp\/v2\/posts\/308","targetHints":{"allow":["GET"]}}],"collection":[{"href":"https:\/\/gazeta-lipjani.info\/index.php\/wp-json\/wp\/v2\/posts"}],"about":[{"href":"https:\/\/gazeta-lipjani.info\/index.php\/wp-json\/wp\/v2\/types\/post"}],"author":[{"embeddable":true,"href":"https:\/\/gazeta-lipjani.info\/index.php\/wp-json\/wp\/v2\/users\/2"}],"replies":[{"embeddable":true,"href":"https:\/\/gazeta-lipjani.info\/index.php\/wp-json\/wp\/v2\/comments?post=308"}],"version-history":[{"count":1,"href":"https:\/\/gazeta-lipjani.info\/index.php\/wp-json\/wp\/v2\/posts\/308\/revisions"}],"predecessor-version":[{"id":310,"href":"https:\/\/gazeta-lipjani.info\/index.php\/wp-json\/wp\/v2\/posts\/308\/revisions\/310"}],"wp:featuredmedia":[{"embeddable":true,"href":"https:\/\/gazeta-lipjani.info\/index.php\/wp-json\/wp\/v2\/media\/309"}],"wp:attachment":[{"href":"https:\/\/gazeta-lipjani.info\/index.php\/wp-json\/wp\/v2\/media?parent=308"}],"wp:term":[{"taxonomy":"category","embeddable":true,"href":"https:\/\/gazeta-lipjani.info\/index.php\/wp-json\/wp\/v2\/categories?post=308"},{"taxonomy":"post_tag","embeddable":true,"href":"https:\/\/gazeta-lipjani.info\/index.php\/wp-json\/wp\/v2\/tags?post=308"}],"curies":[{"name":"wp","href":"https:\/\/api.w.org\/{rel}","templated":true}]}}