{"id":337,"date":"2024-02-26T10:05:07","date_gmt":"2024-02-26T09:05:07","guid":{"rendered":"https:\/\/gazeta-lipjani.info\/?p=337"},"modified":"2024-02-26T10:05:07","modified_gmt":"2024-02-26T09:05:07","slug":"nora-publikon-foto-nga-ashensori-me-luizin-a-do-te-kete-bashkepunim-mes-tyre","status":"publish","type":"post","link":"https:\/\/gazeta-lipjani.info\/index.php\/2024\/02\/26\/nora-publikon-foto-nga-ashensori-me-luizin-a-do-te-kete-bashkepunim-mes-tyre\/","title":{"rendered":"Nora publikon foto nga ashensori me Luizin, a do t\u00eb ket\u00eb bashk\u00ebpunim mes tyre?"},"content":{"rendered":"\n<p class=\"wp-block-paragraph\"><strong>K\u00ebng\u00ebtarja Nora Istrefi ka publikuar nj\u00eb foto me fenomenin e njohur Luiz Ejlli.<\/strong><\/p>\n\n\n\n<p class=\"wp-block-paragraph\">Ende nuk dihet se a ka diqka te re p\u00ebr nja bashk\u00ebpunim mes vete mir\u00ebpo ajo se \u00e7far\u00eb mbete \u00ebsht\u00eb t\u00eb presim se a do t\u00eb ndodh ndonj\u00eb projekt muzikor.<\/p>\n\n\n\n<p class=\"wp-block-paragraph\">Fenomenin Luiz Ejlli poashtu mund t\u00eb themi se \u00ebsht\u00eb nj\u00eb nga figuarat me t\u00eb p\u00ebrfoluar t\u00eb momentin dhe kohet e fundit ai do t\u00eb lansoj nj\u00eb projekt me rep-artistin e njohur Ghetto geasy.<\/p>\n","protected":false},"excerpt":{"rendered":"<p>K\u00ebng\u00ebtarja Nora Istrefi ka publikuar nj\u00eb foto me fenomenin e njohur Luiz Ejlli. Ende nuk dihet se a ka diqka te re p\u00ebr nja bashk\u00ebpunim mes vete mir\u00ebpo ajo se \u00e7far\u00eb mbete \u00ebsht\u00eb t\u00eb presim se a do t\u00eb ndodh ndonj\u00eb projekt muzikor. Fenomenin Luiz Ejlli poashtu mund t\u00eb themi se \u00ebsht\u00eb nj\u00eb nga figuarat [&hellip;]<\/p>\n","protected":false},"author":2,"featured_media":338,"comment_status":"open","ping_status":"open","sticky":false,"template":"","format":"standard","meta":{"footnotes":""},"categories":[10],"tags":[],"class_list":["post-337","post","type-post","status-publish","format-standard","has-post-thumbnail","category-roze"],"aioseo_notices":[],"aioseo_head":"\n\t\t<!-- All in One SEO 5.0.0.1 - aioseo.com -->\n\t<meta name=\"description\" content=\"K\u00ebng\u00ebtarja Nora Istrefi ka publikuar nj\u00eb foto me fenomenin e njohur Luiz Ejlli. Ende nuk dihet se a ka diqka te re p\u00ebr nja bashk\u00ebpunim mes vete mir\u00ebpo ajo se \u00e7far\u00eb mbete \u00ebsht\u00eb t\u00eb presim se a do t\u00eb ndodh ndonj\u00eb projekt muzikor. Fenomenin Luiz Ejlli poashtu mund t\u00eb themi se \u00ebsht\u00eb nj\u00eb nga figuarat\" \/>\n\t<meta name=\"robots\" content=\"max-image-preview:large\" \/>\n\t<meta name=\"author\" content=\"Redaksia\"\/>\n\t<link rel=\"canonical\" href=\"https:\/\/gazeta-lipjani.info\/index.php\/2024\/02\/26\/nora-publikon-foto-nga-ashensori-me-luizin-a-do-te-kete-bashkepunim-mes-tyre\/\" \/>\n\t<meta name=\"generator\" content=\"All in One SEO (AIOSEO) 5.0.0.1\" \/>\n\t\t<meta property=\"og:locale\" content=\"sq_AL\" \/>\n\t\t<meta property=\"og:site_name\" content=\"gazeta-lipjani.info - Me ne lajme eshte tek ju!\" \/>\n\t\t<meta property=\"og:type\" content=\"article\" \/>\n\t\t<meta property=\"og:title\" content=\"Nora publikon foto nga ashensori me Luizin, a do t\u00eb ket\u00eb bashk\u00ebpunim mes tyre? - gazeta-lipjani.info\" \/>\n\t\t<meta property=\"og:description\" content=\"K\u00ebng\u00ebtarja Nora Istrefi ka publikuar nj\u00eb foto me fenomenin e njohur Luiz Ejlli. Ende nuk dihet se a ka diqka te re p\u00ebr nja bashk\u00ebpunim mes vete mir\u00ebpo ajo se \u00e7far\u00eb mbete \u00ebsht\u00eb t\u00eb presim se a do t\u00eb ndodh ndonj\u00eb projekt muzikor. Fenomenin Luiz Ejlli poashtu mund t\u00eb themi se \u00ebsht\u00eb nj\u00eb nga figuarat\" \/>\n\t\t<meta property=\"og:url\" content=\"https:\/\/gazeta-lipjani.info\/index.php\/2024\/02\/26\/nora-publikon-foto-nga-ashensori-me-luizin-a-do-te-kete-bashkepunim-mes-tyre\/\" \/>\n\t\t<meta property=\"og:image\" content=\"https:\/\/gazeta-lipjani.info\/wp-content\/uploads\/2024\/02\/nora.png\" \/>\n\t\t<meta property=\"og:image:secure_url\" content=\"https:\/\/gazeta-lipjani.info\/wp-content\/uploads\/2024\/02\/nora.png\" \/>\n\t\t<meta property=\"og:image:width\" content=\"661\" \/>\n\t\t<meta property=\"og:image:height\" content=\"363\" \/>\n\t\t<meta property=\"article:published_time\" content=\"2024-02-26T09:05:07+00:00\" \/>\n\t\t<meta property=\"article:modified_time\" content=\"2024-02-26T09:05:07+00:00\" \/>\n\t\t<meta property=\"article:publisher\" content=\"https:\/\/facebook.com\/\/gazeta.lipjani.info\" \/>\n\t\t<meta name=\"twitter:card\" content=\"summary_large_image\" \/>\n\t\t<meta name=\"twitter:title\" content=\"Nora publikon foto nga ashensori me Luizin, a do t\u00eb ket\u00eb bashk\u00ebpunim mes tyre? - gazeta-lipjani.info\" \/>\n\t\t<meta name=\"twitter:description\" content=\"K\u00ebng\u00ebtarja Nora Istrefi ka publikuar nj\u00eb foto me fenomenin e njohur Luiz Ejlli. Ende nuk dihet se a ka diqka te re p\u00ebr nja bashk\u00ebpunim mes vete mir\u00ebpo ajo se \u00e7far\u00eb mbete \u00ebsht\u00eb t\u00eb presim se a do t\u00eb ndodh ndonj\u00eb projekt muzikor. Fenomenin Luiz Ejlli poashtu mund t\u00eb themi se \u00ebsht\u00eb nj\u00eb nga figuarat\" \/>\n\t\t<meta name=\"twitter:image\" content=\"https:\/\/gazeta-lipjani.info\/wp-content\/uploads\/2024\/02\/nora.png\" \/>\n\t\t<script type=\"application\/ld+json\" class=\"aioseo-schema\">\n\t\t\t{\"@context\":\"https:\\\/\\\/schema.org\",\"@graph\":[{\"@type\":\"BlogPosting\",\"@id\":\"https:\\\/\\\/gazeta-lipjani.info\\\/index.php\\\/2024\\\/02\\\/26\\\/nora-publikon-foto-nga-ashensori-me-luizin-a-do-te-kete-bashkepunim-mes-tyre\\\/#blogposting\",\"name\":\"Nora publikon foto nga ashensori me Luizin, a do t\\u00eb ket\\u00eb bashk\\u00ebpunim mes tyre? - gazeta-lipjani.info\",\"headline\":\"Nora publikon foto nga ashensori me Luizin, a do t\\u00eb ket\\u00eb bashk\\u00ebpunim mes tyre?\",\"author\":{\"@id\":\"https:\\\/\\\/gazeta-lipjani.info\\\/index.php\\\/author\\\/redaksia\\\/#author\"},\"publisher\":{\"@id\":\"https:\\\/\\\/gazeta-lipjani.info\\\/#organization\"},\"image\":{\"@type\":\"ImageObject\",\"url\":\"https:\\\/\\\/gazeta-lipjani.info\\\/wp-content\\\/uploads\\\/2024\\\/02\\\/nora.png\",\"width\":661,\"height\":363},\"datePublished\":\"2024-02-26T10:05:07+01:00\",\"dateModified\":\"2024-02-26T10:05:07+01:00\",\"inLanguage\":\"sq\",\"mainEntityOfPage\":{\"@id\":\"https:\\\/\\\/gazeta-lipjani.info\\\/index.php\\\/2024\\\/02\\\/26\\\/nora-publikon-foto-nga-ashensori-me-luizin-a-do-te-kete-bashkepunim-mes-tyre\\\/#webpage\"},\"isPartOf\":{\"@id\":\"https:\\\/\\\/gazeta-lipjani.info\\\/index.php\\\/2024\\\/02\\\/26\\\/nora-publikon-foto-nga-ashensori-me-luizin-a-do-te-kete-bashkepunim-mes-tyre\\\/#webpage\"},\"articleSection\":\"Roz\\u00eb\"},{\"@type\":\"BreadcrumbList\",\"@id\":\"https:\\\/\\\/gazeta-lipjani.info\\\/index.php\\\/2024\\\/02\\\/26\\\/nora-publikon-foto-nga-ashensori-me-luizin-a-do-te-kete-bashkepunim-mes-tyre\\\/#breadcrumblist\",\"itemListElement\":[{\"@type\":\"ListItem\",\"@id\":\"https:\\\/\\\/gazeta-lipjani.info#listItem\",\"position\":1,\"name\":\"Home\",\"item\":\"https:\\\/\\\/gazeta-lipjani.info\",\"nextItem\":{\"@type\":\"ListItem\",\"@id\":\"https:\\\/\\\/gazeta-lipjani.info\\\/index.php\\\/category\\\/roze\\\/#listItem\",\"name\":\"Roz\\u00eb\"}},{\"@type\":\"ListItem\",\"@id\":\"https:\\\/\\\/gazeta-lipjani.info\\\/index.php\\\/category\\\/roze\\\/#listItem\",\"position\":2,\"name\":\"Roz\\u00eb\",\"item\":\"https:\\\/\\\/gazeta-lipjani.info\\\/index.php\\\/category\\\/roze\\\/\",\"nextItem\":{\"@type\":\"ListItem\",\"@id\":\"https:\\\/\\\/gazeta-lipjani.info\\\/index.php\\\/2024\\\/02\\\/26\\\/nora-publikon-foto-nga-ashensori-me-luizin-a-do-te-kete-bashkepunim-mes-tyre\\\/#listItem\",\"name\":\"Nora publikon foto nga ashensori me Luizin, a do t\\u00eb ket\\u00eb bashk\\u00ebpunim mes tyre?\"},\"previousItem\":{\"@type\":\"ListItem\",\"@id\":\"https:\\\/\\\/gazeta-lipjani.info#listItem\",\"name\":\"Home\"}},{\"@type\":\"ListItem\",\"@id\":\"https:\\\/\\\/gazeta-lipjani.info\\\/index.php\\\/2024\\\/02\\\/26\\\/nora-publikon-foto-nga-ashensori-me-luizin-a-do-te-kete-bashkepunim-mes-tyre\\\/#listItem\",\"position\":3,\"name\":\"Nora publikon foto nga ashensori me Luizin, a do t\\u00eb ket\\u00eb bashk\\u00ebpunim mes tyre?\",\"previousItem\":{\"@type\":\"ListItem\",\"@id\":\"https:\\\/\\\/gazeta-lipjani.info\\\/index.php\\\/category\\\/roze\\\/#listItem\",\"name\":\"Roz\\u00eb\"}}]},{\"@type\":\"Organization\",\"@id\":\"https:\\\/\\\/gazeta-lipjani.info\\\/#organization\",\"name\":\"gazeta-lipjani.info\",\"description\":\"Me ne lajme eshte tek ju!\",\"url\":\"https:\\\/\\\/gazeta-lipjani.info\\\/\",\"sameAs\":[\"https:\\\/\\\/facebook.com\\\/\\\/gazeta.lipjani.info\"]},{\"@type\":\"Person\",\"@id\":\"https:\\\/\\\/gazeta-lipjani.info\\\/index.php\\\/author\\\/redaksia\\\/#author\",\"url\":\"https:\\\/\\\/gazeta-lipjani.info\\\/index.php\\\/author\\\/redaksia\\\/\",\"name\":\"Redaksia\",\"image\":{\"@type\":\"ImageObject\",\"@id\":\"https:\\\/\\\/gazeta-lipjani.info\\\/index.php\\\/2024\\\/02\\\/26\\\/nora-publikon-foto-nga-ashensori-me-luizin-a-do-te-kete-bashkepunim-mes-tyre\\\/#authorImage\",\"url\":\"https:\\\/\\\/gazeta-lipjani.info\\\/wp-content\\\/litespeed\\\/avatar\\\/8fd2e79954be7e9ee769a7da892a6648.jpg?ver=1787711921\",\"width\":96,\"height\":96,\"caption\":\"Redaksia\"}},{\"@type\":\"WebPage\",\"@id\":\"https:\\\/\\\/gazeta-lipjani.info\\\/index.php\\\/2024\\\/02\\\/26\\\/nora-publikon-foto-nga-ashensori-me-luizin-a-do-te-kete-bashkepunim-mes-tyre\\\/#webpage\",\"url\":\"https:\\\/\\\/gazeta-lipjani.info\\\/index.php\\\/2024\\\/02\\\/26\\\/nora-publikon-foto-nga-ashensori-me-luizin-a-do-te-kete-bashkepunim-mes-tyre\\\/\",\"name\":\"Nora publikon foto nga ashensori me Luizin, a do t\\u00eb ket\\u00eb bashk\\u00ebpunim mes tyre? - gazeta-lipjani.info\",\"description\":\"K\\u00ebng\\u00ebtarja Nora Istrefi ka publikuar nj\\u00eb foto me fenomenin e njohur Luiz Ejlli. Ende nuk dihet se a ka diqka te re p\\u00ebr nja bashk\\u00ebpunim mes vete mir\\u00ebpo ajo se \\u00e7far\\u00eb mbete \\u00ebsht\\u00eb t\\u00eb presim se a do t\\u00eb ndodh ndonj\\u00eb projekt muzikor. Fenomenin Luiz Ejlli poashtu mund t\\u00eb themi se \\u00ebsht\\u00eb nj\\u00eb nga figuarat\",\"inLanguage\":\"sq\",\"isPartOf\":{\"@id\":\"https:\\\/\\\/gazeta-lipjani.info\\\/#website\"},\"breadcrumb\":{\"@id\":\"https:\\\/\\\/gazeta-lipjani.info\\\/index.php\\\/2024\\\/02\\\/26\\\/nora-publikon-foto-nga-ashensori-me-luizin-a-do-te-kete-bashkepunim-mes-tyre\\\/#breadcrumblist\"},\"author\":{\"@id\":\"https:\\\/\\\/gazeta-lipjani.info\\\/index.php\\\/author\\\/redaksia\\\/#author\"},\"creator\":{\"@id\":\"https:\\\/\\\/gazeta-lipjani.info\\\/index.php\\\/author\\\/redaksia\\\/#author\"},\"image\":{\"@type\":\"ImageObject\",\"url\":\"https:\\\/\\\/gazeta-lipjani.info\\\/wp-content\\\/uploads\\\/2024\\\/02\\\/nora.png\",\"@id\":\"https:\\\/\\\/gazeta-lipjani.info\\\/index.php\\\/2024\\\/02\\\/26\\\/nora-publikon-foto-nga-ashensori-me-luizin-a-do-te-kete-bashkepunim-mes-tyre\\\/#mainImage\",\"width\":661,\"height\":363},\"primaryImageOfPage\":{\"@id\":\"https:\\\/\\\/gazeta-lipjani.info\\\/index.php\\\/2024\\\/02\\\/26\\\/nora-publikon-foto-nga-ashensori-me-luizin-a-do-te-kete-bashkepunim-mes-tyre\\\/#mainImage\"},\"datePublished\":\"2024-02-26T10:05:07+01:00\",\"dateModified\":\"2024-02-26T10:05:07+01:00\"},{\"@type\":\"WebSite\",\"@id\":\"https:\\\/\\\/gazeta-lipjani.info\\\/#website\",\"url\":\"https:\\\/\\\/gazeta-lipjani.info\\\/\",\"name\":\"gazeta-lipjani.info\",\"description\":\"Me ne lajme eshte tek ju!\",\"inLanguage\":\"sq\",\"publisher\":{\"@id\":\"https:\\\/\\\/gazeta-lipjani.info\\\/#organization\"}}]}\n\t\t<\/script>\n\t\t<!-- All in One SEO -->\n\n","aioseo_head_json":{"title":"Nora publikon foto nga ashensori me Luizin, a do t\u00eb ket\u00eb bashk\u00ebpunim mes tyre? - gazeta-lipjani.info","description":"K\u00ebng\u00ebtarja Nora Istrefi ka publikuar nj\u00eb foto me fenomenin e njohur Luiz Ejlli. Ende nuk dihet se a ka diqka te re p\u00ebr nja bashk\u00ebpunim mes vete mir\u00ebpo ajo se \u00e7far\u00eb mbete \u00ebsht\u00eb t\u00eb presim se a do t\u00eb ndodh ndonj\u00eb projekt muzikor. Fenomenin Luiz Ejlli poashtu mund t\u00eb themi se \u00ebsht\u00eb nj\u00eb nga figuarat","canonical_url":"https:\/\/gazeta-lipjani.info\/index.php\/2024\/02\/26\/nora-publikon-foto-nga-ashensori-me-luizin-a-do-te-kete-bashkepunim-mes-tyre\/","robots":"max-image-preview:large","keywords":"","webmasterTools":{"miscellaneous":""},"schema":{"@context":"https:\/\/schema.org","@graph":[{"@type":"BlogPosting","@id":"https:\/\/gazeta-lipjani.info\/index.php\/2024\/02\/26\/nora-publikon-foto-nga-ashensori-me-luizin-a-do-te-kete-bashkepunim-mes-tyre\/#blogposting","name":"Nora publikon foto nga ashensori me Luizin, a do t\u00eb ket\u00eb bashk\u00ebpunim mes tyre? - gazeta-lipjani.info","headline":"Nora publikon foto nga ashensori me Luizin, a do t\u00eb ket\u00eb bashk\u00ebpunim mes tyre?","author":{"@id":"https:\/\/gazeta-lipjani.info\/index.php\/author\/redaksia\/#author"},"publisher":{"@id":"https:\/\/gazeta-lipjani.info\/#organization"},"image":{"@type":"ImageObject","url":"https:\/\/gazeta-lipjani.info\/wp-content\/uploads\/2024\/02\/nora.png","width":661,"height":363},"datePublished":"2024-02-26T10:05:07+01:00","dateModified":"2024-02-26T10:05:07+01:00","inLanguage":"sq","mainEntityOfPage":{"@id":"https:\/\/gazeta-lipjani.info\/index.php\/2024\/02\/26\/nora-publikon-foto-nga-ashensori-me-luizin-a-do-te-kete-bashkepunim-mes-tyre\/#webpage"},"isPartOf":{"@id":"https:\/\/gazeta-lipjani.info\/index.php\/2024\/02\/26\/nora-publikon-foto-nga-ashensori-me-luizin-a-do-te-kete-bashkepunim-mes-tyre\/#webpage"},"articleSection":"Roz\u00eb"},{"@type":"BreadcrumbList","@id":"https:\/\/gazeta-lipjani.info\/index.php\/2024\/02\/26\/nora-publikon-foto-nga-ashensori-me-luizin-a-do-te-kete-bashkepunim-mes-tyre\/#breadcrumblist","itemListElement":[{"@type":"ListItem","@id":"https:\/\/gazeta-lipjani.info#listItem","position":1,"name":"Home","item":"https:\/\/gazeta-lipjani.info","nextItem":{"@type":"ListItem","@id":"https:\/\/gazeta-lipjani.info\/index.php\/category\/roze\/#listItem","name":"Roz\u00eb"}},{"@type":"ListItem","@id":"https:\/\/gazeta-lipjani.info\/index.php\/category\/roze\/#listItem","position":2,"name":"Roz\u00eb","item":"https:\/\/gazeta-lipjani.info\/index.php\/category\/roze\/","nextItem":{"@type":"ListItem","@id":"https:\/\/gazeta-lipjani.info\/index.php\/2024\/02\/26\/nora-publikon-foto-nga-ashensori-me-luizin-a-do-te-kete-bashkepunim-mes-tyre\/#listItem","name":"Nora publikon foto nga ashensori me Luizin, a do t\u00eb ket\u00eb bashk\u00ebpunim mes tyre?"},"previousItem":{"@type":"ListItem","@id":"https:\/\/gazeta-lipjani.info#listItem","name":"Home"}},{"@type":"ListItem","@id":"https:\/\/gazeta-lipjani.info\/index.php\/2024\/02\/26\/nora-publikon-foto-nga-ashensori-me-luizin-a-do-te-kete-bashkepunim-mes-tyre\/#listItem","position":3,"name":"Nora publikon foto nga ashensori me Luizin, a do t\u00eb ket\u00eb bashk\u00ebpunim mes tyre?","previousItem":{"@type":"ListItem","@id":"https:\/\/gazeta-lipjani.info\/index.php\/category\/roze\/#listItem","name":"Roz\u00eb"}}]},{"@type":"Organization","@id":"https:\/\/gazeta-lipjani.info\/#organization","name":"gazeta-lipjani.info","description":"Me ne lajme eshte tek ju!","url":"https:\/\/gazeta-lipjani.info\/","sameAs":["https:\/\/facebook.com\/\/gazeta.lipjani.info"]},{"@type":"Person","@id":"https:\/\/gazeta-lipjani.info\/index.php\/author\/redaksia\/#author","url":"https:\/\/gazeta-lipjani.info\/index.php\/author\/redaksia\/","name":"Redaksia","image":{"@type":"ImageObject","@id":"https:\/\/gazeta-lipjani.info\/index.php\/2024\/02\/26\/nora-publikon-foto-nga-ashensori-me-luizin-a-do-te-kete-bashkepunim-mes-tyre\/#authorImage","url":"https:\/\/gazeta-lipjani.info\/wp-content\/litespeed\/avatar\/8fd2e79954be7e9ee769a7da892a6648.jpg?ver=1787711921","width":96,"height":96,"caption":"Redaksia"}},{"@type":"WebPage","@id":"https:\/\/gazeta-lipjani.info\/index.php\/2024\/02\/26\/nora-publikon-foto-nga-ashensori-me-luizin-a-do-te-kete-bashkepunim-mes-tyre\/#webpage","url":"https:\/\/gazeta-lipjani.info\/index.php\/2024\/02\/26\/nora-publikon-foto-nga-ashensori-me-luizin-a-do-te-kete-bashkepunim-mes-tyre\/","name":"Nora publikon foto nga ashensori me Luizin, a do t\u00eb ket\u00eb bashk\u00ebpunim mes tyre? - gazeta-lipjani.info","description":"K\u00ebng\u00ebtarja Nora Istrefi ka publikuar nj\u00eb foto me fenomenin e njohur Luiz Ejlli. Ende nuk dihet se a ka diqka te re p\u00ebr nja bashk\u00ebpunim mes vete mir\u00ebpo ajo se \u00e7far\u00eb mbete \u00ebsht\u00eb t\u00eb presim se a do t\u00eb ndodh ndonj\u00eb projekt muzikor. Fenomenin Luiz Ejlli poashtu mund t\u00eb themi se \u00ebsht\u00eb nj\u00eb nga figuarat","inLanguage":"sq","isPartOf":{"@id":"https:\/\/gazeta-lipjani.info\/#website"},"breadcrumb":{"@id":"https:\/\/gazeta-lipjani.info\/index.php\/2024\/02\/26\/nora-publikon-foto-nga-ashensori-me-luizin-a-do-te-kete-bashkepunim-mes-tyre\/#breadcrumblist"},"author":{"@id":"https:\/\/gazeta-lipjani.info\/index.php\/author\/redaksia\/#author"},"creator":{"@id":"https:\/\/gazeta-lipjani.info\/index.php\/author\/redaksia\/#author"},"image":{"@type":"ImageObject","url":"https:\/\/gazeta-lipjani.info\/wp-content\/uploads\/2024\/02\/nora.png","@id":"https:\/\/gazeta-lipjani.info\/index.php\/2024\/02\/26\/nora-publikon-foto-nga-ashensori-me-luizin-a-do-te-kete-bashkepunim-mes-tyre\/#mainImage","width":661,"height":363},"primaryImageOfPage":{"@id":"https:\/\/gazeta-lipjani.info\/index.php\/2024\/02\/26\/nora-publikon-foto-nga-ashensori-me-luizin-a-do-te-kete-bashkepunim-mes-tyre\/#mainImage"},"datePublished":"2024-02-26T10:05:07+01:00","dateModified":"2024-02-26T10:05:07+01:00"},{"@type":"WebSite","@id":"https:\/\/gazeta-lipjani.info\/#website","url":"https:\/\/gazeta-lipjani.info\/","name":"gazeta-lipjani.info","description":"Me ne lajme eshte tek ju!","inLanguage":"sq","publisher":{"@id":"https:\/\/gazeta-lipjani.info\/#organization"}}]},"og:locale":"sq_AL","og:site_name":"gazeta-lipjani.info - Me ne lajme eshte tek ju!","og:type":"article","og:title":"Nora publikon foto nga ashensori me Luizin, a do t\u00eb ket\u00eb bashk\u00ebpunim mes tyre? - gazeta-lipjani.info","og:description":"K\u00ebng\u00ebtarja Nora Istrefi ka publikuar nj\u00eb foto me fenomenin e njohur Luiz Ejlli. Ende nuk dihet se a ka diqka te re p\u00ebr nja bashk\u00ebpunim mes vete mir\u00ebpo ajo se \u00e7far\u00eb mbete \u00ebsht\u00eb t\u00eb presim se a do t\u00eb ndodh ndonj\u00eb projekt muzikor. Fenomenin Luiz Ejlli poashtu mund t\u00eb themi se \u00ebsht\u00eb nj\u00eb nga figuarat","og:url":"https:\/\/gazeta-lipjani.info\/index.php\/2024\/02\/26\/nora-publikon-foto-nga-ashensori-me-luizin-a-do-te-kete-bashkepunim-mes-tyre\/","og:image":"https:\/\/gazeta-lipjani.info\/wp-content\/uploads\/2024\/02\/nora.png","og:image:secure_url":"https:\/\/gazeta-lipjani.info\/wp-content\/uploads\/2024\/02\/nora.png","og:image:width":661,"og:image:height":363,"article:published_time":"2024-02-26T09:05:07+00:00","article:modified_time":"2024-02-26T09:05:07+00:00","article:publisher":"https:\/\/facebook.com\/\/gazeta.lipjani.info","twitter:card":"summary_large_image","twitter:title":"Nora publikon foto nga ashensori me Luizin, a do t\u00eb ket\u00eb bashk\u00ebpunim mes tyre? - gazeta-lipjani.info","twitter:description":"K\u00ebng\u00ebtarja Nora Istrefi ka publikuar nj\u00eb foto me fenomenin e njohur Luiz Ejlli. Ende nuk dihet se a ka diqka te re p\u00ebr nja bashk\u00ebpunim mes vete mir\u00ebpo ajo se \u00e7far\u00eb mbete \u00ebsht\u00eb t\u00eb presim se a do t\u00eb ndodh ndonj\u00eb projekt muzikor. Fenomenin Luiz Ejlli poashtu mund t\u00eb themi se \u00ebsht\u00eb nj\u00eb nga figuarat","twitter:image":"https:\/\/gazeta-lipjani.info\/wp-content\/uploads\/2024\/02\/nora.png"},"aioseo_meta_data":{"post_id":"337","title":null,"description":null,"keywords":[],"keyphrases":{"focus":{"keyphrase":"","score":0,"analysis":{"keyphraseInTitle":{"score":0,"maxScore":9,"error":1}}},"additional":[]},"primary_term":null,"canonical_url":null,"og_title":null,"og_description":null,"og_object_type":"default","og_image_type":"default","og_image_url":null,"og_image_width":null,"og_image_height":null,"og_image_custom_url":null,"og_image_custom_fields":null,"og_video":"","og_custom_url":null,"og_article_section":null,"og_article_tags":[],"twitter_use_og":false,"twitter_card":"default","twitter_image_type":"default","twitter_image_url":null,"twitter_image_custom_url":null,"twitter_image_custom_fields":null,"twitter_title":null,"twitter_description":null,"schema":{"blockGraphs":[],"customGraphs":[],"default":{"data":{"Article":[],"Course":[],"Dataset":[],"FAQPage":[],"Movie":[],"Person":[],"Product":[],"ProductReview":[],"Car":[],"Recipe":[],"Service":[],"SoftwareApplication":[],"WebPage":[]},"graphName":"BlogPosting","isEnabled":true},"graphs":[]},"schema_type":"default","schema_type_options":null,"pillar_content":false,"robots_default":true,"robots_noindex":false,"robots_noarchive":false,"robots_nosnippet":false,"robots_nofollow":false,"robots_noimageindex":false,"robots_noodp":false,"robots_notranslate":false,"robots_max_snippet":"-1","robots_max_videopreview":"-1","robots_max_imagepreview":"large","priority":null,"frequency":"default","local_seo":null,"breadcrumb_settings":null,"limit_modified_date":false,"ai":null,"created":"2024-02-26 09:05:07","updated":"2025-06-09 11:21:50","focus_keyword":null,"additional_keywords":null,"truseo_locale":null,"seo_analyzer_scan_date":null},"aioseo_breadcrumb":"<div class=\"aioseo-breadcrumbs\"><span class=\"aioseo-breadcrumb\">\n\t\t\t<a href=\"https:\/\/gazeta-lipjani.info\" title=\"Home\">Home<\/a>\n\t\t<\/span><span class=\"aioseo-breadcrumb-separator\">&raquo;<\/span><span class=\"aioseo-breadcrumb\">\n\t\t\t<a href=\"https:\/\/gazeta-lipjani.info\/index.php\/category\/roze\/\" title=\"Roz\u00eb\">Roz\u00eb<\/a>\n\t\t<\/span><span class=\"aioseo-breadcrumb-separator\">&raquo;<\/span><span class=\"aioseo-breadcrumb\">\n\t\t\tNora publikon foto nga ashensori me Luizin, a do t\u00eb ket\u00eb bashk\u00ebpunim mes tyre?\n\t\t<\/span><\/div>","aioseo_breadcrumb_json":[{"label":"Home","link":"https:\/\/gazeta-lipjani.info"},{"label":"Roz\u00eb","link":"https:\/\/gazeta-lipjani.info\/index.php\/category\/roze\/"},{"label":"Nora publikon foto nga ashensori me Luizin, a do t\u00eb ket\u00eb bashk\u00ebpunim mes tyre?","link":"https:\/\/gazeta-lipjani.info\/index.php\/2024\/02\/26\/nora-publikon-foto-nga-ashensori-me-luizin-a-do-te-kete-bashkepunim-mes-tyre\/"}],"_links":{"self":[{"href":"https:\/\/gazeta-lipjani.info\/index.php\/wp-json\/wp\/v2\/posts\/337","targetHints":{"allow":["GET"]}}],"collection":[{"href":"https:\/\/gazeta-lipjani.info\/index.php\/wp-json\/wp\/v2\/posts"}],"about":[{"href":"https:\/\/gazeta-lipjani.info\/index.php\/wp-json\/wp\/v2\/types\/post"}],"author":[{"embeddable":true,"href":"https:\/\/gazeta-lipjani.info\/index.php\/wp-json\/wp\/v2\/users\/2"}],"replies":[{"embeddable":true,"href":"https:\/\/gazeta-lipjani.info\/index.php\/wp-json\/wp\/v2\/comments?post=337"}],"version-history":[{"count":1,"href":"https:\/\/gazeta-lipjani.info\/index.php\/wp-json\/wp\/v2\/posts\/337\/revisions"}],"predecessor-version":[{"id":339,"href":"https:\/\/gazeta-lipjani.info\/index.php\/wp-json\/wp\/v2\/posts\/337\/revisions\/339"}],"wp:featuredmedia":[{"embeddable":true,"href":"https:\/\/gazeta-lipjani.info\/index.php\/wp-json\/wp\/v2\/media\/338"}],"wp:attachment":[{"href":"https:\/\/gazeta-lipjani.info\/index.php\/wp-json\/wp\/v2\/media?parent=337"}],"wp:term":[{"taxonomy":"category","embeddable":true,"href":"https:\/\/gazeta-lipjani.info\/index.php\/wp-json\/wp\/v2\/categories?post=337"},{"taxonomy":"post_tag","embeddable":true,"href":"https:\/\/gazeta-lipjani.info\/index.php\/wp-json\/wp\/v2\/tags?post=337"}],"curies":[{"name":"wp","href":"https:\/\/api.w.org\/{rel}","templated":true}]}}