{"id":359,"date":"2024-11-08T13:41:16","date_gmt":"2024-11-08T12:41:16","guid":{"rendered":"https:\/\/gazeta-lipjani.info\/?p=359"},"modified":"2024-11-08T13:41:17","modified_gmt":"2024-11-08T12:41:17","slug":"kapet-nga-policia-i-mituri-qe-iku-nga-qendra-korrektuese-ne-lipjan-2","status":"publish","type":"post","link":"https:\/\/gazeta-lipjani.info\/index.php\/2024\/11\/08\/kapet-nga-policia-i-mituri-qe-iku-nga-qendra-korrektuese-ne-lipjan-2\/","title":{"rendered":"Kapet nga Policia i mituri q\u00eb iku nga Qendra Korrektuese n\u00eb Lipjan"},"content":{"rendered":"\n<p>Personat q\u00eb vuajn\u00eb d\u00ebnimet p\u00ebr vepra t\u00eb ndryshme penale n\u00eb Qendrat Korrektuese n\u00eb Kosov\u00eb, ka raste kur gjejn\u00eb mund\u00ebsin\u00eb dhe arrijn\u00eb q\u00eb t\u00eb arratisen nga hap\u00ebsirat e burgjeve. Nj\u00eb rast i till\u00eb kishte ndodhur n\u00eb fillim t\u00eb muajit janar n\u00eb Qendr\u00ebn p\u00ebr t\u00eb Mitur n\u00eb Lipjan, ku nj\u00eb 17-vje\u00e7ar kishte ikur dhe ka q\u00ebndruar n\u00eb arrati deri m\u00eb dje.<\/p>\n\n\n\n<p><br>I mituri nga Peja \u00ebsht\u00eb kapur nga Policia n\u00eb autostrad\u00eb dhe \u00ebsht\u00eb shoq\u00ebruar n\u00eb stacion policor p\u00ebr proceduarat e nevojshme.<\/p>\n\n\n\n<p>I nj\u00ebjti m\u00eb pas \u00ebsht\u00eb d\u00ebrguar n\u00eb qend\u00ebr p\u00ebr ta vuajtur d\u00ebnimin, teksa lidhur me ndalimin e tij \u00ebsht\u00eb v\u00ebn\u00eb n\u00eb dijeni edhe Prokurori i Shtetit.<\/p>\n","protected":false},"excerpt":{"rendered":"<p>Personat q\u00eb vuajn\u00eb d\u00ebnimet p\u00ebr vepra t\u00eb ndryshme penale n\u00eb Qendrat Korrektuese n\u00eb Kosov\u00eb, ka raste kur gjejn\u00eb mund\u00ebsin\u00eb dhe arrijn\u00eb q\u00eb t\u00eb arratisen nga hap\u00ebsirat e burgjeve. Nj\u00eb rast i till\u00eb kishte ndodhur n\u00eb fillim t\u00eb muajit janar n\u00eb Qendr\u00ebn p\u00ebr t\u00eb Mitur n\u00eb Lipjan, ku nj\u00eb 17-vje\u00e7ar kishte ikur dhe ka q\u00ebndruar n\u00eb [&hellip;]<\/p>\n","protected":false},"author":2,"featured_media":0,"comment_status":"open","ping_status":"open","sticky":false,"template":"","format":"standard","meta":{"footnotes":""},"categories":[1],"tags":[],"class_list":{"0":"post-359","1":"post","2":"type-post","3":"status-publish","4":"format-standard","6":"category-blog"},"aioseo_notices":[],"_links":{"self":[{"href":"https:\/\/gazeta-lipjani.info\/index.php\/wp-json\/wp\/v2\/posts\/359","targetHints":{"allow":["GET"]}}],"collection":[{"href":"https:\/\/gazeta-lipjani.info\/index.php\/wp-json\/wp\/v2\/posts"}],"about":[{"href":"https:\/\/gazeta-lipjani.info\/index.php\/wp-json\/wp\/v2\/types\/post"}],"author":[{"embeddable":true,"href":"https:\/\/gazeta-lipjani.info\/index.php\/wp-json\/wp\/v2\/users\/2"}],"replies":[{"embeddable":true,"href":"https:\/\/gazeta-lipjani.info\/index.php\/wp-json\/wp\/v2\/comments?post=359"}],"version-history":[{"count":1,"href":"https:\/\/gazeta-lipjani.info\/index.php\/wp-json\/wp\/v2\/posts\/359\/revisions"}],"predecessor-version":[{"id":816,"href":"https:\/\/gazeta-lipjani.info\/index.php\/wp-json\/wp\/v2\/posts\/359\/revisions\/816"}],"wp:attachment":[{"href":"https:\/\/gazeta-lipjani.info\/index.php\/wp-json\/wp\/v2\/media?parent=359"}],"wp:term":[{"taxonomy":"category","embeddable":true,"href":"https:\/\/gazeta-lipjani.info\/index.php\/wp-json\/wp\/v2\/categories?post=359"},{"taxonomy":"post_tag","embeddable":true,"href":"https:\/\/gazeta-lipjani.info\/index.php\/wp-json\/wp\/v2\/tags?post=359"}],"curies":[{"name":"wp","href":"https:\/\/api.w.org\/{rel}","templated":true}]}}