{"id":366,"date":"2024-03-02T12:47:08","date_gmt":"2024-03-02T11:47:08","guid":{"rendered":"https:\/\/gazeta-lipjani.info\/?p=366"},"modified":"2024-03-04T14:36:32","modified_gmt":"2024-03-04T13:36:32","slug":"babai-i-nxenesit-sulmon-drejtorin-e-shkolles-fillore-ne-ribar-te-lipjanit-pas-denoncimit-ne-polici","status":"publish","type":"post","link":"https:\/\/gazeta-lipjani.info\/index.php\/2024\/03\/02\/babai-i-nxenesit-sulmon-drejtorin-e-shkolles-fillore-ne-ribar-te-lipjanit-pas-denoncimit-ne-polici\/","title":{"rendered":"Babai i nx\u00ebn\u00ebsit sulmon drejtorin e shkoll\u00ebs fillore n\u00eb Ribar t\u00eb Lipjanit pas denoncimit n\u00eb Polici"},"content":{"rendered":"\n<p><\/p>\n\n\n\n<h2 class=\"wp-block-heading\"><\/h2>\n\n\n\n<p><a href=\"https:\/\/www.facebook.com\/sharer\/sharer.php?u=https:\/\/sinjali.com\/sulmohet-drejtori-i-shkolles-fillore-ne-ribar-te-lipjanit-nga-babai-i-nxenesit-qe-e-denoncoi-ne-polici\" target=\"_blank\" rel=\"noreferrer noopener\"><\/a><a href=\"https:\/\/sinjali.com\/sulmohet-drejtori-i-shkolles-fillore-ne-ribar-te-lipjanit-nga-babai-i-nxenesit-qe-e-denoncoi-ne-polici\/?fbclid=IwAR3P2645RI7Ejw2ytyRcFXhtfDphOQf-V6wnXx7LS-CfGaLyucS61QG2vY4_aem_ARa3V11Exrk9w0AR60aqzC1diynHB6nw_7UzTVo-seHn9ikGS2i5pIvfM5E82WtEUUQ#\"><\/a><\/p>\n\n\n\n<hr class=\"wp-block-separator has-alpha-channel-opacity\" \/>\n\n\n\n<p><strong>Incidentet n\u00eb institucionet arsimore n\u00eb vendin ton\u00eb nuk jan\u00eb edhe fort t\u00eb rralla dhe n\u00eb shumic\u00ebn e k\u00ebtyre rasteve t\u00eb p\u00ebrfshir\u00eb jan\u00eb nx\u00ebn\u00ebsit. Nj\u00eb rast i till\u00eb q\u00eb dyshohet se ndodhi dje n\u00eb nj\u00eb shkoll\u00eb n\u00eb Lipjan eskaloi edhe n\u00eb sulm ndaj drejtorit. Dy persona p\u00ebrfunduan n\u00eb Polici si t\u00eb dyshuar p\u00ebr rastin<\/strong>.<\/p>\n\n\n\n<p>Si\u00e7 merr vesh redaksia, rasti ka ndodhur n\u00eb shkoll\u00ebn fillore \u201cKadri Beba\u201d n\u00eb fshatin Ribar i Madh n\u00eb Lipjan, ku fillimisht nj\u00eb nx\u00ebn\u00ebs dyshohet se e kishte sulmuar nj\u00eb nx\u00ebn\u00ebse tjet\u00ebr.<\/p>\n\n\n\n<p>Denoncimi i rastit n\u00eb Polici nga drejtori i shkoll\u00ebs, Nehat T\u00ebrpeza i kushtoi atij, pasi babai i nx\u00ebn\u00ebsit t\u00eb dyshuar, shkoi t\u00eb k\u00ebrkonte llogari n\u00eb zyr\u00ebn e tij.<\/p>\n\n\n\n<p>N\u00eb baz\u00eb t\u00eb informacioneve t\u00eb para, i dyshuari e ka sulmuar fizikisht drejtorin e shkoll\u00ebs n\u00eb shenj\u00eb revolte p\u00ebr lajm\u00ebrimin e rastit ku ishte p\u00ebrfshir\u00eb i biri, ndaj t\u00eb cilit ishte hapur rasti.<\/p>\n\n\n\n<p>Edhe p\u00ebr incidentin e dyt\u00eb \u00ebsht\u00eb v\u00ebn\u00eb n\u00eb dijeni Policia dhe si rezultat i dyshuari \u00ebsht\u00eb arrestuar dhe shoq\u00ebruar n\u00eb stacion policor p\u00ebr intervistim.<\/p>\n\n\n\n<p>Ndaj tij, Prokurori i Shtetit ka urdh\u00ebruar mas\u00ebn e ndalimit policor dhe inicimdrejtim t\u00eb vepr\u00ebs penale \u201cSulm ndaj personit zyrtar\u201d.<\/p>\n","protected":false},"excerpt":{"rendered":"<p>Incidentet n\u00eb institucionet arsimore n\u00eb vendin ton\u00eb nuk jan\u00eb edhe fort t\u00eb rralla dhe n\u00eb shumic\u00ebn e k\u00ebtyre rasteve t\u00eb p\u00ebrfshir\u00eb jan\u00eb nx\u00ebn\u00ebsit. Nj\u00eb rast i till\u00eb q\u00eb dyshohet se ndodhi dje n\u00eb nj\u00eb shkoll\u00eb n\u00eb Lipjan eskaloi edhe n\u00eb sulm ndaj drejtorit. Dy persona p\u00ebrfunduan n\u00eb Polici si t\u00eb dyshuar p\u00ebr rastin. Si\u00e7 merr [&hellip;]<\/p>\n","protected":false},"author":2,"featured_media":367,"comment_status":"open","ping_status":"open","sticky":false,"template":"","format":"standard","meta":{"footnotes":""},"categories":[30],"tags":[],"class_list":{"0":"post-366","1":"post","2":"type-post","3":"status-publish","4":"format-standard","5":"has-post-thumbnail","7":"category-lipjani"},"aioseo_notices":[],"_links":{"self":[{"href":"https:\/\/gazeta-lipjani.info\/index.php\/wp-json\/wp\/v2\/posts\/366","targetHints":{"allow":["GET"]}}],"collection":[{"href":"https:\/\/gazeta-lipjani.info\/index.php\/wp-json\/wp\/v2\/posts"}],"about":[{"href":"https:\/\/gazeta-lipjani.info\/index.php\/wp-json\/wp\/v2\/types\/post"}],"author":[{"embeddable":true,"href":"https:\/\/gazeta-lipjani.info\/index.php\/wp-json\/wp\/v2\/users\/2"}],"replies":[{"embeddable":true,"href":"https:\/\/gazeta-lipjani.info\/index.php\/wp-json\/wp\/v2\/comments?post=366"}],"version-history":[{"count":2,"href":"https:\/\/gazeta-lipjani.info\/index.php\/wp-json\/wp\/v2\/posts\/366\/revisions"}],"predecessor-version":[{"id":369,"href":"https:\/\/gazeta-lipjani.info\/index.php\/wp-json\/wp\/v2\/posts\/366\/revisions\/369"}],"wp:featuredmedia":[{"embeddable":true,"href":"https:\/\/gazeta-lipjani.info\/index.php\/wp-json\/wp\/v2\/media\/367"}],"wp:attachment":[{"href":"https:\/\/gazeta-lipjani.info\/index.php\/wp-json\/wp\/v2\/media?parent=366"}],"wp:term":[{"taxonomy":"category","embeddable":true,"href":"https:\/\/gazeta-lipjani.info\/index.php\/wp-json\/wp\/v2\/categories?post=366"},{"taxonomy":"post_tag","embeddable":true,"href":"https:\/\/gazeta-lipjani.info\/index.php\/wp-json\/wp\/v2\/tags?post=366"}],"curies":[{"name":"wp","href":"https:\/\/api.w.org\/{rel}","templated":true}]}}