{"id":39,"date":"2024-02-08T23:02:54","date_gmt":"2024-02-08T22:02:54","guid":{"rendered":"https:\/\/gazeta-lipjani.info\/?p=39"},"modified":"2024-02-08T23:02:54","modified_gmt":"2024-02-08T22:02:54","slug":"a-do-te-behej-presidenti-i-ardhshem-i-uefa-s-ja-si-pergjigjet-armand-duka-edhe-une-si-futbollistet","status":"publish","type":"post","link":"https:\/\/gazeta-lipjani.info\/index.php\/2024\/02\/08\/a-do-te-behej-presidenti-i-ardhshem-i-uefa-s-ja-si-pergjigjet-armand-duka-edhe-une-si-futbollistet\/","title":{"rendered":"A do t\u00eb b\u00ebhej presidenti i ardhsh\u00ebm i UEFA-s? Ja si p\u00ebrgjigjet Armand Duka: Edhe un\u00eb, si futbollist\u00ebt\u2026"},"content":{"rendered":"\n<p><strong>N\u00eb shortin e hedhur n\u00eb Paris p\u00ebr edicionin e kat\u00ebrt t\u00eb Lig\u00ebs s\u00eb Kombeve, i pranish\u00ebm ishte dhe presidenti i Federat\u00ebs Shqiptare t\u00eb Futbollit, Armand Duka.<\/strong><\/p>\n\n\n\n<p>N\u00eb prononcimin e b\u00ebr\u00eb p\u00ebr \u201cSuper Sport\u201d, Duka u pyet dhe p\u00ebr rolin e presidnetit t\u00eb UEFA-s\u00eb, nga i cili Aleksander \u00c7eferin nuk do t\u00eb rikandidoj\u00eb m\u00eb pas k\u00ebtij mandati.<\/p>\n\n\n\n<p>\u201cNuk e prisja k\u00ebt\u00eb pyetje. Nuk \u00ebsht\u00eb nj\u00eb lajm q\u00eb m\u00eb g\u00ebzoi, q\u00eb presidenti ka vendosur t\u00eb mos rikandidoj\u00eb. Ishte nj\u00eb vendim personal. Asgj\u00eb nuk e pengonte t\u00eb vazhdonte. Por edhe un\u00eb, si futbollist\u00ebt, dua t\u00eb p\u00ebrqendrohem n\u00eb Europian\u201d, u shpreh Duka.<\/p>\n","protected":false},"excerpt":{"rendered":"<p>N\u00eb shortin e hedhur n\u00eb Paris p\u00ebr edicionin e kat\u00ebrt t\u00eb Lig\u00ebs s\u00eb Kombeve, i pranish\u00ebm ishte dhe presidenti i Federat\u00ebs Shqiptare t\u00eb Futbollit, Armand Duka. N\u00eb prononcimin e b\u00ebr\u00eb p\u00ebr \u201cSuper Sport\u201d, Duka u pyet dhe p\u00ebr rolin e presidnetit t\u00eb UEFA-s\u00eb, nga i cili Aleksander \u00c7eferin nuk do t\u00eb rikandidoj\u00eb m\u00eb pas k\u00ebtij [&hellip;]<\/p>\n","protected":false},"author":2,"featured_media":40,"comment_status":"open","ping_status":"open","sticky":false,"template":"","format":"standard","meta":{"footnotes":""},"categories":[8],"tags":[],"class_list":{"0":"post-39","1":"post","2":"type-post","3":"status-publish","4":"format-standard","5":"has-post-thumbnail","7":"category-sport"},"aioseo_notices":[],"_links":{"self":[{"href":"https:\/\/gazeta-lipjani.info\/index.php\/wp-json\/wp\/v2\/posts\/39","targetHints":{"allow":["GET"]}}],"collection":[{"href":"https:\/\/gazeta-lipjani.info\/index.php\/wp-json\/wp\/v2\/posts"}],"about":[{"href":"https:\/\/gazeta-lipjani.info\/index.php\/wp-json\/wp\/v2\/types\/post"}],"author":[{"embeddable":true,"href":"https:\/\/gazeta-lipjani.info\/index.php\/wp-json\/wp\/v2\/users\/2"}],"replies":[{"embeddable":true,"href":"https:\/\/gazeta-lipjani.info\/index.php\/wp-json\/wp\/v2\/comments?post=39"}],"version-history":[{"count":1,"href":"https:\/\/gazeta-lipjani.info\/index.php\/wp-json\/wp\/v2\/posts\/39\/revisions"}],"predecessor-version":[{"id":41,"href":"https:\/\/gazeta-lipjani.info\/index.php\/wp-json\/wp\/v2\/posts\/39\/revisions\/41"}],"wp:featuredmedia":[{"embeddable":true,"href":"https:\/\/gazeta-lipjani.info\/index.php\/wp-json\/wp\/v2\/media\/40"}],"wp:attachment":[{"href":"https:\/\/gazeta-lipjani.info\/index.php\/wp-json\/wp\/v2\/media?parent=39"}],"wp:term":[{"taxonomy":"category","embeddable":true,"href":"https:\/\/gazeta-lipjani.info\/index.php\/wp-json\/wp\/v2\/categories?post=39"},{"taxonomy":"post_tag","embeddable":true,"href":"https:\/\/gazeta-lipjani.info\/index.php\/wp-json\/wp\/v2\/tags?post=39"}],"curies":[{"name":"wp","href":"https:\/\/api.w.org\/{rel}","templated":true}]}}