{"id":42,"date":"2024-02-08T23:05:05","date_gmt":"2024-02-08T22:05:05","guid":{"rendered":"https:\/\/gazeta-lipjani.info\/?p=42"},"modified":"2024-02-09T02:18:07","modified_gmt":"2024-02-09T01:18:07","slug":"joe-biden-mori-dokumente-te-klasifikuara-raporti-i-prokurorit-te-posacem-nuk-do-te-kete-akuza-penale-ndaj-presidentit","status":"publish","type":"post","link":"https:\/\/gazeta-lipjani.info\/index.php\/2024\/02\/08\/joe-biden-mori-dokumente-te-klasifikuara-raporti-i-prokurorit-te-posacem-nuk-do-te-kete-akuza-penale-ndaj-presidentit\/","title":{"rendered":"\u201cJoe Biden mori dokumente t\u00eb klasifikuara\u201d- Raporti i Prokurorit t\u00eb posa\u00e7\u00ebm: Nuk do t\u00eb ket\u00eb akuza penale ndaj Presidentit"},"content":{"rendered":"\n<p><strong>Presidenti Joe Biden mori me vete dokumente t\u00eb klasifikuara p\u00ebr luft\u00ebn e Shteteve t\u00eb Bashkuara n\u00eb Afganistan dhe p\u00ebr \u00e7\u00ebshtje t\u00eb tjera t\u00eb siguris\u00eb komb\u00ebtare, kur u largua nga detyra e n\u00ebnpresidentit n\u00eb vitin 2017, por ai nuk do t\u00eb p\u00ebrballet me akuza penale, thuhet n\u00eb raportin e prokurorit t\u00eb posa\u00e7\u00ebm t\u00eb qarkulluar t\u00eb enjten.<\/strong><\/p>\n\n\n\n<p>Nd\u00ebr dokumentet ishte nj\u00eb memorandum i shkruar me dor\u00eb nga ish-presidenti Barack Obama n\u00eb vitin 2009 kund\u00ebr shtimit t\u00eb planifikuar t\u00eb forcave n\u00eb Afganistan dhe sh\u00ebnime t\u00eb tjera me shkrim dore nga seancat e informimit me t\u00eb dh\u00ebnat e zbulimit dhe takime t\u00eb tjera t\u00eb siguris\u00eb komb\u00ebtare, thuhet n\u00eb raportin e prokurorit t\u00eb posa\u00e7\u00ebm Robert Hur.<\/p>\n\n\n\n<p>Zoti Biden i tha nj\u00eb shkrimtari q\u00eb po punonte me nj\u00eb lib\u00ebr kujtimesh t\u00eb tij gjat\u00eb nj\u00eb bisede n\u00eb shkurt 2017 n\u00eb sht\u00ebpin\u00eb q\u00eb kishte marr\u00eb me qira n\u00eb Virxhinia, se \u201csapo i kishte gjetur gjith\u00eb gj\u00ebrat e klasifikuara n\u00eb katin posht\u00eb\u201d, thuhet n\u00eb raport. N\u00eb raportin e prokurorit Hur thuhet se kjo bised\u00eb ofron argumentat m\u00eb t\u00eb mira t\u00eb mundshme p\u00ebr ngritje akuzash ndaj zotit Biden.<\/p>\n\n\n\n<p>Por, prokurori Hur identifikon disa arsye p\u00ebrse nuk ngriti akuza ndaj zotit Biden, p\u00ebrfshir\u00eb faktin se v\u00ebrtet dokumentat mund t\u00eb jen\u00eb marr\u00eb gjat\u00eb periudh\u00ebs kur ai ishte n\u00ebnpresident, por se ai e kishte autoritetin p\u00ebr t\u00eb mbajtur dokumente t\u00eb tilla.<\/p>\n\n\n\n<p>Prokurori Hur thot\u00eb se ndaj zotit Biden nuk do t\u00eb ngriheshin akuza edhe n\u00ebse nuk do t\u00eb ekzistonte politika e hershme e Departamentit t\u00eb Drejt\u00ebsis\u00eb p\u00ebr t\u00eb mos ngritur akuza ndaj nj\u00eb presidenti n\u00eb detyr\u00eb.<\/p>\n\n\n\n<p>An\u00ebtar\u00ebt e ekipit ligjor t\u00eb presidentit Biden i gjet\u00ebn dokumentet e klasifikuara n\u00eb zyr\u00ebn e zotit Biden n\u00eb nj\u00eb organizat\u00eb studimore n\u00eb Uashington dhe n\u00eb rezidenc\u00ebn e tij private n\u00eb Uillmington, Dellauer.<\/p>\n\n\n\n<p>Rivali i tij kryesor n\u00eb zgjedhjet e n\u00ebntorit, ish presidenti Donald Trump, p\u00ebrballet me 40 akuza federale p\u00ebr marrjen dhe mbajtjen e paautorizuar t\u00eb dokumenteve tep\u00ebr sekrete t\u00eb siguris\u00eb komb\u00ebtare n\u00eb pron\u00ebn e tij n\u00eb Florida, pas l\u00ebnies s\u00eb detyr\u00ebs n\u00eb vitin 2021, si dhe p\u00ebr pengimin e p\u00ebrpjekjeve t\u00eb qeveris\u00eb amerikane p\u00ebr t\u2019i rimarr\u00eb k\u00ebto dokumenta.<\/p>\n\n\n\n<p>Megjith\u00ebse dy rastet kan\u00eb ngjashm\u00ebri, ato kan\u00eb edhe dallime t\u00eb r\u00ebnd\u00ebsishme.<\/p>\n\n\n\n<p>Sht\u00ebpia e Bardh\u00eb tha se avokat\u00ebt e zotit Biden gjet\u00ebn nj\u00eb num\u00ebr t\u00eb vog\u00ebl dokumentash t\u00eb klasifikuara dhe i dor\u00ebzuan ato m\u00eb pas.<\/p>\n\n\n\n<p>Zoti Trump rezistoi t\u2019i dor\u00ebzonte dokumentat derisa nj\u00eb bastisje e FBI-s\u00eb n\u00eb vitin 2022 gjeti rreth 100 dokumenta t\u00eb klasifikuara, duke ngritur k\u00ebshtu edhe akuzat p\u00ebr pengimin e drejt\u00ebsis\u00eb ndaj zotit Trump dhe dy punonj\u00ebsve n\u00eb rezidenc\u00ebn e tij n\u00eb Mar-a-Lago.<\/p>\n\n\n\n<p>Prokurori i posa\u00e7\u00ebm Hur, i cili sh\u00ebrbente n\u00eb poste t\u00eb larta n\u00eb Departamentin e Drejt\u00ebsis\u00eb gjat\u00eb administrat\u00ebs s\u00eb ish presidentit Trump, u em\u00ebrua n\u00eb k\u00ebt\u00eb detyr\u00eb n\u00eb janar 2023 p\u00ebr t\u00eb drejtuar hetimet.<\/p>\n\n\n\n<p>Prokurori i P\u00ebrgjithsh\u00ebm Merrick Garland, i em\u00ebruar nga presidenti Biden, caktoi zotin Hur n\u00eb krye t\u00eb hetimeve, p\u00ebr t\u2019i dh\u00ebn\u00eb procesit nj\u00eb nivel pavar\u00ebsie nga drejtuesit e Departamentit t\u00eb Drejt\u00ebsis\u00eb.<\/p>\n\n\n\n<p>Hetuesit e prokurorit Hur intervistuan presidentin Biden n\u00eb tetor, n\u00eb kuadrin e procesit hetimor. Sht\u00ebpia e Bardh\u00eb \u00ebsht\u00eb shprehur se presidenti Biden dhe ekipi i tij kan\u00eb bashk\u00ebpunuar me hetimin.<\/p>\n\n\n\n<p>Sipas nj\u00eb politike t\u00eb hershme t\u00eb Departamentit t\u00eb Drejt\u00ebsis\u00eb, ndaj presidentit Biden nuk mund t\u00eb ngrihen akuza penale gjat\u00eb koh\u00ebs q\u00eb \u00ebsht\u00eb n\u00eb detyr\u00eb.<\/p>\n\n\n\n<p>Gjetjet e raportit mund t\u2019i shkaktojn\u00eb v\u00ebshtir\u00ebsi politike zotit Biden, i cili \u00ebsht\u00eb p\u00ebrpjekur t\u00eb theksoj\u00eb kontrastin me zotin Trump p\u00ebr \u00e7\u00ebshtje t\u00eb etik\u00ebs personale dhe t\u00eb siguris\u00eb komb\u00ebtare.<\/p>\n\n\n\n<p>Raporti i zotit Hur dhe vendimi i tij p\u00ebr t\u00eb mos ngritur akuza penale pritet t\u00eb shkaktoj\u00eb akuza p\u00ebr standarte t\u00eb dyfishta nga zoti Trump dhe aleat\u00ebt e tij republikan\u00eb.<\/p>\n\n\n\n<p>Ish presidenti Trump u vet\u00ebdeklarua i pafajsh\u00ebm dhe ka akuzuar prokuror\u00ebt p\u00ebr motive politike. Gjyqi \u00ebsht\u00eb caktuar p\u00ebr n\u00eb muajin maj, por gjasat jan\u00eb q\u00eb t\u00eb shtyhet.\/VOA<\/p>\n","protected":false},"excerpt":{"rendered":"<p>Presidenti Joe Biden mori me vete dokumente t\u00eb klasifikuara p\u00ebr luft\u00ebn e Shteteve t\u00eb Bashkuara n\u00eb Afganistan dhe p\u00ebr \u00e7\u00ebshtje t\u00eb tjera t\u00eb siguris\u00eb komb\u00ebtare, kur u largua nga detyra e n\u00ebnpresidentit n\u00eb vitin 2017, por ai nuk do t\u00eb p\u00ebrballet me akuza penale, thuhet n\u00eb raportin e prokurorit t\u00eb posa\u00e7\u00ebm t\u00eb qarkulluar t\u00eb enjten. [&hellip;]<\/p>\n","protected":false},"author":2,"featured_media":43,"comment_status":"open","ping_status":"open","sticky":false,"template":"","format":"standard","meta":{"footnotes":""},"categories":[7],"tags":[],"class_list":{"0":"post-42","1":"post","2":"type-post","3":"status-publish","4":"format-standard","5":"has-post-thumbnail","7":"category-bota"},"aioseo_notices":[],"_links":{"self":[{"href":"https:\/\/gazeta-lipjani.info\/index.php\/wp-json\/wp\/v2\/posts\/42","targetHints":{"allow":["GET"]}}],"collection":[{"href":"https:\/\/gazeta-lipjani.info\/index.php\/wp-json\/wp\/v2\/posts"}],"about":[{"href":"https:\/\/gazeta-lipjani.info\/index.php\/wp-json\/wp\/v2\/types\/post"}],"author":[{"embeddable":true,"href":"https:\/\/gazeta-lipjani.info\/index.php\/wp-json\/wp\/v2\/users\/2"}],"replies":[{"embeddable":true,"href":"https:\/\/gazeta-lipjani.info\/index.php\/wp-json\/wp\/v2\/comments?post=42"}],"version-history":[{"count":1,"href":"https:\/\/gazeta-lipjani.info\/index.php\/wp-json\/wp\/v2\/posts\/42\/revisions"}],"predecessor-version":[{"id":44,"href":"https:\/\/gazeta-lipjani.info\/index.php\/wp-json\/wp\/v2\/posts\/42\/revisions\/44"}],"wp:featuredmedia":[{"embeddable":true,"href":"https:\/\/gazeta-lipjani.info\/index.php\/wp-json\/wp\/v2\/media\/43"}],"wp:attachment":[{"href":"https:\/\/gazeta-lipjani.info\/index.php\/wp-json\/wp\/v2\/media?parent=42"}],"wp:term":[{"taxonomy":"category","embeddable":true,"href":"https:\/\/gazeta-lipjani.info\/index.php\/wp-json\/wp\/v2\/categories?post=42"},{"taxonomy":"post_tag","embeddable":true,"href":"https:\/\/gazeta-lipjani.info\/index.php\/wp-json\/wp\/v2\/tags?post=42"}],"curies":[{"name":"wp","href":"https:\/\/api.w.org\/{rel}","templated":true}]}}