{"id":423,"date":"2024-03-21T17:34:07","date_gmt":"2024-03-21T16:34:07","guid":{"rendered":"https:\/\/gazeta-lipjani.info\/?p=423"},"modified":"2024-11-08T13:39:34","modified_gmt":"2024-11-08T12:39:34","slug":"nje-person-dergohet-pa-shenja-jete-ne-emergjencen-e-lipjanit-policia-nis-hetimet","status":"publish","type":"post","link":"https:\/\/gazeta-lipjani.info\/index.php\/2024\/03\/21\/nje-person-dergohet-pa-shenja-jete-ne-emergjencen-e-lipjanit-policia-nis-hetimet\/","title":{"rendered":"Nj\u00eb person d\u00ebrgohet pa shenja jete n\u00eb Emergjenc\u00ebn e Lipjanit, Policia nis hetimet"},"content":{"rendered":"\n<p>Nj\u00eb ngjarje e r\u00ebnd\u00eb ka ndodhur dje pasdite n\u00eb fshatin Smallush\u00eb t\u00eb Lipjanit, ku nj\u00eb person ka humbur jet\u00ebn n\u00eb rrethana ende t\u00eb pasqaruara.<\/p>\n\n\n\n<p>Rastin e ka konfirmuar Policia e Kosov\u00ebs, t\u00eb cil\u00ebt kan\u00eb b\u00ebr\u00eb me dije se viktima mashkull \u00ebsht\u00eb d\u00ebrguar pa shenja jete nga familjar\u00ebt n\u00eb Emergjenc\u00ebn e Qendr\u00ebs Kryesore t\u00eb Mjek\u00ebsis\u00eb Familjare n\u00eb Lipjan. \u201cRaportohet se nga familjar\u00ebt, viktima mashkull kosovar \u00ebsht\u00eb sjell n\u00eb emergjenc\u00ebn e Lipjanit, ku nga mjeku kujdestar \u00ebsht\u00eb konstatuar vdekja e viktim\u00ebs\u201d, thuhet n\u00eb njoftim.<\/p>\n\n\n\n<p>Me vendim t\u00eb prokurorit, trupi i pajet\u00eb \u00ebsht\u00eb d\u00ebrguar n\u00eb Institutin e Mjek\u00ebsis\u00eb Ligjore p\u00ebr obduksion, nd\u00ebrsa rasti \u00ebsht\u00eb cil\u00ebsuar \u2018Hetim i vdekjes\u2019.<\/p>\n","protected":false},"excerpt":{"rendered":"<p>Nj\u00eb ngjarje e r\u00ebnd\u00eb ka ndodhur dje pasdite n\u00eb fshatin Smallush\u00eb t\u00eb Lipjanit, ku nj\u00eb person ka humbur jet\u00ebn n\u00eb rrethana ende t\u00eb pasqaruara. Rastin e ka konfirmuar Policia e Kosov\u00ebs, t\u00eb cil\u00ebt kan\u00eb b\u00ebr\u00eb me dije se viktima mashkull \u00ebsht\u00eb d\u00ebrguar pa shenja jete nga familjar\u00ebt n\u00eb Emergjenc\u00ebn e Qendr\u00ebs Kryesore t\u00eb Mjek\u00ebsis\u00eb Familjare [&hellip;]<\/p>\n","protected":false},"author":2,"featured_media":226,"comment_status":"open","ping_status":"open","sticky":false,"template":"","format":"standard","meta":{"footnotes":""},"categories":[30],"tags":[],"class_list":{"0":"post-423","1":"post","2":"type-post","3":"status-publish","4":"format-standard","5":"has-post-thumbnail","7":"category-lipjani"},"aioseo_notices":[],"_links":{"self":[{"href":"https:\/\/gazeta-lipjani.info\/index.php\/wp-json\/wp\/v2\/posts\/423","targetHints":{"allow":["GET"]}}],"collection":[{"href":"https:\/\/gazeta-lipjani.info\/index.php\/wp-json\/wp\/v2\/posts"}],"about":[{"href":"https:\/\/gazeta-lipjani.info\/index.php\/wp-json\/wp\/v2\/types\/post"}],"author":[{"embeddable":true,"href":"https:\/\/gazeta-lipjani.info\/index.php\/wp-json\/wp\/v2\/users\/2"}],"replies":[{"embeddable":true,"href":"https:\/\/gazeta-lipjani.info\/index.php\/wp-json\/wp\/v2\/comments?post=423"}],"version-history":[{"count":1,"href":"https:\/\/gazeta-lipjani.info\/index.php\/wp-json\/wp\/v2\/posts\/423\/revisions"}],"predecessor-version":[{"id":424,"href":"https:\/\/gazeta-lipjani.info\/index.php\/wp-json\/wp\/v2\/posts\/423\/revisions\/424"}],"wp:featuredmedia":[{"embeddable":true,"href":"https:\/\/gazeta-lipjani.info\/index.php\/wp-json\/wp\/v2\/media\/226"}],"wp:attachment":[{"href":"https:\/\/gazeta-lipjani.info\/index.php\/wp-json\/wp\/v2\/media?parent=423"}],"wp:term":[{"taxonomy":"category","embeddable":true,"href":"https:\/\/gazeta-lipjani.info\/index.php\/wp-json\/wp\/v2\/categories?post=423"},{"taxonomy":"post_tag","embeddable":true,"href":"https:\/\/gazeta-lipjani.info\/index.php\/wp-json\/wp\/v2\/tags?post=423"}],"curies":[{"name":"wp","href":"https:\/\/api.w.org\/{rel}","templated":true}]}}