{"id":433,"date":"2024-03-27T17:36:01","date_gmt":"2024-03-27T16:36:01","guid":{"rendered":"https:\/\/gazeta-lipjani.info\/?p=433"},"modified":"2024-11-08T13:39:59","modified_gmt":"2024-11-08T12:39:59","slug":"kosova-perpara-hapit-te-rendesishem-drejt-anetaresimit-ne-keshillin-e-evropes","status":"publish","type":"post","link":"https:\/\/gazeta-lipjani.info\/index.php\/2024\/03\/27\/kosova-perpara-hapit-te-rendesishem-drejt-anetaresimit-ne-keshillin-e-evropes\/","title":{"rendered":"Kosova p\u00ebrpara Hapit t\u00eb R\u00ebnd\u00ebsish\u00ebm drejt An\u00ebtar\u00ebsimit n\u00eb K\u00ebshillin e Evrop\u00ebs"},"content":{"rendered":"\n<p>Kosova ka arritur nj\u00eb sukses t\u00eb shk\u00eblqyesh\u00ebm n\u00eb rrug\u00ebn e saj drejt an\u00ebtar\u00ebsimit n\u00eb K\u00ebshillin e Evrop\u00ebs, duke marr\u00eb rekomandimin p\u00ebr t\u00eb ftohur p\u00ebr t\u00eb b\u00ebr\u00eb an\u00ebtar\u00eb t\u00eb k\u00ebtij forumi t\u00eb r\u00ebnd\u00ebsish\u00ebm, sipas njoftimit t\u00eb fundit nga Gazeta Lipjani.info.<\/p>\n\n\n\n<p>Asambleja Parlamentare e K\u00ebshillit t\u00eb Evrop\u00ebs ka b\u00ebr\u00eb t\u00eb ditur se hapi tjet\u00ebr n\u00eb k\u00ebt\u00eb proces do t\u00eb jet\u00eb nj\u00eb debat plenar, i cili pritet t\u00eb mbahet deri m\u00eb 18 prill. Pas k\u00ebsaj, pritet q\u00eb t\u00eb zhvillohet nj\u00eb votim nga e gjith\u00eb Asambleja p\u00ebr Opinionin statuto, nj\u00eb hap ky i r\u00ebnd\u00ebsish\u00ebm p\u00ebr t\u00eb cilin Kosova ka punuar me vendosm\u00ebri dhe p\u00ebrkushtim.<\/p>\n\n\n\n<p>Me k\u00ebt\u00eb hap t\u00eb ri, Kosova b\u00ebn nj\u00eb tjet\u00ebr hapi t\u00eb r\u00ebnd\u00ebsish\u00ebm drejt pavar\u00ebsis\u00eb s\u00eb saj n\u00eb sken\u00ebn nd\u00ebrkomb\u00ebtare dhe rritjes s\u00eb roli t\u00eb saj n\u00eb kontekstin evropian. Ky sukses paraqet nj\u00eb mund\u00ebsi t\u00eb madhe p\u00ebr Kosov\u00ebn p\u00ebr t\u00eb p\u00ebrfituar nga p\u00ebrvoja dhe standardet e K\u00ebshillit t\u00eb Evrop\u00ebs n\u00eb drejtim t\u00eb zhvillimit t\u00eb saj t\u00eb q\u00ebndruesh\u00ebm dhe t\u00eb integruar n\u00eb bashk\u00ebsin\u00eb evropiane.<\/p>\n\n\n\n<p>N\u00eb k\u00ebt\u00eb kontekst, \u00ebsht\u00eb e r\u00ebnd\u00ebsishme q\u00eb Kosova t\u00eb vazhdoj\u00eb angazhimin e saj n\u00eb reforma dhe t\u00eb p\u00ebrforcoj\u00eb kapacitetet e saj n\u00eb t\u00eb gjitha sferat q\u00eb lidhen me kriteret dhe parimet e K\u00ebshillit t\u00eb Evrop\u00ebs. Kjo do t\u00eb ndihmoj\u00eb n\u00eb p\u00ebrshpejtimin e procesit t\u00eb an\u00ebtar\u00ebsimit dhe n\u00eb p\u00ebrmbushjen e detyrimeve t\u00eb saj si an\u00ebtare e mundshme e k\u00ebtij forumi t\u00eb r\u00ebnd\u00ebsish\u00ebm evropian.<\/p>\n\n\n\n<p>Me p\u00ebrmbajtjen e rekomandimit p\u00ebr t\u00eb ftohur Kosov\u00ebn p\u00ebr t\u00eb b\u00ebr\u00eb an\u00ebtare t\u00eb K\u00ebshillit t\u00eb Evrop\u00ebs, nj\u00eb hap i r\u00ebnd\u00ebsish\u00ebm \u00ebsht\u00eb b\u00ebr\u00eb p\u00ebr t\u00eb avancuar paqe, stabilitet dhe zhvillim n\u00eb rajonin e Ballkanit Per\u00ebndimor. Kosova, duke qen\u00eb e vendosur n\u00eb rrug\u00ebn e saj drejt an\u00ebtar\u00ebsimit, po konfirmon p\u00ebrkushtimin e saj p\u00ebr vlerat e demokracis\u00eb, shtetit t\u00eb s\u00eb drejt\u00ebs dhe bashk\u00ebpunimit rajonal n\u00eb Evrop\u00eb.<\/p>\n\n\n\n<p>Ky moment sh\u00ebnon nj\u00eb hap t\u00eb madh drejt nj\u00eb t\u00eb ardhme m\u00eb t\u00eb ndritshme p\u00ebr Kosov\u00ebn dhe p\u00ebr rajonin e gjer\u00eb, duke thelluar bashk\u00ebpunimin dhe integrimin evropian p\u00ebr p\u00ebrfitimin e t\u00eb gjith\u00eb qytetar\u00ebve.<\/p>\n","protected":false},"excerpt":{"rendered":"<p>Kosova ka arritur nj\u00eb sukses t\u00eb shk\u00eblqyesh\u00ebm n\u00eb rrug\u00ebn e saj drejt an\u00ebtar\u00ebsimit n\u00eb K\u00ebshillin e Evrop\u00ebs, duke marr\u00eb rekomandimin p\u00ebr t\u00eb ftohur p\u00ebr t\u00eb b\u00ebr\u00eb an\u00ebtar\u00eb t\u00eb k\u00ebtij forumi t\u00eb r\u00ebnd\u00ebsish\u00ebm, sipas njoftimit t\u00eb fundit nga Gazeta Lipjani.info. Asambleja Parlamentare e K\u00ebshillit t\u00eb Evrop\u00ebs ka b\u00ebr\u00eb t\u00eb ditur se hapi tjet\u00ebr n\u00eb k\u00ebt\u00eb proces [&hellip;]<\/p>\n","protected":false},"author":2,"featured_media":434,"comment_status":"open","ping_status":"open","sticky":false,"template":"","format":"standard","meta":{"footnotes":""},"categories":[12],"tags":[],"class_list":{"0":"post-433","1":"post","2":"type-post","3":"status-publish","4":"format-standard","5":"has-post-thumbnail","7":"category-kosova"},"aioseo_notices":[],"_links":{"self":[{"href":"https:\/\/gazeta-lipjani.info\/index.php\/wp-json\/wp\/v2\/posts\/433","targetHints":{"allow":["GET"]}}],"collection":[{"href":"https:\/\/gazeta-lipjani.info\/index.php\/wp-json\/wp\/v2\/posts"}],"about":[{"href":"https:\/\/gazeta-lipjani.info\/index.php\/wp-json\/wp\/v2\/types\/post"}],"author":[{"embeddable":true,"href":"https:\/\/gazeta-lipjani.info\/index.php\/wp-json\/wp\/v2\/users\/2"}],"replies":[{"embeddable":true,"href":"https:\/\/gazeta-lipjani.info\/index.php\/wp-json\/wp\/v2\/comments?post=433"}],"version-history":[{"count":1,"href":"https:\/\/gazeta-lipjani.info\/index.php\/wp-json\/wp\/v2\/posts\/433\/revisions"}],"predecessor-version":[{"id":435,"href":"https:\/\/gazeta-lipjani.info\/index.php\/wp-json\/wp\/v2\/posts\/433\/revisions\/435"}],"wp:featuredmedia":[{"embeddable":true,"href":"https:\/\/gazeta-lipjani.info\/index.php\/wp-json\/wp\/v2\/media\/434"}],"wp:attachment":[{"href":"https:\/\/gazeta-lipjani.info\/index.php\/wp-json\/wp\/v2\/media?parent=433"}],"wp:term":[{"taxonomy":"category","embeddable":true,"href":"https:\/\/gazeta-lipjani.info\/index.php\/wp-json\/wp\/v2\/categories?post=433"},{"taxonomy":"post_tag","embeddable":true,"href":"https:\/\/gazeta-lipjani.info\/index.php\/wp-json\/wp\/v2\/tags?post=433"}],"curies":[{"name":"wp","href":"https:\/\/api.w.org\/{rel}","templated":true}]}}