{"id":436,"date":"2024-03-27T17:43:12","date_gmt":"2024-03-27T16:43:12","guid":{"rendered":"https:\/\/gazeta-lipjani.info\/?p=436"},"modified":"2024-11-08T13:40:15","modified_gmt":"2024-11-08T12:40:15","slug":"donika-gervalla-shwarz-misioni-i-drejtimit-te-kosoves-drejt-keshillit-te-evropes","status":"publish","type":"post","link":"https:\/\/gazeta-lipjani.info\/index.php\/2024\/03\/27\/donika-gervalla-shwarz-misioni-i-drejtimit-te-kosoves-drejt-keshillit-te-evropes\/","title":{"rendered":"Donika G\u00ebrvalla-Shwarz: Misioni i Drejtimit t\u00eb Kosov\u00ebs Drejt K\u00ebshillit t\u00eb Evrop\u00ebs"},"content":{"rendered":"\n<p>N\u00eb nj\u00eb hap t\u00eb r\u00ebnd\u00ebsish\u00ebm p\u00ebrpara, Kosova ka arritur nj\u00eb sukses t\u00eb r\u00ebnd\u00ebsish\u00ebm n\u00eb rrug\u00ebn drejt an\u00ebtar\u00ebsimit t\u00eb plot\u00eb n\u00eb K\u00ebshillin e Evrop\u00ebs. Pas nj\u00eb votimi t\u00eb favorsh\u00ebm n\u00eb Komitetin e Asambles\u00eb Parlamentare t\u00eb K\u00ebshillit t\u00eb Evrop\u00ebs, rekomandimi p\u00ebr an\u00ebtar\u00ebsim pa kushte shtes\u00eb \u00ebsht\u00eb miratuar me shumic\u00eb mbres\u00ebl\u00ebn\u00ebse votash. Kjo sjell nj\u00eb momentum pozitiv p\u00ebr Kosov\u00ebn n\u00eb rrug\u00ebn e integrimit evropian.<\/p>\n\n\n\n<p>Ministrja e Pun\u00ebve t\u00eb Jashtme dhe Diaspor\u00ebs, Donika G\u00ebrvalla-Schwarz, ka reaguar me entuziaz\u00ebm ndaj k\u00ebtij suksesi, duke e vler\u00ebsuar at\u00eb si rezultat t\u00eb p\u00ebrpjekjeve t\u00eb palodhura t\u00eb institucioneve t\u00eb Kosov\u00ebs dhe mb\u00ebshtetjes s\u00eb fuqishme nga miqt\u00eb e saj nd\u00ebrkomb\u00ebtar\u00eb. Ajo ka theksuar gatishm\u00ebrin\u00eb dhe p\u00ebrgatitjen e Kosov\u00ebs p\u00ebr t\u00eb b\u00ebr\u00eb pjes\u00eb n\u00eb K\u00ebshillin e Evrop\u00ebs, si dhe d\u00ebshir\u00ebn p\u00ebr nj\u00eb proces sa m\u00eb t\u00eb shpejt\u00eb t\u00eb an\u00ebtar\u00ebsimit.<\/p>\n\n\n\n<p>N\u00eb k\u00ebt\u00eb kontekst, nj\u00eb nga k\u00ebrkesat kryesore \u00ebsht\u00eb largimi i fusnot\u00ebs q\u00eb ka p\u00ebrdorur K\u00ebshilli i Evrop\u00ebs p\u00ebr t\u00eb p\u00ebrmendur Kosov\u00ebn q\u00eb nga viti 2008. G\u00ebrvalla-Schwarz e vler\u00ebson si nj\u00eb hap t\u00eb r\u00ebnd\u00ebsish\u00ebm p\u00ebr trajtimin e Kosov\u00ebs si shtet t\u00eb barabart\u00eb me t\u00eb gjitha shtetet e tjera n\u00eb K\u00ebshillin e Evrop\u00ebs.<\/p>\n\n\n\n<p>Ky sukses sh\u00ebnon nj\u00eb moment vendimtar p\u00ebr Kosov\u00ebn n\u00eb rrug\u00ebn drejt integrimit evropian. Nd\u00ebrsa vendi vazhdon pun\u00ebn drejt plot\u00ebsimit t\u00eb kritereve dhe standardeve evropiane, ky hap tregon se Kosova \u00ebsht\u00eb n\u00eb rrug\u00ebn e duhur drejt an\u00ebtar\u00ebsimit n\u00eb nj\u00ebrin nga organizmat m\u00eb t\u00eb r\u00ebnd\u00ebsish\u00ebm evropian.<\/p>\n","protected":false},"excerpt":{"rendered":"<p>N\u00eb nj\u00eb hap t\u00eb r\u00ebnd\u00ebsish\u00ebm p\u00ebrpara, Kosova ka arritur nj\u00eb sukses t\u00eb r\u00ebnd\u00ebsish\u00ebm n\u00eb rrug\u00ebn drejt an\u00ebtar\u00ebsimit t\u00eb plot\u00eb n\u00eb K\u00ebshillin e Evrop\u00ebs. Pas nj\u00eb votimi t\u00eb favorsh\u00ebm n\u00eb Komitetin e Asambles\u00eb Parlamentare t\u00eb K\u00ebshillit t\u00eb Evrop\u00ebs, rekomandimi p\u00ebr an\u00ebtar\u00ebsim pa kushte shtes\u00eb \u00ebsht\u00eb miratuar me shumic\u00eb mbres\u00ebl\u00ebn\u00ebse votash. Kjo sjell nj\u00eb momentum pozitiv p\u00ebr [&hellip;]<\/p>\n","protected":false},"author":2,"featured_media":438,"comment_status":"open","ping_status":"open","sticky":false,"template":"","format":"standard","meta":{"footnotes":""},"categories":[12],"tags":[],"class_list":{"0":"post-436","1":"post","2":"type-post","3":"status-publish","4":"format-standard","5":"has-post-thumbnail","7":"category-kosova"},"aioseo_notices":[],"_links":{"self":[{"href":"https:\/\/gazeta-lipjani.info\/index.php\/wp-json\/wp\/v2\/posts\/436","targetHints":{"allow":["GET"]}}],"collection":[{"href":"https:\/\/gazeta-lipjani.info\/index.php\/wp-json\/wp\/v2\/posts"}],"about":[{"href":"https:\/\/gazeta-lipjani.info\/index.php\/wp-json\/wp\/v2\/types\/post"}],"author":[{"embeddable":true,"href":"https:\/\/gazeta-lipjani.info\/index.php\/wp-json\/wp\/v2\/users\/2"}],"replies":[{"embeddable":true,"href":"https:\/\/gazeta-lipjani.info\/index.php\/wp-json\/wp\/v2\/comments?post=436"}],"version-history":[{"count":1,"href":"https:\/\/gazeta-lipjani.info\/index.php\/wp-json\/wp\/v2\/posts\/436\/revisions"}],"predecessor-version":[{"id":439,"href":"https:\/\/gazeta-lipjani.info\/index.php\/wp-json\/wp\/v2\/posts\/436\/revisions\/439"}],"wp:featuredmedia":[{"embeddable":true,"href":"https:\/\/gazeta-lipjani.info\/index.php\/wp-json\/wp\/v2\/media\/438"}],"wp:attachment":[{"href":"https:\/\/gazeta-lipjani.info\/index.php\/wp-json\/wp\/v2\/media?parent=436"}],"wp:term":[{"taxonomy":"category","embeddable":true,"href":"https:\/\/gazeta-lipjani.info\/index.php\/wp-json\/wp\/v2\/categories?post=436"},{"taxonomy":"post_tag","embeddable":true,"href":"https:\/\/gazeta-lipjani.info\/index.php\/wp-json\/wp\/v2\/tags?post=436"}],"curies":[{"name":"wp","href":"https:\/\/api.w.org\/{rel}","templated":true}]}}