{"id":449,"date":"2024-04-22T14:25:39","date_gmt":"2024-04-22T12:25:39","guid":{"rendered":"https:\/\/gazeta-lipjani.info\/?p=449"},"modified":"2024-11-08T13:41:04","modified_gmt":"2024-11-08T12:41:04","slug":"rinia-e-lipjanit-shenon-diten-e-tokes-me-aktivitetin-e-ngjyrosjes-se-ulesve-ne-parkun-e-qytetit-organizuar-nga-yahr","status":"publish","type":"post","link":"https:\/\/gazeta-lipjani.info\/index.php\/2024\/04\/22\/rinia-e-lipjanit-shenon-diten-e-tokes-me-aktivitetin-e-ngjyrosjes-se-ulesve-ne-parkun-e-qytetit-organizuar-nga-yahr\/","title":{"rendered":"Rinia e Lipjanit sh\u00ebnon dit\u00ebn e tok\u00ebs me aktivitetin e ngjyrosjes s\u00eb ul\u00ebsve n\u00eb parkun e qytetit, organizuar nga YAHR"},"content":{"rendered":"\n<p>Lipjan,22 prill 2024: N\u00eb nj\u00eb nism\u00eb t\u00eb drejtuar nga Organizata Joqeveritare YAHR, rinia e Lipjanit u bashkua sot n\u00eb Parkun e Qytetit p\u00ebr t\u00eb sh\u00ebnuar Dit\u00ebn e Tok\u00ebs n\u00eb nj\u00eb m\u00ebnyr\u00eb t\u00eb ve\u00e7ant\u00eb &#8211; me nj\u00eb aktivitet ngjyrosjeje t\u00eb ul\u00ebsve.<\/p>\n\n\n\n<p>Pjes\u00ebmarrja e gjer\u00eb dhe angazhimi i ndjesh\u00ebm i t\u00eb rinjve u shfaq n\u00eb \u00e7do hap t\u00eb aktivitetit, ku secili person kontribuoi n\u00eb krijimin e nj\u00eb ambienti m\u00eb t\u00eb bukur dhe m\u00eb t\u00eb gjelb\u00ebr p\u00ebr t\u00eb gjith\u00eb. Me grimca, letrushka dhe ngjyra t\u00eb tjera, t\u00eb rinjt\u00eb e OJQ YAHR dhe komuniteti i gjer\u00eb krijuan vepra t\u00eb v\u00ebrteta arti n\u00ebp\u00ebrmjet ngjyrave dhe imazheve t\u00eb tyre kreative.<\/p>\n\n\n\n<p>N\u00eb nj\u00eb deklarat\u00eb p\u00ebr media, p\u00ebrfaq\u00ebsuesi i OJQ YAHR, z. Bekim Krasniqi, theksoi se r\u00ebnd\u00ebsia e pjes\u00ebmarrjes aktive t\u00eb rinis\u00eb n\u00eb aktivitete t\u00eb tilla, duke e vler\u00ebsuar si nj\u00eb mund\u00ebsi p\u00ebr t\u00eb sensibilizuar dhe p\u00ebr t\u00eb ndikuar pozitivisht n\u00eb komunitetin e tyre dhe n\u00eb m\u00ebnyr\u00ebn se si ata e shohin dhe e trajtojn\u00eb mjedisin.<\/p>\n\n\n\n<p>Duke p\u00ebrqafuar mesazhin e Dit\u00ebs s\u00eb Tok\u00ebs, OJQ YAHR dhe rinia e Lipjanit demonstruan p\u00ebrkushtimin e tyre ndaj mbrojtjes s\u00eb mjedisit dhe nd\u00ebrtimin e nj\u00eb shoq\u00ebrie m\u00eb t\u00eb mir\u00eb dhe m\u00eb t\u00eb p\u00ebrgjegjshme ndaj tok\u00ebs son\u00eb t\u00eb p\u00ebrbashk\u00ebt.<\/p>\n","protected":false},"excerpt":{"rendered":"<p>Lipjan,22 prill 2024: N\u00eb nj\u00eb nism\u00eb t\u00eb drejtuar nga Organizata Joqeveritare YAHR, rinia e Lipjanit u bashkua sot n\u00eb Parkun e Qytetit p\u00ebr t\u00eb sh\u00ebnuar Dit\u00ebn e Tok\u00ebs n\u00eb nj\u00eb m\u00ebnyr\u00eb t\u00eb ve\u00e7ant\u00eb &#8211; me nj\u00eb aktivitet ngjyrosjeje t\u00eb ul\u00ebsve. Pjes\u00ebmarrja e gjer\u00eb dhe angazhimi i ndjesh\u00ebm i t\u00eb rinjve u shfaq n\u00eb \u00e7do hap [&hellip;]<\/p>\n","protected":false},"author":2,"featured_media":450,"comment_status":"open","ping_status":"open","sticky":false,"template":"","format":"standard","meta":{"footnotes":""},"categories":[30],"tags":[],"class_list":{"0":"post-449","1":"post","2":"type-post","3":"status-publish","4":"format-standard","5":"has-post-thumbnail","7":"category-lipjani"},"aioseo_notices":[],"_links":{"self":[{"href":"https:\/\/gazeta-lipjani.info\/index.php\/wp-json\/wp\/v2\/posts\/449","targetHints":{"allow":["GET"]}}],"collection":[{"href":"https:\/\/gazeta-lipjani.info\/index.php\/wp-json\/wp\/v2\/posts"}],"about":[{"href":"https:\/\/gazeta-lipjani.info\/index.php\/wp-json\/wp\/v2\/types\/post"}],"author":[{"embeddable":true,"href":"https:\/\/gazeta-lipjani.info\/index.php\/wp-json\/wp\/v2\/users\/2"}],"replies":[{"embeddable":true,"href":"https:\/\/gazeta-lipjani.info\/index.php\/wp-json\/wp\/v2\/comments?post=449"}],"version-history":[{"count":1,"href":"https:\/\/gazeta-lipjani.info\/index.php\/wp-json\/wp\/v2\/posts\/449\/revisions"}],"predecessor-version":[{"id":451,"href":"https:\/\/gazeta-lipjani.info\/index.php\/wp-json\/wp\/v2\/posts\/449\/revisions\/451"}],"wp:featuredmedia":[{"embeddable":true,"href":"https:\/\/gazeta-lipjani.info\/index.php\/wp-json\/wp\/v2\/media\/450"}],"wp:attachment":[{"href":"https:\/\/gazeta-lipjani.info\/index.php\/wp-json\/wp\/v2\/media?parent=449"}],"wp:term":[{"taxonomy":"category","embeddable":true,"href":"https:\/\/gazeta-lipjani.info\/index.php\/wp-json\/wp\/v2\/categories?post=449"},{"taxonomy":"post_tag","embeddable":true,"href":"https:\/\/gazeta-lipjani.info\/index.php\/wp-json\/wp\/v2\/tags?post=449"}],"curies":[{"name":"wp","href":"https:\/\/api.w.org\/{rel}","templated":true}]}}