{"id":454,"date":"2024-05-29T15:57:32","date_gmt":"2024-05-29T13:57:32","guid":{"rendered":"https:\/\/gazeta-lipjani.info\/?p=454"},"modified":"2024-11-08T13:38:54","modified_gmt":"2024-11-08T12:38:54","slug":"sulmohet-drejtori-i-shkolles-fillore-ne-gadime-te-lipjanit-pasi-dyshohet-se-e-rrahu-nje-nxenes","status":"publish","type":"post","link":"https:\/\/gazeta-lipjani.info\/index.php\/2024\/05\/29\/sulmohet-drejtori-i-shkolles-fillore-ne-gadime-te-lipjanit-pasi-dyshohet-se-e-rrahu-nje-nxenes\/","title":{"rendered":"Sulmohet drejtori i shkoll\u00ebs fillore n\u00eb Gadime t\u00eb Lipjanit pasi dyshohet se e rrahu nj\u00eb nx\u00ebn\u00ebs"},"content":{"rendered":"\n<p><strong>Incidentet n\u00eb institucionet arsimore n\u00eb vendin ton\u00eb nuk jan\u00eb edhe fort t\u00eb rralla dhe n\u00eb shumic\u00ebn e k\u00ebtyre rasteve t\u00eb p\u00ebrfshir\u00eb jan\u00eb nx\u00ebn\u00ebsit.<\/strong><\/p>\n\n\n\n<p>Nj\u00eb rast i till\u00eb q\u00eb dyshohet se ndodhi dje n\u00eb nj\u00eb shkoll\u00eb n\u00eb Lipjan eskaloi edhe n\u00eb sulm ndaj drejtorit. Dy persona p\u00ebrfunduan n\u00eb Polici si t\u00eb dyshuar p\u00ebr rastin.<\/p>\n\n\n\n<p>Si\u00e7 merr vesh gazeta lipjani info, rasti ka ndodhur n\u00eb shkoll\u00ebn fillore \u201cZenel Hajdini\u201d n\u00eb fshatin Gadime e Ep\u00ebrme n\u00eb Lipjan.<\/p>\n\n\n\n<p>Drejtori i shkoll\u00ebs, Skender Ademi ka denoncuar se \u00ebsht\u00eb sulmuar nga dy persona n\u00eb oborrin e shkoll\u00ebs.<\/p>\n\n\n\n<p>N\u00eb baz\u00eb t\u00eb informacioneve t\u00eb para, dy t\u00eb dyshuarit t\u00eb cil\u00ebt jan\u00eb v\u00ebllez\u00ebr mes vete, e kan\u00eb rrahur drejtorin pasi dyshohej se i nj\u00ebjti e kishte sulmuar nj\u00eb nx\u00ebn\u00ebs.<\/p>\n","protected":false},"excerpt":{"rendered":"<p>Incidentet n\u00eb institucionet arsimore n\u00eb vendin ton\u00eb nuk jan\u00eb edhe fort t\u00eb rralla dhe n\u00eb shumic\u00ebn e k\u00ebtyre rasteve t\u00eb p\u00ebrfshir\u00eb jan\u00eb nx\u00ebn\u00ebsit. Nj\u00eb rast i till\u00eb q\u00eb dyshohet se ndodhi dje n\u00eb nj\u00eb shkoll\u00eb n\u00eb Lipjan eskaloi edhe n\u00eb sulm ndaj drejtorit. Dy persona p\u00ebrfunduan n\u00eb Polici si t\u00eb dyshuar p\u00ebr rastin. Si\u00e7 merr [&hellip;]<\/p>\n","protected":false},"author":2,"featured_media":455,"comment_status":"open","ping_status":"open","sticky":false,"template":"","format":"standard","meta":{"footnotes":""},"categories":[30],"tags":[],"class_list":{"0":"post-454","1":"post","2":"type-post","3":"status-publish","4":"format-standard","5":"has-post-thumbnail","7":"category-lipjani"},"aioseo_notices":[],"_links":{"self":[{"href":"https:\/\/gazeta-lipjani.info\/index.php\/wp-json\/wp\/v2\/posts\/454","targetHints":{"allow":["GET"]}}],"collection":[{"href":"https:\/\/gazeta-lipjani.info\/index.php\/wp-json\/wp\/v2\/posts"}],"about":[{"href":"https:\/\/gazeta-lipjani.info\/index.php\/wp-json\/wp\/v2\/types\/post"}],"author":[{"embeddable":true,"href":"https:\/\/gazeta-lipjani.info\/index.php\/wp-json\/wp\/v2\/users\/2"}],"replies":[{"embeddable":true,"href":"https:\/\/gazeta-lipjani.info\/index.php\/wp-json\/wp\/v2\/comments?post=454"}],"version-history":[{"count":1,"href":"https:\/\/gazeta-lipjani.info\/index.php\/wp-json\/wp\/v2\/posts\/454\/revisions"}],"predecessor-version":[{"id":456,"href":"https:\/\/gazeta-lipjani.info\/index.php\/wp-json\/wp\/v2\/posts\/454\/revisions\/456"}],"wp:featuredmedia":[{"embeddable":true,"href":"https:\/\/gazeta-lipjani.info\/index.php\/wp-json\/wp\/v2\/media\/455"}],"wp:attachment":[{"href":"https:\/\/gazeta-lipjani.info\/index.php\/wp-json\/wp\/v2\/media?parent=454"}],"wp:term":[{"taxonomy":"category","embeddable":true,"href":"https:\/\/gazeta-lipjani.info\/index.php\/wp-json\/wp\/v2\/categories?post=454"},{"taxonomy":"post_tag","embeddable":true,"href":"https:\/\/gazeta-lipjani.info\/index.php\/wp-json\/wp\/v2\/tags?post=454"}],"curies":[{"name":"wp","href":"https:\/\/api.w.org\/{rel}","templated":true}]}}