{"id":802,"date":"2024-11-07T18:42:31","date_gmt":"2024-11-07T17:42:31","guid":{"rendered":"https:\/\/gazeta-lipjani.info\/?p=802"},"modified":"2024-11-07T18:42:31","modified_gmt":"2024-11-07T17:42:31","slug":"liria-dhe-pafajesia-fitorja-e-shukri-bujes-pas-5-vjetesh-hetimesh-ne-hage","status":"publish","type":"post","link":"https:\/\/gazeta-lipjani.info\/index.php\/2024\/11\/07\/liria-dhe-pafajesia-fitorja-e-shukri-bujes-pas-5-vjetesh-hetimesh-ne-hage\/","title":{"rendered":"Liria dhe Pafaj\u00ebsia \u2013 Fitorja e Shukri Buj\u00ebs Pas 5 Vjet\u00ebsh Hetimesh n\u00eb Hag\u00eb"},"content":{"rendered":"\n<p>7 N\u00ebntor 2024: Pas nj\u00eb periudhe hetimesh t\u00eb pashembullt q\u00eb kan\u00eb zgjatur mbi pes\u00eb vjet, Shukri Buja, nj\u00eb nga ish-luft\u00ebtar\u00ebt m\u00eb t\u00eb njohur t\u00eb Ushtris\u00eb \u00c7lirimtare t\u00eb Kosov\u00ebs (U\u00c7K), ka marr\u00eb lajmin e shum\u00ebpritur: \u00ebsht\u00eb liruar nga t\u00eb gjitha akuzat e ngritura nga Prokuroria Speciale e Dhomave t\u00eb Specializuara t\u00eb Kosov\u00ebs n\u00eb Hag\u00eb. Ky proces hetimor, i cili ka nisur q\u00eb n\u00eb vitin 2019, ka p\u00ebrfunduar me nj\u00eb vendim q\u00eb shpall pafaj\u00ebsin\u00eb e tij, duke v\u00ebrtetuar k\u00ebshtu jo vet\u00ebm past\u00ebrtin\u00eb e tij personale, por edhe lavdin\u00eb dhe drejt\u00ebsin\u00eb e luft\u00ebs \u00e7lirimtare t\u00eb popullit shqiptar t\u00eb Kosov\u00ebs.<\/p>\n\n\n\n<p>N\u00eb nj\u00eb deklarat\u00eb t\u00eb tij pas lajmit t\u00eb lirimit, Shukri Buja shprehu mir\u00ebnjohjen e thell\u00eb ndaj t\u00eb gjith\u00eb atyre q\u00eb kontribuan n\u00eb k\u00ebt\u00eb fitore, p\u00ebrfshir\u00eb avokat\u00ebt e tij Sir Geoffrey Nice dhe Taulant Hodaj, t\u00eb cil\u00ebt, sipas tij, luajt\u00ebn nj\u00eb rol t\u00eb r\u00ebnd\u00ebsish\u00ebm n\u00eb mbylljen e hetimeve p\u00ebr munges\u00eb provash. Ata insistuan q\u00eb procesi t\u00eb ndalonte, duke v\u00ebn\u00eb n\u00eb dukje se nuk kishte asnj\u00eb baz\u00eb t\u00eb fort\u00eb ligjore p\u00ebr t\u00eb vazhduar akuzat. Kjo ka qen\u00eb nj\u00eb fitore e madhe p\u00ebr t\u00eb gjith\u00eb ata q\u00eb e besuan pafaj\u00ebsin\u00eb e tij dhe p\u00ebr t\u00eb gjith\u00eb popullin e Kosov\u00ebs q\u00eb ka kaluar n\u00ebp\u00ebr peripeci t\u00eb tmerrshme p\u00ebr t\u00eb fituar lirin\u00eb.<\/p>\n\n\n\n<p>\u201cKy \u00ebsht\u00eb rasti i par\u00eb i mbyllur p\u00ebr veprat penale t\u00eb krimeve t\u00eb luft\u00ebs t\u00eb hetuara nga kjo Prokurori n\u00eb m\u00ebnyr\u00eb zyrtare,\u201d tha Buja. \u201cBesoj se ky rast do t\u00eb kontribuoj\u00eb q\u00eb drejt\u00ebsia t\u00eb thot\u00eb fjal\u00ebn e fundit p\u00ebr bashk\u00ebluft\u00ebtar\u00ebt tan\u00eb q\u00eb ende gjenden n\u00eb Hag\u00eb dhe shpresoj q\u00eb edhe ata t\u00eb kthehen faqebardh\u00eb dhe fitimtar\u00eb sa m\u00eb shpejt\u00eb.\u201d<\/p>\n\n\n\n<p>N\u00eb mes t\u00eb k\u00ebsaj fitorje, Buja kujtoi gjithashtu q\u00eb lufta e popullit shqiptar ka qen\u00eb nj\u00eb luft\u00eb e drejt\u00eb dhe e ligjshme p\u00ebr liri, kund\u00ebr nj\u00eb pushtuesi q\u00eb ka kryer krime t\u00eb r\u00ebnda ndaj popullit t\u00eb Kosov\u00ebs. Ai tha se lufta \u00e7lirimtare e Ushtris\u00eb \u00c7lirimtare t\u00eb Kosov\u00ebs ishte nj\u00eb p\u00ebrpjekje e nevojshme dhe legjitime p\u00ebr t\u00eb shp\u00ebtuar popullin e tij nga represioni dhe masakrat serbe.<\/p>\n\n\n\n<p>\u201cLufta jon\u00eb, si popull, ka qen\u00eb nj\u00eb p\u00ebrpjekje e drejt\u00eb dhe legjitime p\u00ebr liri kund\u00ebr okupatorit serbo-jugosllav, t\u00eb cil\u00ebt kan\u00eb kryer krime t\u00eb r\u00ebnda ndaj popullit ton\u00eb,\u201d shprehet Buja n\u00eb deklarat\u00ebn e tij. \u201cKy realitet u v\u00ebrtetua nga rasti im dhe shpresoj se do t\u00eb v\u00ebrtetohet gjithashtu edhe nga rasti i bashk\u00ebluft\u00ebtar\u00ebve tan\u00eb q\u00eb po p\u00ebrballen ende me proceset n\u00eb Hag\u00eb.\u201d<\/p>\n\n\n\n<p>N\u00eb fund, Buja i shprehu mir\u00ebnjohjen e tij t\u00eb pafund ndaj familjes, qytetar\u00ebve t\u00eb Kosov\u00ebs dhe t\u00eb gjith\u00eb atyre q\u00eb e mb\u00ebshtet\u00ebn gjat\u00eb k\u00ebtyre pes\u00eb viteve t\u00eb v\u00ebshtira. \u201cNj\u00eb fal\u00ebnderim i ve\u00e7ant\u00eb shkon p\u00ebr familjen time p\u00ebr mb\u00ebshtetje t\u00eb pal\u00ebkundur gjat\u00eb k\u00ebtyre viteve, p\u00ebr qytetar\u00ebt e Republik\u00ebs s\u00eb Kosov\u00ebs q\u00eb m\u00eb mb\u00ebshtet\u00ebn dhe m\u00eb besuan, si dhe p\u00ebr avokat\u00ebt e mi p\u00ebr angazhimin dhe kontributin e tyre t\u00eb pand\u00ebrprer\u00eb deri n\u00eb epilogun e k\u00ebtij rasti.\u201d<\/p>\n\n\n\n<p>Pas k\u00ebtij vendimi t\u00eb r\u00ebnd\u00ebsish\u00ebm, Shukri Buja k\u00ebrkon q\u00eb kjo fitore t\u00eb sh\u00ebrbej\u00eb si nj\u00eb drit\u00eb shprese dhe nj\u00eb mesazh p\u00ebr t\u00eb gjith\u00eb ata q\u00eb jan\u00eb akuzuar padrejt\u00ebsisht p\u00ebr krime t\u00eb luft\u00ebs. Ai beson se ky \u00ebsht\u00eb nj\u00eb hap i r\u00ebnd\u00ebsish\u00ebm drejt drejt\u00ebsis\u00eb dhe do t\u00eb kontribuoj\u00eb n\u00eb kthimin e dinjitetit dhe nderit t\u00eb \u00e7do bashk\u00ebluft\u00ebtari q\u00eb ka luftuar p\u00ebr lirin\u00eb e Kosov\u00ebs.<\/p>\n\n\n\n<p>Fitorja e Shukri Buj\u00ebs, n\u00eb nj\u00eb koh\u00eb kur ende shum\u00eb ish-luft\u00ebtar\u00eb t\u00eb U\u00c7K-s\u00eb p\u00ebrballen me akuzat n\u00eb Hag\u00eb, \u00ebsht\u00eb nj\u00eb simbol i fuqish\u00ebm i p\u00ebrpjekjes p\u00ebr drejt\u00ebsi dhe p\u00ebrpjekjeve t\u00eb pakursyera p\u00ebr t\u00eb v\u00ebrtetuar se lufta \u00e7lirimtare e Kosov\u00ebs ishte nj\u00eb luft\u00eb p\u00ebr liri dhe drejt\u00ebsi.<\/p>\n","protected":false},"excerpt":{"rendered":"<p>7 N\u00ebntor 2024: Pas nj\u00eb periudhe hetimesh t\u00eb pashembullt q\u00eb kan\u00eb zgjatur mbi pes\u00eb vjet, Shukri Buja, nj\u00eb nga ish-luft\u00ebtar\u00ebt m\u00eb t\u00eb njohur t\u00eb Ushtris\u00eb \u00c7lirimtare t\u00eb Kosov\u00ebs (U\u00c7K), ka marr\u00eb lajmin e shum\u00ebpritur: \u00ebsht\u00eb liruar nga t\u00eb gjitha akuzat e ngritura nga Prokuroria Speciale e Dhomave t\u00eb Specializuara t\u00eb Kosov\u00ebs n\u00eb Hag\u00eb. Ky proces [&hellip;]<\/p>\n","protected":false},"author":2,"featured_media":803,"comment_status":"open","ping_status":"open","sticky":false,"template":"","format":"standard","meta":{"footnotes":""},"categories":[12,30],"tags":[],"class_list":{"0":"post-802","1":"post","2":"type-post","3":"status-publish","4":"format-standard","5":"has-post-thumbnail","7":"category-kosova","8":"category-lipjani"},"aioseo_notices":[],"_links":{"self":[{"href":"https:\/\/gazeta-lipjani.info\/index.php\/wp-json\/wp\/v2\/posts\/802","targetHints":{"allow":["GET"]}}],"collection":[{"href":"https:\/\/gazeta-lipjani.info\/index.php\/wp-json\/wp\/v2\/posts"}],"about":[{"href":"https:\/\/gazeta-lipjani.info\/index.php\/wp-json\/wp\/v2\/types\/post"}],"author":[{"embeddable":true,"href":"https:\/\/gazeta-lipjani.info\/index.php\/wp-json\/wp\/v2\/users\/2"}],"replies":[{"embeddable":true,"href":"https:\/\/gazeta-lipjani.info\/index.php\/wp-json\/wp\/v2\/comments?post=802"}],"version-history":[{"count":1,"href":"https:\/\/gazeta-lipjani.info\/index.php\/wp-json\/wp\/v2\/posts\/802\/revisions"}],"predecessor-version":[{"id":804,"href":"https:\/\/gazeta-lipjani.info\/index.php\/wp-json\/wp\/v2\/posts\/802\/revisions\/804"}],"wp:featuredmedia":[{"embeddable":true,"href":"https:\/\/gazeta-lipjani.info\/index.php\/wp-json\/wp\/v2\/media\/803"}],"wp:attachment":[{"href":"https:\/\/gazeta-lipjani.info\/index.php\/wp-json\/wp\/v2\/media?parent=802"}],"wp:term":[{"taxonomy":"category","embeddable":true,"href":"https:\/\/gazeta-lipjani.info\/index.php\/wp-json\/wp\/v2\/categories?post=802"},{"taxonomy":"post_tag","embeddable":true,"href":"https:\/\/gazeta-lipjani.info\/index.php\/wp-json\/wp\/v2\/tags?post=802"}],"curies":[{"name":"wp","href":"https:\/\/api.w.org\/{rel}","templated":true}]}}